{"id":491,"date":"2015-04-08T22:58:17","date_gmt":"2015-04-09T02:58:17","guid":{"rendered":"http:\/\/sporek.com\/blog\/?p=491"},"modified":"2015-04-12T02:14:32","modified_gmt":"2015-04-12T06:14:32","slug":"normalnosc%e2%80%a6","status":"publish","type":"post","link":"https:\/\/sporek.com\/blog\/?p=491","title":{"rendered":"Normalno\u015b\u0107\u2026?"},"content":{"rendered":"<p><span style=\"color: #000000; font-family: Verdana; font-size: 13px; font-style: normal; font-variant: normal; font-weight: normal; text-decoration: none; vertical-align: baseline; background-color: transparent\">Kampania wyborcza ju\u017c schodzi w okolice pasa, a niebawem znajdzie sie bardzo poni\u017cej i robi si\u0119 niesmacznie. Tym razem to nie PiS, nie organizacje przeciw rz\u0105dowe, nie spo\u0142eczna opozycja, ale sami rz\u0105dz\u0105cy postanowili zagra\u0107 kart\u0105 smole\u0144sk\u0105, a ja mam nadziej\u0119, \u017ce PiS tej prowokacji nie podejmie. <!--more-->Sta\u0142o si\u0119 ju\u017c jednak tak, \u017ce cz\u0119\u015b\u0107 spo\u0142ecze\u0144stwa bez chwili zastanowienia \u201ckupi\u0142a\u201d te &#8222;sensacje&#8221;. Pomin\u0119 fakt, \u017ce \u201codkrycia\u201d na temat katastrofy smole\u0144skiej ujawnione kilka dni temu \u015bmierdz\u0105 bzdur\u0105 na kilometr, pomin\u0119 pod\u0142o\u015b\u0107 tych, kt\u00f3rzy to nag\u0142a\u015bniaj\u0105, ale trudno nie zastanowi\u0107 si\u0119, co sprawia, \u017ce zwykli ludzie bior\u0105 te \u201crewelacje\u201d za prawd\u0119? G\u0142upota, wrogo\u015b\u0107 do PiSu, mi\u0142o\u015b\u0107 do rz\u0105dz\u0105cej ekipy? Trudno uwierzy\u0107, \u017ce zwykli ludzie, kt\u00f3rzy na codzie\u0144 maj\u0105 \u201ctak\u201d za \u201ctak\u201d, \u201cnie\u201d, za \u201cnie\u201d, na przyk\u0142ad w kwestiach rodzinnych, w relacjach mi\u0119dzy przyjaci\u00f3\u0142mi, znajomymi, nagle odrzucaj\u0105 te warto\u015bci i bezkrytycznie daj\u0105 wiar\u0119 nowym informacjom. A jeszcze trudniej uwierzy\u0107 w komentarze dotycz\u0105ce ksi\u0105\u017cki \u00a0Jurgena Rotha, \u201cTajny dokument\u201d, (<\/span><span style=\"color: #000000; font-family: Verdana; font-size: 13px; font-style: italic; font-variant: normal; font-weight: normal; text-decoration: none; vertical-align: baseline; background-color: transparent\">Katastrofa smole\u0144ska, to nie by\u0142 wypadek<\/span><span style=\"color: #000000; font-family: Verdana; font-size: 13px; font-style: normal; font-variant: normal; font-weight: normal; text-decoration: none; vertical-align: baseline; background-color: transparent\">), czy ksi\u0105\u017cki Ma\u0142gorzaty Wassermann, \u201cZamach na prawd\u0119\u201d. Mam znajomych, kt\u00f3rzy bez wzi\u0119cia oddechu nazywaj\u0105 te publikacje \u201ctakimi tam bzdurami\u201d. Id\u0105 wybory, trzeba zagra\u0107 \u201csmole\u0144sk\u0105 kart\u0105\u201d, skoro PiS tego nie robi. Pod\u0142e do granic mo\u017cliwo\u015bci.<\/span><\/p>\n<p><strong style=\"font-weight: normal\"><\/p>\n<p dir=\"ltr\" style=\"line-height: 1.38; margin-top: 0pt; margin-bottom: 0pt\"><span style=\"color: #000000; font-family: Verdana; font-size: 13px; font-style: normal; font-variant: normal; font-weight: normal; text-decoration: none; vertical-align: baseline; background-color: transparent\">Po pi\u0119ciu latach jeste\u015bmy \u015bwiadkami \u201cnowych\u201d odczyt\u00f3w i nawet przez sekund\u0119 nie chcemy si\u0119 zastanowi\u0107, czy te \u201cnowe\u201d odczyty maj\u0105 jakikolwiek logiczny sens? Ukaza\u0142y si\u0119 raporty Anodiny, Millera, Laska. I co? &#8211; Pi\u0119\u0107 lat p\u00f3\u017aniej wszystko to psu na bud\u0119, bo by\u0142o jeszcze gorzej? Bo by\u0142o tak, jak g\u0142osi\u0142y plotki? Jak sugerowa\u0142y s\u0142ugusy Putina? Bo znaleziono nowe sensacje? Bo s\u0105 nowe obci\u0105\u017cenia pilot\u00f3w? Bo wreszcie nowe bzdury zaprzeczaj\u0105 temu, co og\u0142osi\u0142y poprzednie komisje? Dlaczego Genera\u0142 B\u0142asik ma, na si\u0142\u0119 by\u0107 odpowiedzialny za t\u0119 katastrof\u0119? Mo\u017ce w\u0142a\u015bnie dlatego, \u017ce coraz wyra\u017aniej wida\u0107 winnych?. Sk\u0105d Sikorski, wiedzia\u0142, \u017ce \u201cwszyscy zgin\u0119li\u201d? I to w kilka minut po katastrofie? Sk\u0105d si\u0119 wzi\u0119\u0142o s\u0142ynne <\/span><span style=\"color: #000000; font-family: Verdana; font-size: 13px; font-style: italic; font-variant: normal; font-weight: normal; text-decoration: none; vertical-align: baseline; background-color: transparent\">\u201cPrezydent gdzie\u015b poleci i wszystko mo\u017ce si\u0119 zmieni\u0107<\/span><span style=\"color: #000000; font-family: Verdana; font-size: 13px; font-style: normal; font-variant: normal; font-weight: normal; text-decoration: none; vertical-align: baseline; background-color: transparent\">\u201d, wypowiedziane przez Komorowskiego w wywiadzie dla radia? K\u0142amstwa Ewy Kopacz, niedopuszczenie polskich lekarzy do sekcji, pomylone trumny, i tak dalej i tak dalej. Setki perfidnych k\u0142amstw, na kt\u00f3re zgodzi\u0142o si\u0119 zastraszone spo\u0142ecze\u0144stwo. Ale nie tylko to zastraszone, r\u00f3wnie\u017c ta jego cz\u0119\u015b\u0107, kt\u00f3ra ma w nosie Polsk\u0119; z wielu przyczyn. Jedni, bo im si\u0119 trafi\u0142a koniunktura, inni z wygody: <\/span><span style=\"color: #000000; font-family: Verdana; font-size: 13px; font-style: italic; font-variant: normal; font-weight: normal; text-decoration: none; vertical-align: baseline; background-color: transparent\">mam robot\u0119, za chwil\u0119 emerytura, co mi tam jakie\u015b katastrofy.<\/span><\/p>\n<p dir=\"ltr\" style=\"line-height: 1.38; margin-top: 0pt; margin-bottom: 0pt\"><span style=\"color: #000000; font-family: Verdana; font-size: 13px; font-style: normal; font-variant: normal; font-weight: normal; text-decoration: none; vertical-align: baseline; background-color: transparent\">Polska, to NORMALNO\u015a\u0106?: Niemcy nas napadli, w ci\u0105gu pi\u0119ciu lat zniszczyli 80% procent Warszawy, p\u00f3\u0142 kraju, wymordowali miliony Polak\u00f3w &#8211; my musimy ponosi\u0107 konsekwencje. Niemcy dokonali holocaustu na \u017cydach, &#8211; my mamy \u017cydom zap\u0142aci\u0107 60 miliard\u00f3w; proces kat\u00f3w komunistycznych trwa do dzi\u015b, \u017caden nie zostal ukarany, &#8211; procesy trwaj\u0105ce 30 lat. Dla por\u00f3wnania: proces Ceau\u0219escu trwa\u0142\u2026 p\u00f3\u0142torej godziny; aferzy\u015bci chodz\u0105 na wolno\u015bci, ciesz\u0105 si\u0119 dobrobytem, a s\u0105dy skazuj\u0105 tych, kt\u00f3rzy aferzyst\u00f3w \u015bcigaj\u0105. Czy\u017c trzeba wymienia\u0107 ca\u0142y ten szereg nienormalno\u015bci? Czy spo\u0142ecze\u0144stwo tego nie widzi? Prosz\u0119 bardzo: rz\u0105d, kt\u00f3ry nie dotrzyma\u0142 ani jednej obietnicy przedwyborczej, wr\u0119cz odwrotnie: podni\u00f3s\u0142 podatki, wyd\u0142u\u017cy\u0142 lata pracy, wybudowa\u0142 najdro\u017cszy stadion \u015bwiata, zainstalowa\u0142 najwi\u0119ksz\u0105 w historii ilo\u015b\u0107 radar\u00f3w, wyprzeda\u0142 maj\u0105tek pa\u0144stwowy i w\u015bcieka si\u0119, bo nie wyszed\u0142 skok na lasy, pods\u0142uchiwani ministrowie, skompromitowni do cna, ale nadal pe\u0142ni\u0105 swoje obowi\u0105zki, bior\u0105 pot\u0119\u017cn\u0105 kas\u0119, \u0142ap\u00f3wkarstwo, korupcja. I nic. Jak to si\u0119 dzia\u0142o, \u017ce wszyscy tak ch\u0119tnie dobierali si\u0119 kiedy\u015b do sk\u00f3ry Gierkowi? Tak odwa\u017cnie mi\u0119dzy sob\u0105, w zamkni\u0119tych kr\u0119gach krytykowali, wyliczali b\u0142\u0119dy. Dzi\u015b ci sami ludzie m\u00f3wi\u0105, \u017ce wszystko jest w porz\u0105dku, albo, \u017ce ich to ju\u017c nie obchodzi. Co si\u0119 sta\u0142o z Polakami? Og\u0142uchli, o\u015blepli? Wybory za pasem, a wyniki poprzednich wybor\u00f3w nadal nieznane. To jest normalny kraj?Przypomnijmy sobie Prezydenta, kt\u00f3ry chcia\u0142 &#8222;\u017ceby Polska byla Polsk\u0105&#8221;. To ju\u017c pi\u0119\u0107 lat od dnia, w kt\u00f3rym zosta\u0142 zamordowany:<\/span><\/p>\n<p dir=\"ltr\" style=\"line-height: 1.38; margin-top: 0pt; margin-bottom: 0pt\"><span style=\"color: #000000; font-family: Verdana; font-size: 13px; font-style: normal; font-variant: normal; font-weight: normal; text-decoration: none; vertical-align: baseline; background-color: transparent\"><a href=\"http:\/\/www.smolenskcrashnews.com\/the-president-a-documentary-about-lech-kaczynski-polish-president.html\" target=\"_blank\" style=\"font-size: 12pt\"><font color=\"#0072c6\">http:\/\/www.smolenskcrashnews.com\/the-president-a-documentary-about-lech-kaczynski-polish-president.html<\/font><\/a><\/span><\/p>\n<p class=\"ecxMsoNormal\"><strong><strong><font face=\"Calibri\" size=\"3\"><span style=\"font-family: 'Calibri','sans-serif'; font-size: 12pt\" lang=\"PL\">ZOBACZ WYWIAD Z JURGENEM ROTHEM &#8211; <\/span><\/font><\/strong><\/strong><strong><strong><font face=\"Calibri\" size=\"4\"><span style=\"font-family: 'Calibri','sans-serif'; font-size: 14pt; font-weight: normal\" lang=\"PL\">niemiecki dziennikarz \u015bledczy J\u00fcrgen Roth:<\/span><\/font><\/strong><\/strong><\/p>\n<p class=\"ecxMsoNormal\"><strong><strong><font face=\"Calibri\" size=\"4\"><span style=\"font-family: 'Calibri','sans-serif'; font-size: 14pt; font-weight: normal\" lang=\"PL\"><\/span><\/font><\/strong><\/strong><font color=\"#0072c6\" face=\"Calibri\" size=\"3\"><span style=\"font-family: 'Calibri','sans-serif'; font-size: 12pt\"><a href=\"https:\/\/www.youtube.com\/watch?t=64&amp;v=qPh6iZeX4GE\" target=\"_blank\"><span lang=\"PL\">https:\/\/www.youtube.com\/watch?t=64&amp;v=qPh6iZeX4GE<\/span><\/a><\/span><\/font><span> <\/span><\/p>\n<p><\/strong><\/p>\n","protected":false},"excerpt":{"rendered":"<p>Kampania wyborcza ju\u017c schodzi w okolice pasa, a niebawem znajdzie sie bardzo poni\u017cej i robi si\u0119 niesmacznie. Tym razem to nie PiS, nie organizacje przeciw rz\u0105dowe, nie spo\u0142eczna opozycja, ale sami rz\u0105dz\u0105cy postanowili zagra\u0107 kart\u0105 smole\u0144sk\u0105, a ja mam nadziej\u0119, \u017ce PiS tej prowokacji nie podejmie.<\/p>\n","protected":false},"author":2,"featured_media":0,"comment_status":"open","ping_status":"open","sticky":false,"template":"","format":"standard","meta":[],"categories":[4],"tags":[],"_links":{"self":[{"href":"https:\/\/sporek.com\/blog\/index.php?rest_route=\/wp\/v2\/posts\/491"}],"collection":[{"href":"https:\/\/sporek.com\/blog\/index.php?rest_route=\/wp\/v2\/posts"}],"about":[{"href":"https:\/\/sporek.com\/blog\/index.php?rest_route=\/wp\/v2\/types\/post"}],"author":[{"embeddable":true,"href":"https:\/\/sporek.com\/blog\/index.php?rest_route=\/wp\/v2\/users\/2"}],"replies":[{"embeddable":true,"href":"https:\/\/sporek.com\/blog\/index.php?rest_route=%2Fwp%2Fv2%2Fcomments&post=491"}],"version-history":[{"count":0,"href":"https:\/\/sporek.com\/blog\/index.php?rest_route=\/wp\/v2\/posts\/491\/revisions"}],"wp:attachment":[{"href":"https:\/\/sporek.com\/blog\/index.php?rest_route=%2Fwp%2Fv2%2Fmedia&parent=491"}],"wp:term":[{"taxonomy":"category","embeddable":true,"href":"https:\/\/sporek.com\/blog\/index.php?rest_route=%2Fwp%2Fv2%2Fcategories&post=491"},{"taxonomy":"post_tag","embeddable":true,"href":"https:\/\/sporek.com\/blog\/index.php?rest_route=%2Fwp%2Fv2%2Ftags&post=491"}],"curies":[{"name":"wp","href":"https:\/\/api.w.org\/{rel}","templated":true}]}}