{"id":492,"date":"2015-04-09T21:36:46","date_gmt":"2015-04-10T01:36:46","guid":{"rendered":"http:\/\/sporek.com\/blog\/?p=492"},"modified":"2015-04-18T22:37:02","modified_gmt":"2015-04-19T02:37:02","slug":"wybory-info","status":"publish","type":"post","link":"https:\/\/sporek.com\/blog\/?p=492","title":{"rendered":"Wybory &#8211; info"},"content":{"rendered":"<p><span style=\"color: #000000; font-family: Verdana; font-size: 13px; font-style: normal; font-variant: normal; font-weight: normal; text-decoration: none; vertical-align: baseline; background-color: transparent\">Drodzy Rodacy; &#8211; 10 maja br, wybieramy prezydenta naszej Ojczyzny. <!--more-->Jak zawsze, tak i tym razem my, tutaj, w Stanach b\u0119dziemy g\u0142osowa\u0107 w sobot\u0119, 9 maja. Poni\u017cszy link daje kompletn\u0105 informacj\u0119 na temat warunk\u00f3w, jakie musimy spe\u0142ni\u0107, aby g\u0142osowa\u0107 oraz informacje ustawodawcze dotyczace procedur wyborczych.<\/span><\/p>\n<p><strong style=\"font-weight: normal\"><\/p>\n<p dir=\"ltr\" style=\"line-height: 1.38; margin-top: 0pt; margin-bottom: 0pt\"><a href=\"http:\/\/www.greenpointpl.com\/wyborcze-abc-polaka-za-granica\/\" style=\"text-decoration: none\"><span style=\"color: #0072c6; font-family: Verdana; font-size: 13px; font-style: normal; font-variant: normal; font-weight: normal; text-decoration: underline; vertical-align: baseline; background-color: transparent\">http:\/\/www.greenpointpl.com\/wyborcze-abc-polaka-za-granica\/<\/span><\/a><\/p>\n<p dir=\"ltr\" style=\"line-height: 1.38; margin-top: 0pt; margin-bottom: 0pt\"><span style=\"color: #000000; font-family: Verdana; font-size: 13px; font-style: normal; font-variant: normal; font-weight: normal; text-decoration: none; vertical-align: baseline; background-color: transparent\">Nie ma jeszcze informacji o komisjach wyborczych &#8211; ilo\u015b\u0107, lokalizacja. Jak tylko ta informacja zostanie podana do publicznej wiadomo\u015bci, natychmiast zamieszcz\u0119 j\u0105 na moim blogu, jak te\u017c i na moim profilu Facebook. Wzorem lat ubieg\u0142ych b\u0119d\u0119 znowu pomaga\u0142 w rejestracji tym z Pa\u0144stwa, kt\u00f3rzy nie maj\u0105 czasu pojecha\u0107 do Konsulatu, aby si\u0119 zarejstrowa\u0107 si\u0119 osobi\u015bcie. Konsularna linia telefoniczna mo\u017ce by\u0107 obci\u0105\u017cona, b\u0119dziecie si\u0119 Pa\u0144stwo denerwowa\u0107. Prosz\u0119 bez skr\u0119powania dzwoni\u0107. W poprzednich wyborach prezydenkich prawie 200 os\u00f3b skorzysta\u0142o z mojej pomocy. Chodzi przede wszystkim o to, aby\u015bmy wzi\u0119li masowy, jak najwi\u0119kszy udzia\u0142w wyborach. <\/span><span style=\"color: #000000; font-family: Verdana; font-size: 13px; font-style: normal; font-variant: normal; font-weight: normal; text-decoration: none; vertical-align: baseline; background-color: transparent\">Od razu podaj\u0119 \u00a0m\u00f3j telefon: 718-486-6780<\/span><\/p>\n<p dir=\"ltr\" style=\"line-height: 1.38; margin-top: 0pt; margin-bottom: 0pt\"><span style=\"color: #000000; font-family: Verdana; font-size: 13px; font-style: normal; font-variant: normal; font-weight: normal; text-decoration: none; vertical-align: baseline; background-color: transparent\">Pami\u0119tajmy, co potrzebne jest do rejestracji: <\/span><\/p>\n<p dir=\"ltr\" style=\"line-height: 1.38; margin-top: 0pt; margin-bottom: 0pt\"><span style=\"color: #000000; font-family: Verdana; font-size: 13px; font-style: normal; font-variant: normal; font-weight: normal; text-decoration: none; vertical-align: baseline; background-color: transparent\">Imi\u0119 (imiona), nazwisko<\/span><\/p>\n<p dir=\"ltr\" style=\"line-height: 1.38; margin-top: 0pt; margin-bottom: 0pt\"><span style=\"color: #000000; font-family: Verdana; font-size: 13px; font-style: normal; font-variant: normal; font-weight: normal; text-decoration: none; vertical-align: baseline; background-color: transparent\">Imi\u0119 ojca<\/span><\/p>\n<p dir=\"ltr\" style=\"line-height: 1.38; margin-top: 0pt; margin-bottom: 0pt\"><span style=\"color: #000000; font-family: Verdana; font-size: 13px; font-style: normal; font-variant: normal; font-weight: normal; text-decoration: none; vertical-align: baseline; background-color: transparent\">Data urodzenia<\/span><\/p>\n<p dir=\"ltr\" style=\"line-height: 1.38; margin-top: 0pt; margin-bottom: 0pt\"><span style=\"color: #000000; font-family: Verdana; font-size: 13px; font-style: normal; font-variant: normal; font-weight: normal; text-decoration: none; vertical-align: baseline; background-color: transparent\">Aktualny paszport -numer<\/span><\/p>\n<p dir=\"ltr\" style=\"line-height: 1.38; margin-top: 0pt; margin-bottom: 0pt\"><span style=\"color: #000000; font-family: Verdana; font-size: 13px; font-style: normal; font-variant: normal; font-weight: normal; text-decoration: none; vertical-align: baseline; background-color: transparent\">dok\u0142adny adres zamieszkania<\/span><\/p>\n<p dir=\"ltr\" style=\"line-height: 1.38; margin-top: 0pt; margin-bottom: 0pt\"><span style=\"color: #000000; font-family: Verdana; font-size: 13px; font-style: normal; font-variant: normal; font-weight: normal; text-decoration: none; vertical-align: baseline; background-color: transparent\">Numer ewidencyjny PESEL (nowe paszporty zawieraj\u0105 ten numer, wi\u0119c nie ma problemu).<\/span><\/p>\n<p dir=\"ltr\" style=\"line-height: 1.38; margin-top: 0pt; margin-bottom: 0pt\"><span style=\"color: #000000; font-family: Verdana; font-size: 13px; font-style: normal; font-variant: normal; font-weight: normal; text-decoration: none; vertical-align: baseline; background-color: transparent\">Prosz\u0119 przeczytac informacje pod powy\u017cej przytoczonym linkiem i przygotowa\u0107 si\u0119. <\/span><\/p>\n<p dir=\"ltr\" style=\"line-height: 1.38; margin-top: 0pt; margin-bottom: 0pt\"><span style=\"color: #000000; font-family: Verdana; font-size: 13px; font-style: normal; font-variant: normal; font-weight: normal; text-decoration: none; vertical-align: baseline; background-color: transparent\">Ka\u017cdy g\u0142os si\u0119 liczy, Udzia\u0142 w wyborach jest najwa\u017cniejszym przywilejem i prawem ka\u017cdego obywatela. Wielu ludzi m\u00f3wi: \u201c<\/span><span style=\"color: #000000; font-family: Verdana; font-size: 13px; font-style: italic; font-variant: normal; font-weight: normal; text-decoration: none; vertical-align: baseline; background-color: transparent\">A, nie ma sensu, i tak m\u00f3j g\u0142os niczego nie zmieni<\/span><span style=\"color: #000000; font-family: Verdana; font-size: 13px; font-style: normal; font-variant: normal; font-weight: normal; text-decoration: none; vertical-align: baseline; background-color: transparent\">\u201d.<\/span><\/p>\n<p dir=\"ltr\" style=\"line-height: 1.38; margin-top: 0pt; margin-bottom: 0pt\"><span style=\"color: #000000; font-family: Verdana; font-size: 13px; font-style: normal; font-variant: normal; font-weight: normal; text-decoration: none; vertical-align: baseline; background-color: transparent\">Prosz\u0119 jednak zda\u0107 sobie spraw\u0119 z tego, \u017ce im mniej g\u0142osuj\u0105cych, tym wi\u0119ksze szanse na sfa\u0142szowanie wybor\u00f3w. Wybory prezydenckie rzuc\u0105 pewne \u015bwiat\u0142o na perspektyw\u0119 wybor\u00f3w parlamentarnych, dlatego tak ogromnie wa\u017cne jest, kogo wybierzemy na to stanowisko.<\/span><\/p>\n<p dir=\"ltr\" style=\"line-height: 1.38; margin-top: 0pt; margin-bottom: 0pt\"><span style=\"color: #000000; font-family: Verdana; font-size: 13px; font-style: normal; font-variant: normal; font-weight: normal; text-decoration: none; vertical-align: baseline; background-color: transparent\">Stanowisko najbardziej reprezentacyjne mi\u0119dzynarodowo, ale te\u017c i prezydent ma te swoje uprawnienia do podpisywania ustaw lub ich odrzucania.<\/span><\/p>\n<p dir=\"ltr\" style=\"line-height: 1.38; margin-top: 0pt; margin-bottom: 0pt\"><span style=\"color: #000000; font-family: Verdana; font-size: 13px; font-style: normal; font-variant: normal; font-weight: normal; text-decoration: none; vertical-align: baseline; background-color: transparent\">Im wi\u0119cej ludzi spoza kr\u0119gu administracyjnego we\u017amie udzia\u0142 w wyborach, tym wi\u0119ksze szanse, \u017ce ten rz\u0105d zostanie wreszcie usuni\u0119ty. <\/span><\/p>\n<p dir=\"ltr\" style=\"line-height: 1.38; margin-top: 0pt; margin-bottom: 0pt\"><span style=\"color: #000000; font-family: Verdana; font-size: 13px; font-style: normal; font-variant: normal; font-weight: normal; text-decoration: none; vertical-align: baseline; background-color: transparent\">Na koniec fantastyczna gra, robi\u0105ca coraz wi\u0119ksz\u0105 furor\u0119 w Internecie\u00a0na temat &#8222;przywr\u00f3cenia pami\u0119ci obecnemu prezydentowi&#8221;. Z jednej strony rozrywka, z drugiej szalenie pouczaj\u0105ce informacje o tym, co zrobi\u0142, nie zrobi\u0142, kim jest w og\u00f3le, a kim m\u00f3wi\u0142, \u017ce b\u0119dzie Bronis\u0142aw Komorowski. Mi\u0142ej zabawy.<\/span><\/p>\n<p dir=\"ltr\" style=\"line-height: 1.38; margin-top: 0pt; margin-bottom: 0pt\"><span style=\"font-family: 'Times New Roman','serif'; font-size: 14pt\"><a href=\"http:\/\/t.co\/1TzhHC5ypf\" target=\"_blank\" title=\"http:\/\/wpolityce.pl\/polityka\/239564-uwaga-i-ty-mozesz-przywrocic-komorowskiemu-pamiec-wyjatkowy-test\"><span lang=\"PL\"><font color=\"#0072c6\">wpolityce.pl\/polityka\/239564-uwaga-i-ty-mozesz-przywrocic-komorowskiemu-pamiec-wyjatkowy-test\u00a0\u2026<\/font><\/span><\/a><\/span><\/p>\n<p><\/strong><\/p>\n","protected":false},"excerpt":{"rendered":"<p>Drodzy Rodacy; &#8211; 10 maja br, wybieramy prezydenta naszej Ojczyzny.<\/p>\n","protected":false},"author":2,"featured_media":0,"comment_status":"open","ping_status":"open","sticky":false,"template":"","format":"standard","meta":[],"categories":[4],"tags":[],"_links":{"self":[{"href":"https:\/\/sporek.com\/blog\/index.php?rest_route=\/wp\/v2\/posts\/492"}],"collection":[{"href":"https:\/\/sporek.com\/blog\/index.php?rest_route=\/wp\/v2\/posts"}],"about":[{"href":"https:\/\/sporek.com\/blog\/index.php?rest_route=\/wp\/v2\/types\/post"}],"author":[{"embeddable":true,"href":"https:\/\/sporek.com\/blog\/index.php?rest_route=\/wp\/v2\/users\/2"}],"replies":[{"embeddable":true,"href":"https:\/\/sporek.com\/blog\/index.php?rest_route=%2Fwp%2Fv2%2Fcomments&post=492"}],"version-history":[{"count":0,"href":"https:\/\/sporek.com\/blog\/index.php?rest_route=\/wp\/v2\/posts\/492\/revisions"}],"wp:attachment":[{"href":"https:\/\/sporek.com\/blog\/index.php?rest_route=%2Fwp%2Fv2%2Fmedia&parent=492"}],"wp:term":[{"taxonomy":"category","embeddable":true,"href":"https:\/\/sporek.com\/blog\/index.php?rest_route=%2Fwp%2Fv2%2Fcategories&post=492"},{"taxonomy":"post_tag","embeddable":true,"href":"https:\/\/sporek.com\/blog\/index.php?rest_route=%2Fwp%2Fv2%2Ftags&post=492"}],"curies":[{"name":"wp","href":"https:\/\/api.w.org\/{rel}","templated":true}]}}