{"id":493,"date":"2015-04-18T20:57:01","date_gmt":"2015-04-19T00:57:01","guid":{"rendered":"http:\/\/sporek.com\/blog\/?p=493"},"modified":"2015-04-27T12:20:05","modified_gmt":"2015-04-27T16:20:05","slug":"sumienie-potrzebne-od-zaraz","status":"publish","type":"post","link":"https:\/\/sporek.com\/blog\/?p=493","title":{"rendered":"Sumienie potrzebne od zaraz"},"content":{"rendered":"<p><span style=\"color: #000000; font-family: Verdana; font-size: 13px; font-style: normal; font-variant: normal; font-weight: normal; text-decoration: none; vertical-align: baseline; background-color: transparent\">Obserwuj\u0105c dyskusje i te wszystkie komentarze na Facebooku dochodz\u0119 do wniosku, \u017ce w Polsce ci\u0105gle panuje moda na krytykowanie wszystkiego, co przychodzi z prawej strony sceny politycznej. Dla sporej grupy moich znajomych, dziwnym zbiegiem okoliczno\u015bci przesta\u0142y si\u0119 liczy\u0107 warto\u015bci prezentowane przez prawic\u0119, a w ich miejsce pocz\u0119li gloryfikowa\u0107 poparcie dla teorii g\u0142oszonych przez koalicj\u0119 rz\u0105dow\u0105, podawanych, oczywi\u015bcie przez media g\u0142\u00f3wnego nurtu. <!--more-->Pr\u00f3buj\u0119 szuka\u0107 odpowiedzi, czy te\u017c wyt\u0142umaczenia, dlaczego tak jest; Czy jest to snobizm, czy jest to jaki\u015b podsk\u00f3rny strach, czy te\u017c po prostu zwyk\u0142a g\u0142upota? A mo\u017ce jest to strach przed PiSem, kt\u00f3rym rz\u0105dz\u0105cy bez ogr\u00f3dek strasz\u0105 spo\u0142ecze\u0144stwo. I tu znowu mo\u017cna si\u0119 zastanawia\u0107: przecie\u017c PiSu najbardziej boj\u0105 si\u0119 rz\u0105dz\u0105cy. Maj\u0105 wiele powod\u00f3w i znaczna cz\u0119\u015b\u0107 polityk\u00f3w PO i PSL zdaje sobie spraw\u0119, \u017ce normalne s\u0105dy, plus Trubuna\u0142 Stanu RP powsadzaj\u0105 ich do wi\u0119zienia i ich polityczna kariera zako\u0144czy si\u0119 upadkiem z wysokiego konia. Tylko, jak to si\u0119 sta\u0142o, \u017ce ludzie, kt\u00f3rzy ci\u0119\u017cko pracuj\u0105, nic nie ukradli, nikogo nie oszukali, s\u0105 kreatywni, maj\u0105 w\u0142asne biznesy nie chc\u0105 rz\u0105d\u00f3w PiSu? Zachowuj\u0105 si\u0119, jakby sami mieli na sumieniu afery, przest\u0119pstwa i uczynki godne pot\u0119pienia. Nas, mieszkaj\u0105cych poza Polsk\u0105 ods\u0105dzaj\u0105 od czci i wiary i zakazuj\u0105 nam krytykowania nieudacznie rz\u0105dz\u0105cej sitwy, jakby mieli wy\u0142\u0105czno\u015b\u0107 na posiadanie racji, na prawid\u0142ow\u0105 analiz\u0119 sytuacji politycznej, gospodarczej, spo\u0142ecznej. I nagle okazuje si\u0119, \u017ce kto\u015b z celebryt\u00f3w, mieszkaj\u0105cy w Polsce, czuj\u0105cy na codzie\u0144 efekty dzia\u0142a\u0144 rz\u0105du publicznie nazywa sprawy po imieniu i nagle na Facebooku zalega cisza. Kiedy pokaza\u0142em co\u015b tam na temat Komorowskiego, dyskusji i cz\u0119sto niewybrednym wypowiedziom nie by\u0142o ko\u0144ca. Tymczasem po zamieszczeniu wyst\u0105pienia Bo\u017ceny Dykiel zapanowa\u0142a cisza. To nie jest emigrantka mieszkaj\u0105ca poza Polsk\u0105. Jak j\u0105 sklasyfikowa\u0107, jakiego argumentu u\u017cy\u0107, \u017ceby jej zakaza\u0107 krytyki prezydenta, krytyki rz\u0105dz\u0105cych? Jak jej powiedzie\u0107: nie wybieraj nam prezydenta? Nie da si\u0119, bo ona jest tam; widzi, s\u0142yszy, czuje. Aktorka o ogromnym dorobku, jak mo\u017ce si\u0119 jej przeciwstawi\u0107 wiecznie chwal\u0105cy koalicj\u0119 dziennikarz, jak mo\u017ce j\u0105 skontrowa\u0107 m\u0142ody biznesman, albo emigrant na krzese\u0142ku udaj\u0105cy \u017cycie w dobrobycie poza krajem, pisz\u0105cy z b\u0142\u0119dami, jak mo\u017ce j\u0105 skrytykowa\u0107 wulgarna \u201cpi\u0119kno\u015b\u0107\u201d z aparatem fotograficznym. Komentatorzy, czy do was nie dociera dramat Polski?<\/span><\/p>\n<p><strong style=\"font-weight: normal\"><\/p>\n<p dir=\"ltr\" style=\"line-height: 1.38; margin-top: 0pt; margin-bottom: 0pt\"><span style=\"color: #000000; font-family: Verdana; font-size: 13px; font-style: normal; font-variant: normal; font-weight: normal; text-decoration: none; vertical-align: baseline; background-color: transparent\">&#8211; Sprzedane wszystkie cementownie. Za cement p\u0142acimy du\u017co wi\u0119cej, a zyski trafiaj\u0105 do bank\u00f3w zachodniej Europy.<\/span><\/p>\n<p dir=\"ltr\" style=\"line-height: 1.38; margin-top: 0pt; margin-bottom: 0pt\"><span style=\"color: #000000; font-family: Verdana; font-size: 13px; font-style: normal; font-variant: normal; font-weight: normal; text-decoration: none; vertical-align: baseline; background-color: transparent\">&#8211; Sprzedane wszystkie huty &#8211; za stal p\u0142acimy dzisiaj Hindusom, Hiszpanom, Amerykanom i Chi\u0144czykom.<\/span><\/p>\n<p dir=\"ltr\" style=\"line-height: 1.38; margin-top: 0pt; margin-bottom: 0pt\"><span style=\"color: #000000; font-family: Verdana; font-size: 13px; font-style: normal; font-variant: normal; font-weight: normal; text-decoration: none; vertical-align: baseline; background-color: transparent\">&#8211; Sprzedane, a p\u00f3\u017aniej rozkradzione przedsi\u0119biorstwa z tzw. NFI<\/span><\/p>\n<p dir=\"ltr\" style=\"line-height: 1.38; margin-top: 0pt; margin-bottom: 0pt\"><span style=\"color: #000000; font-family: Verdana; font-size: 13px; font-style: normal; font-variant: normal; font-weight: normal; text-decoration: none; vertical-align: baseline; background-color: transparent\">&#8211; Najpierw zniszczone, p\u00f3\u017aniej sprzedane wszystkie stocznie.<\/span><\/p>\n<p dir=\"ltr\" style=\"line-height: 1.38; margin-top: 0pt; margin-bottom: 0pt\"><span style=\"color: #000000; font-family: Verdana; font-size: 13px; font-style: normal; font-variant: normal; font-weight: normal; text-decoration: none; vertical-align: baseline; background-color: transparent\">&#8211; Sprzedane prawie wszystkie banki za symboliczn\u0105 z\u0142ot\u00f3wk\u0119.<\/span><\/p>\n<p dir=\"ltr\" style=\"line-height: 1.38; margin-top: 0pt; margin-bottom: 0pt\"><span style=\"color: #000000; font-family: Verdana; font-size: 13px; font-style: normal; font-variant: normal; font-weight: normal; text-decoration: none; vertical-align: baseline; background-color: transparent\">&#8211; Obce, wielkie domy towarowe niep\u0142ac\u0105ce podatk\u00f3w, ale robi\u0105ce ogromne pieni\u0105dze na Polakach, kt\u00f3rzy nie maj\u0105 wyj\u015bcia i musz\u0105 w tych sklepach kupowa\u0107.<\/span><\/p>\n<p dir=\"ltr\" style=\"line-height: 1.38; margin-top: 0pt; margin-bottom: 0pt\"><span style=\"color: #000000; font-family: Verdana; font-size: 13px; font-style: normal; font-variant: normal; font-weight: normal; text-decoration: none; vertical-align: baseline; background-color: transparent\">Czy trzeba wypisywa\u0107 ca\u0142\u0105 list\u0119 przest\u0119pstw wzgl\u0119dem polskiej gospodarki, jakich dopu\u015bci\u0142a si\u0119 ta koalicja? Jakimi literami, jakim j\u0119zykiem trzeba pisa\u0107, \u017ceby\u015bcie zrozumieli, \u017ce Polska zosta\u0142a zdradzona? Gdzie i jak pozbyli\u015bcie si\u0119 zwyk\u0142ej wra\u017cliwo\u015bci na aferzyst\u00f3w, k\u0142amc\u00f3w, przest\u0119pc\u00f3w? To wasze sumienia s\u0105 teraz potrzebne Polsce! Je\u015bli ta koalicja przetrwa, je\u015bli prezydentem pozostanie cz\u0142owiek skompromitowany &#8211; ju\u017c nie wspomn\u0119 o jego gafach, szkoda czasu \u00a0-, \u00a0nie zdziwcie si\u0119, \u017ce i wy poniesiecie konsekwencje tego, co ta \u201cgrupa trzymaj\u0105ca w\u0142adz\u0119\u201d zrobi\u0142a przez ostatnie osiem lat. Ten dramat nie b\u0119dzie dzia\u0142a\u0142 wybi\u00f3rczo, &#8211; dotknie wszystkich. Koniecznie chcecie si\u0119 obudzi\u0107 z r\u0119k\u0105 w nocniku? <\/span><\/p>\n<p><\/strong><\/p>\n","protected":false},"excerpt":{"rendered":"<p>Obserwuj\u0105c dyskusje i te wszystkie komentarze na Facebooku dochodz\u0119 do wniosku, \u017ce w Polsce ci\u0105gle panuje moda na krytykowanie wszystkiego, co przychodzi z prawej strony sceny politycznej. Dla sporej grupy moich znajomych, dziwnym zbiegiem okoliczno\u015bci przesta\u0142y si\u0119 liczy\u0107 warto\u015bci prezentowane przez prawic\u0119, a w ich miejsce pocz\u0119li gloryfikowa\u0107 poparcie dla teorii g\u0142oszonych przez koalicj\u0119 rz\u0105dow\u0105, [&hellip;]<\/p>\n","protected":false},"author":2,"featured_media":0,"comment_status":"open","ping_status":"open","sticky":false,"template":"","format":"standard","meta":[],"categories":[4],"tags":[],"_links":{"self":[{"href":"https:\/\/sporek.com\/blog\/index.php?rest_route=\/wp\/v2\/posts\/493"}],"collection":[{"href":"https:\/\/sporek.com\/blog\/index.php?rest_route=\/wp\/v2\/posts"}],"about":[{"href":"https:\/\/sporek.com\/blog\/index.php?rest_route=\/wp\/v2\/types\/post"}],"author":[{"embeddable":true,"href":"https:\/\/sporek.com\/blog\/index.php?rest_route=\/wp\/v2\/users\/2"}],"replies":[{"embeddable":true,"href":"https:\/\/sporek.com\/blog\/index.php?rest_route=%2Fwp%2Fv2%2Fcomments&post=493"}],"version-history":[{"count":0,"href":"https:\/\/sporek.com\/blog\/index.php?rest_route=\/wp\/v2\/posts\/493\/revisions"}],"wp:attachment":[{"href":"https:\/\/sporek.com\/blog\/index.php?rest_route=%2Fwp%2Fv2%2Fmedia&parent=493"}],"wp:term":[{"taxonomy":"category","embeddable":true,"href":"https:\/\/sporek.com\/blog\/index.php?rest_route=%2Fwp%2Fv2%2Fcategories&post=493"},{"taxonomy":"post_tag","embeddable":true,"href":"https:\/\/sporek.com\/blog\/index.php?rest_route=%2Fwp%2Fv2%2Ftags&post=493"}],"curies":[{"name":"wp","href":"https:\/\/api.w.org\/{rel}","templated":true}]}}