{"id":494,"date":"2015-05-01T10:12:35","date_gmt":"2015-05-01T14:12:35","guid":{"rendered":"http:\/\/sporek.com\/blog\/?p=494"},"modified":"2015-05-19T12:09:45","modified_gmt":"2015-05-19T16:09:45","slug":"wybory-do-unii-kredytowej","status":"publish","type":"post","link":"https:\/\/sporek.com\/blog\/?p=494","title":{"rendered":"Wybory do Unii Kredytowej"},"content":{"rendered":"<p>Do\u015b\u0107 d\u0142ugo nie zajmowa\u0142em si\u0119 sprawami Polsko-S\u0142owia\u0144skiej Federalnej Unii Kredytowej, a tu rozdzwoni\u0142 si\u0119 m\u00f3j telefon: \u201cPanie Januszu, na kogo g\u0142osowa\u0107?\u201d<\/p>\n<p><!--more-->Tylko dzisiaj &#8211; poniedzia\u0142ek, 30 kwietnia &#8211; mia\u0142em takich telefon\u00f3w sze\u015b\u0107, a od momentu, kiedy pierwsze koperty zacz\u0119\u0142y dochodzi\u0107 do r\u0105k Cz\u0142onk\u00f3w, mam takie telefony codziennie, po dwa, trzy. Odpowiada\u0142em kr\u00f3tko: nie g\u0142osujcie na tych, kt\u00f3rzy staraj\u0105 si\u0119 wej\u015b\u0107 do rady po raz drugi, trzeci, albo dziesi\u0105ty. Zasiedzieli si\u0119, nic nowego, a tym bardziej dobrego ju\u017c nie wymy\u015bl\u0105. Moimi \u201ctypami\u201d s\u0105: Pawe\u0142 Maci\u0105g, Michael Majcherczyk, Robert Truszkowski i Tomasz Deptu\u0142a. NOWI. Obecna rada dyrektor\u00f3w, od 2012 roku nie zorganizowa\u0142a ani jednego spotkania z Cz\u0142onkami, nigdy nie wyja\u015bniono, jak zako\u0144czy\u0142a si\u0119 sprawa z usuni\u0119tym dyrektorem Mielczarkiem, a teraz pono\u0107 kolejna sprawa s\u0105dowa i zosta\u0142 zas\u0105dzony nakaz zorganizowania zebrania z Cz\u0142onkami. Oczywi\u015bcie, musztarda po obiedzie, bo najpierw b\u0119dzie zebranie wyborcze i rada mo\u017ce to uzna\u0107 za spe\u0142nienie decyzji s\u0105du. Tzw. \u201copozycja\u201d, czyli Spo\u0142eczny Komitet Cz\u0142onk\u00f3w narobi\u0142a sporo b\u0142\u0119d\u00f3w i dla mnie sta\u0142a si\u0119 raczej ma\u0142o wiarygodna. Jej najwi\u0119kszym b\u0142\u0119dem by\u0142o usuni\u0119cie pi\u0119ciu dyrektor\u00f3w i doprowadzenie do zwolnienia Oskara Mileczarka. Potem ju\u017c polecia\u0142o po staremu; Australie, Portugalie, Hawaje i inne ciep\u0142e kraje. Co\u015b mi si\u0119 obi\u0142o o uszy, \u017ce mieli\u015bmy dosta\u0107 po 40 dolar\u00f3w. Nie wiem, kto mia\u0142 dosta\u0107, bo ja si\u0119 jako\u015b nie mog\u0119 dopatrzy\u0107, ani na koncie szko\u0142y, ani na prywatnym. No, chyba, \u017ce \u017ale patrz\u0119. A \u201cg\u00f3rka\u201d jest spora, &#8211; przecie\u017c za \u201cmoich czas\u00f3w\u201d, kiedy by\u0142em w radzie na tej \u201cg\u00f3rce\u201d by\u0142o ponad 140 milion\u00f3w. Cieniutkie stypendia, mizerne sponsorowania, jeszcze ni\u017csze oprocentowania, a w\u0142a\u015bnie o oprocentowaniu kandydaci zawsze nach\u0119tniej rozprawiali reklamuj\u0105c swoje obiecanki.<\/p>\n<p>A czemu walne zebranie znowu w Clark? Na Greenpoincie s\u0105 dwa pot\u0119\u017cne oddzia\u0142y, co wskazywa\u0142oby, \u017ce liczebnie w\u0142a\u015bnie Greenpoint ma najwi\u0119cej aktywnych kont, ale zebranie w New Jersey. Oczywi\u015bcie, lepiej zap\u0142aci\u0107 w Clark za sal\u0119, ni\u017c Centrum Polsko-S\u0142owia\u0144skiemu. Czy to by\u0142a wi\u0119kszo\u015bciowa decyzja rady, czy jednoosobowa? Ostatecznie wiemy, \u017ce nie chodzi o to komu zap\u0142aci\u0107 za sal\u0119. Chodzi g\u0142\u00f3wnie o niewygodnych ludzi z Greenpointu\u2026, mo\u017ce nie bedzie im si\u0119 chcia\u0142o jecha\u0107 do Clark\u2026 (?)<\/p>\n<p>Nie wydaje mi si\u0119, \u017ceby powt\u00f3rzona zosta\u0142a frekwencja wyborcza z 2009 roku, kiedy by\u0142em kandydatem i z 10 tysi\u0119cy g\u0142osuj\u0105cych otrzyma\u0142em ponad 4 tysi\u0105ce g\u0142os\u00f3w. Ale mo\u017ce b\u0119dzie wystarczaj\u0105co du\u017co, aby wprowadzi\u0107 do rady dyrektor\u00f3w troch\u0119 \u015bwie\u017cego powietrza. Odsy\u0142ajcie wi\u0119c Pa\u0144stwo karty wyborcze na tyle wcze\u015bnie, aby firma licz\u0105ca g\u0142osy otrzyma\u0142a je na pewno przed 12 maja.<\/p>\n<p>A, tak na marginesie, to mam pytanie do obecnej Jedenastki dyrektor\u00f3w: Jak to si\u0119 sta\u0142o, \u017ce zafundowano nam Pietrzaka? Nie, \u017cebym mia\u0142 cos przeciwko temu Arty\u015bcie, &#8211; to m\u00f3j wieloletni przyjaciel. Ale\u2026 Dotychczas s\u0142ysza\u0142em w odpowiedzi na moje wnioski o sponsorowanie koncert\u00f3w w Carnegie, \u017ce si\u0119 nie da, bo nie jestem organizacj\u0105 none for profit. Pietrzak jest?<\/p>\n<p>Unia raz zakupi\u0142a kilkana\u015bcie bilet\u00f3w na kt\u00f3ry\u015b z moich koncert\u00f3w, a tu rozdawano, jak gum\u0119 do \u017cucia i wype\u0142niono audytorium. Kie\u0142basa przedwyborcza? A mo\u017ce w takim razie 25 lat istnienia mojej szko\u0142y muzycznej w przysz\u0142ym roku te\u017c da si\u0119 zrobi\u0107\u2026? Artyst\u00f3w b\u0119d\u0119 mia\u0142 znakomitych, Carnegie co rok pyta, czy ju\u017c o nich zapomnia\u0142em &#8211; ostatni, polski koncert odby\u0142 si\u0119 tam w 2009 roku. Pytaj\u0105 o te koncerty polonijni mi\u0142o\u015bnicy muzyki. No, to da si\u0119, czy nadal niemo\u017cliwe? Czy po prostu jedni s\u0105 r\u00f3wni, a drudzy r\u00f3wniejsi, albo r\u00f3wni \u201cinaczej\u201d\u2026?<\/p>\n<p>Powt\u00f3rz\u0119, &#8211; moimi kandydatami s\u0105: Pawe\u0142 Maci\u0105g, Michael Majcherczyk, Robert Truszkowski i Tomasz Deptu\u0142a.<\/p>\n","protected":false},"excerpt":{"rendered":"<p>Do\u015b\u0107 d\u0142ugo nie zajmowa\u0142em si\u0119 sprawami Polsko-S\u0142owia\u0144skiej Federalnej Unii Kredytowej, a tu rozdzwoni\u0142 si\u0119 m\u00f3j telefon: \u201cPanie Januszu, na kogo g\u0142osowa\u0107?\u201d<\/p>\n","protected":false},"author":2,"featured_media":0,"comment_status":"open","ping_status":"open","sticky":false,"template":"","format":"standard","meta":[],"categories":[3],"tags":[],"_links":{"self":[{"href":"https:\/\/sporek.com\/blog\/index.php?rest_route=\/wp\/v2\/posts\/494"}],"collection":[{"href":"https:\/\/sporek.com\/blog\/index.php?rest_route=\/wp\/v2\/posts"}],"about":[{"href":"https:\/\/sporek.com\/blog\/index.php?rest_route=\/wp\/v2\/types\/post"}],"author":[{"embeddable":true,"href":"https:\/\/sporek.com\/blog\/index.php?rest_route=\/wp\/v2\/users\/2"}],"replies":[{"embeddable":true,"href":"https:\/\/sporek.com\/blog\/index.php?rest_route=%2Fwp%2Fv2%2Fcomments&post=494"}],"version-history":[{"count":0,"href":"https:\/\/sporek.com\/blog\/index.php?rest_route=\/wp\/v2\/posts\/494\/revisions"}],"wp:attachment":[{"href":"https:\/\/sporek.com\/blog\/index.php?rest_route=%2Fwp%2Fv2%2Fmedia&parent=494"}],"wp:term":[{"taxonomy":"category","embeddable":true,"href":"https:\/\/sporek.com\/blog\/index.php?rest_route=%2Fwp%2Fv2%2Fcategories&post=494"},{"taxonomy":"post_tag","embeddable":true,"href":"https:\/\/sporek.com\/blog\/index.php?rest_route=%2Fwp%2Fv2%2Ftags&post=494"}],"curies":[{"name":"wp","href":"https:\/\/api.w.org\/{rel}","templated":true}]}}