{"id":495,"date":"2015-05-11T14:18:37","date_gmt":"2015-05-11T18:18:37","guid":{"rendered":"http:\/\/sporek.com\/blog\/?p=495"},"modified":"2015-05-19T12:09:21","modified_gmt":"2015-05-19T16:09:21","slug":"jeszcze-ii-tura","status":"publish","type":"post","link":"https:\/\/sporek.com\/blog\/?p=495","title":{"rendered":"Jeszcze II tura"},"content":{"rendered":"<p><strong style=\"font-weight: normal\"><\/p>\n<p id=\"docs-internal-guid-34c7b4ca-4431-d9f7-335f-dc7874564d8b\" style=\"line-height: 1.38; margin-top: 0pt; margin-bottom: 0pt\" dir=\"ltr\"><span style=\"color: #000000; font-family: Verdana; font-size: 13px; font-style: normal; font-variant: normal; font-weight: normal; text-decoration: none; vertical-align: baseline; background-color: transparent\">Dzi\u015b rano (poniedzia\u0142ek, 11 maja, 2015), odwiedzi\u0142 mnie jeden z polonijnych prawicowc\u00f3w, aby zakupi\u0107 kart\u0119 TV Republika. No i pogadali\u015bmy przez chwil\u0119. I jako\u015b tak obydwaj doszli\u015bmy do wniosku, \u017ce Pan B\u00f3g chyba zwr\u00f3ci\u0142 swoje \u0142askawe oczy na nasz\u0105 Ojczyzn\u0119 i co\u015b si\u0119 w niej mo\u017ce wreszcie zmieni.<\/span><\/p>\n<p><\/strong><!--more--><strong style=\"font-weight: normal\"><\/p>\n<p style=\"line-height: 1.38; margin-top: 0pt; margin-bottom: 0pt\" dir=\"ltr\"><span style=\"color: #000000; font-family: Verdana; font-size: 13px; font-style: normal; font-variant: normal; font-weight: normal; text-decoration: none; vertical-align: baseline; background-color: transparent\">W sytuacji, jaka powsta\u0142a po g\u0142osowaniu 10 maja, czyli konieczno\u015bci przeprowadzenia II tury zadziwia mnie i zastanawia postawa i zachowanie Paw\u0142a Kukiza. Od razu zaznaczam, \u017ce zgadzam si\u0119 z bardzo wieloma tezami Kukiza, szczeg\u00f3lnie za\u015b z t\u0105 o JOWach, czyli Jednomandatowych Okr\u0119gach Wyborczych, ale teoria niepopierania \u017cadnego z kandadat\u00f3w w II turze, jest dla mnie kompletnie bez sensu i ogromnie k\u0142\u00f3ci si\u0119 z tymi okre\u015bleniami Kukiza dotycz\u0105cymi rz\u0105dz\u0105cych, w kt\u00f3rych nazywa ich z\u0142odziejami, szubrawcami, szkodnikami, itp.<\/span><\/p>\n<p style=\"line-height: 1.38; margin-top: 0pt; margin-bottom: 0pt\" dir=\"ltr\"><span style=\"color: #000000; font-family: Verdana; font-size: 13px; font-style: normal; font-variant: normal; font-weight: normal; text-decoration: none; vertical-align: baseline; background-color: transparent\">Jego walka w tej chwili skazana jest na niepowodzenie, bo przecie\u017c nie we\u017amie udzia\u0142u w II turze. Nie wierz\u0119, \u017ce nie zdaje sobie sprawy z faktu, \u017ce oddanie 20% Andrzejowi Dudzie da ostateczn\u0105 wygran\u0105 prawicy i ju\u017c nast\u0105pi co najmniej jeden z element\u00f3w zmian, o kt\u00f3re on sam zabiega. Nic nie b\u0119dzie sta\u0142o na przeszkodzie, aby kontynuowa\u0142 on swoj\u0105 walk\u0119 o obalenie systemu. Nie wierz\u0119, \u017ce Kukiz nie wie, i\u017c ewentualna wygrana Komorowskiego, to sprzedanie resztek polskiej gospodarki, las\u00f3w i dalsze \u201cwazelinowanie\u201d Europy. Wi\u0119c, Panie Pawle, nie rozumiem. A szczerze m\u00f3wi\u0105c licz\u0119 na to, \u017ce Pan jednak odda swoje poparcie Andrzejowi Dudzie.<\/span><\/p>\n<p style=\"line-height: 1.38; margin-top: 0pt; margin-bottom: 0pt\" dir=\"ltr\"><span style=\"color: #000000; font-family: Verdana; font-size: 13px; font-style: normal; font-variant: normal; font-weight: normal; text-decoration: none; vertical-align: baseline; background-color: transparent\">Zadziwia mnie niska frekwencja nowojorskich Polonus\u00f3w. Je\u015bli wierzy\u0107 danym, to by\u0142o nas zaledwie cztery tysi\u0105ce. Co si\u0119 Wam sta\u0142o, Rodacy? Nie chce si\u0119 przyjecha\u0107 na Greenpoint i Ridgewood z Long Island, z Westchester, czy z po\u0142udniowego, Connecticut? Ale i nie chcia\u0142o si\u0119 mieszka\u0144com Greenpointu, Maspeth, Ridgewood, Brooklynu, Manhattanu, New Jersey, Filadelfii. \u00a0Oblicza si\u0119, \u017ce w Metropolii \u017cyje oko\u0142o milion Polonus\u00f3w. Niech tylko 100 tysi\u0119cy z tego miliona posiada aktualny polski paszport, to wyobra\u017cacie sobie, jaki potencja\u0142 do zmian wyniku wybor\u00f3w ma Polonia?<\/span><\/p>\n<p style=\"line-height: 1.38; margin-top: 0pt; margin-bottom: 0pt\" dir=\"ltr\"><span style=\"color: #000000; font-family: Verdana; font-size: 13px; font-style: normal; font-variant: normal; font-weight: normal; text-decoration: none; vertical-align: baseline; background-color: transparent\">B\u0119dziemy nadal pomaga\u0107 w rejestracji do II tury. I tu, <\/span><span style=\"color: #000000; font-family: Verdana; font-size: 13px; font-style: normal; font-variant: normal; font-weight: bold; text-decoration: none; vertical-align: baseline; background-color: transparent\">UWAGA: Osoby, kt\u00f3re zarejestrowa\u0142y si\u0119 i g\u0142osowa\u0142y w I-ej turze, maj\u0105 prawo p\u00f3j\u015bcia do urn bez obowi\u0105zku rejestrowania si\u0119. Natomiast ci, kt\u00f3rzy nie zarejestrowali si\u0119 do I-ej tury, mog\u0105 wzi\u0105\u0107 udzia\u0142 w drugim g\u0142osowaniu pod warunkiem zarejstrowania si\u0119.<\/span><\/p>\n<p style=\"line-height: 1.38; margin-top: 0pt; margin-bottom: 0pt\" dir=\"ltr\"><span style=\"color: #000000; font-family: Verdana; font-size: 13px; font-style: normal; font-variant: normal; font-weight: normal; text-decoration: none; vertical-align: baseline; background-color: transparent\">Spodziewam si\u0119, \u017ce za kilka dni \u00a0zostanie udost\u0119pniona strona do rejestracji i natychmiast zaoferujemy Pa\u0144stwu pomoc w rejestracji.<\/span><\/p>\n<p style=\"line-height: 1.38; margin-top: 0pt; margin-bottom: 0pt\" dir=\"ltr\"><span style=\"color: #000000; font-family: Verdana; font-size: 13px; font-style: normal; font-variant: normal; font-weight: normal; text-decoration: none; vertical-align: baseline; background-color: transparent\">Ju\u017c chyba nikt nie wierzy, \u017ce Komorowski jest powa\u017cnym kandydatem. Jest kompletnie niezr\u00f3wnowa\u017cony, gdy chodzi o wypowiedzi merytoryczne; jest facetem, kt\u00f3ry przez pi\u0119\u0107 lat niczego si\u0119 nie nauczy\u0142, a \u017ce IQ ma takie, jakie ma, to chyba ju\u017c Polacy nie dadz\u0105 si\u0119 nabra\u0107 na referendum, na popieranie JOW-\u00f3w \u201dod zawsze\u201d, itd, itp.<\/span><\/p>\n<p style=\"line-height: 1.38; margin-top: 0pt; margin-bottom: 0pt\" dir=\"ltr\"><span style=\"color: #000000; font-family: Verdana; font-size: 13px; font-style: normal; font-variant: normal; font-weight: normal; text-decoration: none; vertical-align: baseline; background-color: transparent\">Szykujmy si\u0119 wi\u0119c do drugiej rundy tych wybor\u00f3w. W najbli\u017cszym czasie podam Pa\u0144stwu numery telefon\u00f3w i jeszcze raz przypomn\u0119, co trzeba wiedzie\u0107 o sobie, chc\u0105c si\u0119 zarejestrowa\u0107.<\/span><\/p>\n<p><\/strong><\/p>\n","protected":false},"excerpt":{"rendered":"<p>Dzi\u015b rano (poniedzia\u0142ek, 11 maja, 2015), odwiedzi\u0142 mnie jeden z polonijnych prawicowc\u00f3w, aby zakupi\u0107 kart\u0119 TV Republika. No i pogadali\u015bmy przez chwil\u0119. I jako\u015b tak obydwaj doszli\u015bmy do wniosku, \u017ce Pan B\u00f3g chyba zwr\u00f3ci\u0142 swoje \u0142askawe oczy na nasz\u0105 Ojczyzn\u0119 i co\u015b si\u0119 w niej mo\u017ce wreszcie zmieni.<\/p>\n","protected":false},"author":2,"featured_media":0,"comment_status":"open","ping_status":"open","sticky":false,"template":"","format":"standard","meta":[],"categories":[4],"tags":[],"_links":{"self":[{"href":"https:\/\/sporek.com\/blog\/index.php?rest_route=\/wp\/v2\/posts\/495"}],"collection":[{"href":"https:\/\/sporek.com\/blog\/index.php?rest_route=\/wp\/v2\/posts"}],"about":[{"href":"https:\/\/sporek.com\/blog\/index.php?rest_route=\/wp\/v2\/types\/post"}],"author":[{"embeddable":true,"href":"https:\/\/sporek.com\/blog\/index.php?rest_route=\/wp\/v2\/users\/2"}],"replies":[{"embeddable":true,"href":"https:\/\/sporek.com\/blog\/index.php?rest_route=%2Fwp%2Fv2%2Fcomments&post=495"}],"version-history":[{"count":0,"href":"https:\/\/sporek.com\/blog\/index.php?rest_route=\/wp\/v2\/posts\/495\/revisions"}],"wp:attachment":[{"href":"https:\/\/sporek.com\/blog\/index.php?rest_route=%2Fwp%2Fv2%2Fmedia&parent=495"}],"wp:term":[{"taxonomy":"category","embeddable":true,"href":"https:\/\/sporek.com\/blog\/index.php?rest_route=%2Fwp%2Fv2%2Fcategories&post=495"},{"taxonomy":"post_tag","embeddable":true,"href":"https:\/\/sporek.com\/blog\/index.php?rest_route=%2Fwp%2Fv2%2Ftags&post=495"}],"curies":[{"name":"wp","href":"https:\/\/api.w.org\/{rel}","templated":true}]}}