{"id":496,"date":"2015-05-18T22:08:06","date_gmt":"2015-05-19T02:08:06","guid":{"rendered":"http:\/\/sporek.com\/blog\/?p=496"},"modified":"2015-05-19T12:08:31","modified_gmt":"2015-05-19T16:08:31","slug":"w-jaskini-lwa","status":"publish","type":"post","link":"https:\/\/sporek.com\/blog\/?p=496","title":{"rendered":"W jaskini lwa"},"content":{"rendered":"<p><strong style=\"font-weight: normal\"><\/p>\n<p id=\"docs-internal-guid-e0ee1ca5-69ec-b1cd-5192-813ed2ccbc88\" style=\"line-height: 1.38; margin-top: 0.2pt; margin-bottom: 0.2pt\" dir=\"ltr\"><span style=\"color: #000000; font-family: Verdana; font-size: 13px; font-style: normal; font-variant: normal; font-weight: normal; text-decoration: none; vertical-align: baseline; background-color: transparent\">Nie wiem, kto doradzi\u0142 Andrzejowi Dudzie udzia\u0142 w debacie w TVN; jesli to jego doradcy, to zwolni\u0142bym ich w trybie natychmiastowym, a je\u015bli to jego pomys\u0142, to znaczy, \u017ce albo nie zdaje sobie sprawy, w co si\u0119 pakuje, albo ma co\u015b tak mocnego, \u017ce nawet TVN nie pomo\u017ce Komorowskiemu.\u00a0<\/span><\/p>\n<p><\/strong><!--more--><strong style=\"font-weight: normal\"><\/p>\n<p id=\"docs-internal-guid-e0ee1ca5-69ec-b1cd-5192-813ed2ccbc88\" style=\"line-height: 1.38; margin-top: 0.2pt; margin-bottom: 0.2pt\" dir=\"ltr\"><span style=\"color: #000000; font-family: Verdana; font-size: 13px; font-style: normal; font-variant: normal; font-weight: normal; text-decoration: none; vertical-align: baseline; background-color: transparent\">Andrzej Duda twierdzi, \u017ce \u201cspo\u0142ecze\u0144stwo czeka na t\u0119 debat\u0119\u201d. Moim zdaniem to wy\u015bwiechtany slogan, bez jakiegokolwiek, realnego pod\u0142o\u017ca. M\u00f3g\u0142 odm\u00f3wi\u0107, tak, jak Komorowski odmawia\u0142 przez cztery tygodnie, m\u00f3g\u0142 odm\u00f3wi\u0107, bo debata zasadnicza, o kt\u00f3r\u0105 si\u0119 dopomina\u0142 odby\u0142a si\u0119 w\u0142a\u015bnie w ostatni\u0105 niedziel\u0119. Ale pcha\u0107 si\u0119 pod no\u017ce Olejnik, Pochanke i Rymanowskiego, to zachowanie najwy\u017cszego ryzyka i zaczynam si\u0119 powa\u017cnie obawia\u0107, czy dorobek z 10 maja, w postaci prawie 5 punkt\u00f3w procentowych nie p\u00f3jdzie na marne. Sitwa nie ma ju\u017c nic do stracenia; w sytuacji czterech na jednego, ratunkiem mo\u017ce by\u0107 tylko jaki\u015b as w r\u0119kawie Andrzeja Dudy.<\/span><\/p>\n<p><\/strong><strong style=\"font-weight: normal\"><\/p>\n<p style=\"line-height: 1.38; margin-top: 0.2pt; margin-bottom: 0.2pt\" dir=\"ltr\"><span style=\"color: #000000; font-family: Verdana; font-size: 13px; font-style: normal; font-variant: normal; font-weight: normal; text-decoration: none; vertical-align: baseline; background-color: transparent\">Zobaczmy, co zacz\u0119\u0142o si\u0119 dzia\u0107, po wygranej Dudy w minion\u0105 niedziel\u0119: o\u017cywi\u0142 si\u0119 Balcerowicz, z nory wylaz\u0142 Frasyniuk, TVN si\u0119ga po Cimoszewicza, za chwil\u0119 ostra krytyka PO li tylko po to, aby poprzebiera\u0107 si\u0119 w inne kaboty i ca\u0142a ta, oszuka\u0144cza zgraja zasi\u0105dzie ponownie w \u0142awach, gabinetach i fotelach. <span id=\"docs-internal-guid-e0ee1ca5-69f1-3c03-ceb5-637b147f403f\" style=\"color: #000000; font-family: Verdana; font-size: 13px; font-style: normal; font-variant: normal; font-weight: normal; text-decoration: none; vertical-align: baseline; background-color: transparent\">Oczywi\u015bcie straszenie PiSem, kt\u00f3rego najbardziej boj\u0105 si\u0119 przest\u0119pcy z \u0142aw politycznych. Zwykli obywatele nie maj\u0105 \u017cadnych <span id=\"docs-internal-guid-e0ee1ca5-69f2-5a62-2490-fb8cac56396a\" style=\"color: #000000; font-family: Verdana; font-size: 13px; font-style: normal; font-variant: normal; font-weight: normal; text-decoration: none; vertical-align: baseline; background-color: transparent\">powod\u00f3w<\/span>, aby ba\u0107 si\u0119 Prawa i Sprawiedliwo\u015bci. Ale maszyna ju\u017c ruszy\u0142a.<\/span><br \/>\n<\/span><\/p>\n<p style=\"line-height: 1.38; margin-top: 0.2pt; margin-bottom: 0.2pt\" dir=\"ltr\"><span style=\"color: #000000; font-family: Verdana; font-size: 13px; font-style: normal; font-variant: normal; font-weight: normal; text-decoration: none; vertical-align: baseline; background-color: transparent\">W pierwszej debacie Duda pie\u015bci\u0142 si\u0119 z Komorowskim, jak z noworodkiem, a przecie\u017c musia\u0142 zna\u0107 wyniki kontroli NIK dotycz\u0105ce p\u0142ac urz\u0119dnik\u00f3w PO. S\u0105 szokuj\u0105ce: przeci\u0119tny pracownik kancelarii prezydenta, wliczaj\u0105c w to sprz\u0105taczki, zarabia\u2026 9 tysi\u0119cy dwie\u015bcie z\u0142otych!!!<\/span><\/p>\n<p style=\"line-height: 1.38; margin-top: 0.2pt; margin-bottom: 10pt\" dir=\"ltr\"><span style=\"color: #000000; font-family: Verdana; font-size: 13px; font-style: normal; font-variant: normal; font-weight: normal; text-decoration: none; vertical-align: baseline; background-color: transparent\">W kancelarii Rady Ministr\u00f3w, 7 tysi\u0119cy osiemset, a w obs\u0142udze Sejmu, 8 tysi\u0119cy dwie\u015bcie. Sikorski przeznaczy\u0142 27 milion\u00f3w na nagrody. Tak pracuje system, kt\u00f3rego wsp\u00f3\u0142tw\u00f3rc\u0105 jest obecny prezydent. A w Polsce s\u0105 ludzie, kt\u00f3rych pensje s\u0105 poni\u017cej \u015bredniej krajowej, kt\u00f3rych emerytury s\u0105 na granicy totalnego ub\u00f3stwa. Czeka\u0142em na takie pytanie. Wi\u0119c b\u0119d\u0119 czeka\u0142 i teraz. Co ten Pana sztab wyprawia? Czy chodzi o to, \u017ceby Pan wygrywa\u0142 bitwy, ryzykuj\u0105c g\u0142\u0119bokie rany, czy te\u017c mia\u0142 Pan wygra\u0107 ca\u0142\u0105 t\u0119 batali\u0119 o Polsk\u0119? Nie o wygran\u0105 w dyskursach z tzw. \u201cdziennikarzami\u201d, nie o pojedynek z Komorowskim tu idzie! Stawk\u0105 jest Polska, a Pana sztab i Pan sam, tym wpisem na Twiterze, zrobili\u015bcie z tego sport. \u017bycz\u0119 panu, oczywi\u015bcie, aby rozni\u00f3s\u0142 Pan Komorowskiego, jak na to zas\u0142uguje, ale je\u015bli zgodzi\u0142 si\u0119 Pan wej\u015b\u0107 do jaskini lwa, to prosz\u0119 si\u0119 nie zdziwi\u0107, \u017ce wyjdzie Pan z tej jaskini mocno poturbowany. Trzymam kciuki.<\/span><\/p>\n<p style=\"line-height: 1.38; margin-top: 0.2pt; margin-bottom: 10pt\" dir=\"ltr\"><span style=\"color: #000000; font-family: Verdana; font-size: 13px; font-style: normal; font-variant: normal; font-weight: normal; text-decoration: none; vertical-align: baseline; background-color: transparent\">Przypomn\u0119 Polonii; kto nie zarejestrowa\u0142 si\u0119 do I-ej rundy, na 10 maja, a chcia\u0142by jednak wzi\u0105\u0107 udzia\u0142 w wyborach, w II-ej turze &#8211; musi si\u0119 zarejestrowa\u0107. Mo\u017cna to zrobi\u0107 przez Internet: <\/span><a href=\"https:\/\/ewybory.msz.gov.pl\/nowa-rejestracja\" style=\"text-decoration: none\"><span style=\"color: #1155cc; font-family: Verdana; font-size: 13px; font-style: normal; font-variant: normal; font-weight: normal; text-decoration: underline; vertical-align: baseline; background-color: transparent\">https:\/\/ewybory.msz.gov.pl\/nowa-rejestracja<\/span><\/a><span style=\"color: #000000; font-family: Verdana; font-size: 13px; font-style: normal; font-variant: normal; font-weight: normal; text-decoration: none; vertical-align: baseline; background-color: transparent\">#<\/span><\/p>\n<p style=\"line-height: 1.38; margin-top: 0.2pt; margin-bottom: 10pt\" dir=\"ltr\"><span style=\"color: #000000; font-family: Verdana; font-size: 13px; font-style: normal; font-variant: normal; font-weight: normal; text-decoration: none; vertical-align: baseline; background-color: transparent\">Mo\u017cna skorzysta\u0107 z mojej pomocy i pomocy Pani Ma\u0142gorzaty (pomagamy od kilku dobrych lat): Janusz: 718-486-6780; Ma\u0142gorzata: 347-419-4104<\/span><\/p>\n<p style=\"line-height: 1.38; margin-top: 0.2pt; margin-bottom: 10pt\" dir=\"ltr\"><span style=\"color: #000000; font-family: Verdana; font-size: 13px; font-style: normal; font-variant: normal; font-weight: normal; text-decoration: none; vertical-align: baseline; background-color: transparent\">II-a tura w USA odb\u0119dzie si\u0119 w sobot\u0119, 23 maja, &#8211; komisje s\u0105 te same: 1 &#8211; Centrum Polsko-S\u0142owaia\u0144skie, 2 &#8211; Dom Narodowy i 3- Parafia \u015aw. Alojzego, na Ridgewood.<\/span><\/p>\n<p style=\"line-height: 1.38; margin-top: 0.2pt; margin-bottom: 10pt\" dir=\"ltr\"><span style=\"color: #000000; font-family: Verdana; font-size: 13px; font-style: normal; font-variant: normal; font-weight: normal; text-decoration: none; vertical-align: baseline; background-color: transparent\">Wa\u017cny paszport. Od Polonii mo\u017ce wiele zale\u017ce\u0107, je\u015bli si\u0119 zmobilizuje i we\u017amie wi\u0119kszy, ni\u017c 10 maja udzia\u0142. I pami\u0119tajmy: kto nie bierze udzia\u0142u w wyborach pozbawia si\u0119 prawa dyskusji na temat sytuacji w Polsce. <\/span><\/p>\n<p><\/strong><strong style=\"font-weight: normal\"><span style=\"color: #000000; font-family: Verdana; font-size: 13px; font-style: normal; font-variant: normal; font-weight: normal; text-decoration: none; vertical-align: baseline; background-color: transparent\">Nie by\u0142o, od czasu komunizmu wi\u0119kszej potrzeby zmian, ni\u017c jest teraz. Je\u015bli nie we\u017amiemy udzia\u0142u w tych zmianach, to znaczy, \u017ce los Ojczyzny jest nam ca\u0142kowicie oboj\u0119tny.<\/span><br \/>\n<\/strong><\/p>\n","protected":false},"excerpt":{"rendered":"<p>Nie wiem, kto doradzi\u0142 Andrzejowi Dudzie udzia\u0142 w debacie w TVN; jesli to jego doradcy, to zwolni\u0142bym ich w trybie natychmiastowym, a je\u015bli to jego pomys\u0142, to znaczy, \u017ce albo nie zdaje sobie sprawy, w co si\u0119 pakuje, albo ma co\u015b tak mocnego, \u017ce nawet TVN nie pomo\u017ce Komorowskiemu.\u00a0<\/p>\n","protected":false},"author":2,"featured_media":0,"comment_status":"open","ping_status":"open","sticky":false,"template":"","format":"standard","meta":[],"categories":[4],"tags":[],"_links":{"self":[{"href":"https:\/\/sporek.com\/blog\/index.php?rest_route=\/wp\/v2\/posts\/496"}],"collection":[{"href":"https:\/\/sporek.com\/blog\/index.php?rest_route=\/wp\/v2\/posts"}],"about":[{"href":"https:\/\/sporek.com\/blog\/index.php?rest_route=\/wp\/v2\/types\/post"}],"author":[{"embeddable":true,"href":"https:\/\/sporek.com\/blog\/index.php?rest_route=\/wp\/v2\/users\/2"}],"replies":[{"embeddable":true,"href":"https:\/\/sporek.com\/blog\/index.php?rest_route=%2Fwp%2Fv2%2Fcomments&post=496"}],"version-history":[{"count":0,"href":"https:\/\/sporek.com\/blog\/index.php?rest_route=\/wp\/v2\/posts\/496\/revisions"}],"wp:attachment":[{"href":"https:\/\/sporek.com\/blog\/index.php?rest_route=%2Fwp%2Fv2%2Fmedia&parent=496"}],"wp:term":[{"taxonomy":"category","embeddable":true,"href":"https:\/\/sporek.com\/blog\/index.php?rest_route=%2Fwp%2Fv2%2Fcategories&post=496"},{"taxonomy":"post_tag","embeddable":true,"href":"https:\/\/sporek.com\/blog\/index.php?rest_route=%2Fwp%2Fv2%2Ftags&post=496"}],"curies":[{"name":"wp","href":"https:\/\/api.w.org\/{rel}","templated":true}]}}