{"id":497,"date":"2015-05-19T23:27:51","date_gmt":"2015-05-20T03:27:51","guid":{"rendered":"http:\/\/sporek.com\/blog\/?p=497"},"modified":"2015-05-19T23:58:05","modified_gmt":"2015-05-20T03:58:05","slug":"ponizej-pasa-a","status":"publish","type":"post","link":"https:\/\/sporek.com\/blog\/?p=497","title":{"rendered":"Poni\u017cej pasa, a"},"content":{"rendered":"<p><strong style=\"font-weight: normal\"><\/p>\n<p id=\"docs-internal-guid-dbdf419d-6f5a-2733-d8eb-b7c2608a9cf9\" style=\"line-height: 1.38; margin-top: 0pt; margin-bottom: 0pt\" dir=\"ltr\"><span style=\"color: #000000; font-family: Arial; font-size: 15px; font-style: normal; font-variant: normal; font-weight: normal; text-decoration: none; vertical-align: baseline; background-color: transparent\">Polsk\u0119 mamy w d\u2026..<\/span><\/p>\n<p style=\"line-height: 1.38; margin-top: 0pt; margin-bottom: 0pt\" dir=\"ltr\"><span style=\"color: #000000; font-family: Arial; font-size: 15px; font-style: normal; font-variant: normal; font-weight: normal; text-decoration: none; vertical-align: baseline; background-color: transparent\">Nikt ju\u017c chyba nie wierzy, \u017ce ko\u0144cz\u0105cemu kadencj\u0119 Komorowskiemu i jego tzw. \u201czapleczu, czyli wsp\u00f3\u0142pracownikom, jak i \u201cpoddanym\u201d dziennikarzom typu Lis, czy miernym, ale wiernym aktorom typu Karolak, chodzi o Polsk\u0119.<\/span><\/p>\n<p><\/strong><!--more--><\/p>\n<p><strong style=\"font-weight: normal\"><\/p>\n<p style=\"line-height: 1.38; margin-top: 0pt; margin-bottom: 10pt\" dir=\"ltr\"><span style=\"color: #000000; font-family: Arial; font-size: 15px; font-style: normal; font-variant: normal; font-weight: normal; text-decoration: none; vertical-align: baseline; background-color: transparent\">Od 10 kwietnia, 2010 roku uwa\u017cam, i tego przekonania nie zmieni\u0119, \u017ce Komorowski pope\u0142ni\u0142 przest\u0119pstwo wgl\u0119dem Konstytucji RP wchodz\u0105c do pa\u0142acu prezydenckiego zanim jeszcze og\u0142oszono \u015bmier\u0107 Prezydenta Lecha Kaczy\u0144skiego. I nikt mnie nie przekona, \u017ce by\u0142o to w zgodzie w Konstytucj\u0105. Nieuczciwo\u015b\u0107, w postaci k\u0142amstwa pope\u0142ni\u0142 r\u00f3wnie\u017c w debacie, zarzucaj\u0105c Andrzejowi Dudzie, \u017ce \u201cblokuje etat\u201d. Ale on ma k\u0142amstwa wytrenowane tak samo, jak swoje durne odzywki i jeszcze durniejsze zachowania.<\/span><\/p>\n<p style=\"line-height: 1.38; margin-top: 0pt; margin-bottom: 10pt\" dir=\"ltr\"><span style=\"color: #000000; font-family: Arial; font-size: 15px; font-style: normal; font-variant: normal; font-weight: normal; text-decoration: none; vertical-align: baseline; background-color: transparent\">A zaraz potem, czyli, gdy opad\u0142 nastr\u00f3j \u017ca\u0142oby narodowej, wszyscy mogli\u015bmy si\u0119 przekona\u0107, \u017ce ani \u201ctelewizorom\u201d, ani pismakom z \u201cWybi\u00f3rczej\u201d o Polsk\u0119 nie chodzi\u0142o. Ich rajcowa\u0142y stanowiska. Nie inaczej by\u0142o z pos\u0142ami; kasa, mamona, luksusy, zegarki. Polska by\u0142a na dalekim planie. Bardzo dalekim. Blisko by\u0142o im jedynie do trwonienia maj\u0105tku narodowego.<\/span><\/p>\n<p style=\"line-height: 1.38; margin-top: 0pt; margin-bottom: 10pt\" dir=\"ltr\"><span style=\"color: #000000; font-family: Arial; font-size: 15px; font-style: normal; font-variant: normal; font-weight: normal; text-decoration: none; vertical-align: baseline; background-color: transparent\">Dzi\u015b, po przegranej przez ich \u201cidola\u201d pierwszej turrze, ods\u0142onili swoje oblicza. Lisa nigdy nie uwa\u017ca\u0142em za dobrego dziennikarza, a ju\u017c tym bardziej za \u201cwybitnego\u201d. \u017burnalista, kt\u00f3ry raz w tygodniu musi pos\u0142ugiwa\u0107 si\u0119 j\u0119zykiem m\u00f3wionym i kt\u00f3ry potrafi powt\u00f3rzy\u0107 s\u0142owo \u201c\u017ce\u201d pi\u0119\u0107, sze\u015b\u0107, albo i siedem razy pod rz\u0105d, jest dziennikarzem z kompleksami, kt\u00f3remu przysz\u0142o stan\u0105\u0107 przed widowni\u0105 w studio i po drugiej stronie ekranu. To \u201c\u017ce, \u017ce, \u017ce, \u017ce, \u017ce\u201d s\u0142u\u017cy mu w pr\u00f3bach podniesienia swojego IQ, jak laska \u015blepemu w omini\u0119ciu przeszk\u00f3d. A Karolak? Gdyby nie r\u00f3\u017cne tytu\u0142y film\u00f3w, my\u015bla\u0142bym, \u017ce dla niego ci\u0105gle pisz\u0105 te same scenariusze, a re\u017cyserzy wymagaj\u0105 od niego ci\u0105gle takiego samego grania. Jest nudny, jak flaki z olejem. A teraz obydwaj mierni, ale wierni okazali si\u0119 dodatkowo jeszcze prymitywami. Takiego chamstwa, jakie zaprezentowali ci dwaj panowie nie by\u0142o ju\u017c dawno w \u017cadnej kampanii wyborczej. To, \u017ce si\u0119 niby \u201cpokajali\u201d (wersja Kra\u015bki, to ju\u017c kompletna \u017cenada), pog\u0142\u0119bia jedynie ich \u017ca\u0142osn\u0105 \u201caktywno\u015b\u0107\u201d polityczn\u0105.<\/span><\/p>\n<p style=\"line-height: 1.38; margin-top: 0pt; margin-bottom: 10pt\" dir=\"ltr\"><span style=\"color: #000000; font-family: Arial; font-size: 15px; font-style: normal; font-variant: normal; font-weight: normal; text-decoration: none; vertical-align: baseline; background-color: transparent\">Mam nadziej\u0119, \u017ce przys\u0142u\u017cy si\u0119 to zwyci\u0119stwu Dudy, jak niegdy\u015b bezczelna i poni\u017cej pasa krytyka \u201cPasji Chrystusa\u201d, Mela Gibsona, przez \u017byd\u00f3w spowodowa\u0142a ogromny sukces kasowy tego dzie\u0142a. Czy Polacy mog\u0105 mie\u0107 tyle\u017c samo prymitywnego my\u015blenia, ile te dwie miernoty? Nie wierz\u0119. Nie wierz\u0119, \u017ce polskie spo\u0142ecze\u0144stwo zatraci\u0142o poczucie zwyk\u0142ej uczciwo\u015bci, ba, \u00a0powiedzia\u0142bym grzeczno\u015bci, kultury osobistej.<\/span><\/p>\n<p style=\"line-height: 1.38; margin-top: 0pt; margin-bottom: 10pt\" dir=\"ltr\"><span style=\"color: #000000; font-family: Arial; font-size: 15px; font-style: normal; font-variant: normal; font-weight: normal; text-decoration: none; vertical-align: baseline; background-color: transparent\">Ale Drodzy Czytelnicy, zwr\u00f3\u0107cie uwag\u0119, jak skonstruowano ten ostatni etap: debata w czwartek, w pi\u0105tek od p\u00f3\u0142nocy ju\u017c cisza wyborcza. K\u0142amstwa rzucone w Dud\u0119 podczas debaty, nie b\u0119d\u0105 ju\u017c mia\u0142y szans na sprostowania, odwo\u0142ywanie. A po drugiej stronie wybitni specjali\u015bci od takiego kombinowania. I to w liczbie czterech. <\/span><\/p>\n<p><\/strong><strong style=\"font-weight: normal\"><span style=\"color: #000000; font-family: Arial; font-size: 15px; font-style: normal; font-variant: normal; font-weight: normal; text-decoration: none; vertical-align: baseline; background-color: transparent\">Panie Andrzeju Duda, atak na Pana c\u00f3rk\u0119 i to w\u0142a\u015bnie przez ludzi TVN uzna\u0142bym, na Pana miejscu za wystarczaj\u0105cy pow\u00f3d, aby nie wzi\u0105\u0107 udzia\u0142u w debacie organizowanej w siedzibie tego szamba. I postawi\u0142bym warunek: u Ojca Rydzyka, albo Telewizja Republika. Jednego i drugiego Komorowski boi si\u0119, jak diabe\u0142 \u015bwi\u0119conej wody. Nie wiem, kto z Pa\u0144stwa ogl\u0105da\u0142 relacje z owego, poniedzia\u0142kowego \u201cspaceru\u201d Komorowskiego po Krakowskim Przedmie\u015bciu. Ot\u00f3\u017c, w pewnym momencie dziennikarka Telewizji Republika zapyta\u0142a go, czy przyj\u0105\u0142by zaproszenie na debat\u0119 do Telewizji Republika? Komorowski nie odpowiedzia\u0142. Za to, z naprawd\u0119 g\u0142upkowatym u\u015bmiechem na ustach zwr\u00f3ci\u0142 si\u0119 do otaczaj\u0105cych go ludzi: <\/span><span style=\"color: #000000; font-family: Arial; font-size: 15px; font-style: italic; font-variant: normal; font-weight: normal; text-decoration: none; vertical-align: baseline; background-color: transparent\">\u201cprosz\u0119 pa\u0144stwa. prosz\u0119 teraz uwa\u017ca\u0107, bo b\u0119dziemy przechodzi\u0107 na drug\u0105 stron\u0119\u201d. <\/span><span style=\"color: #000000; font-family: Arial; font-size: 15px; font-style: normal; font-variant: normal; font-weight: normal; text-decoration: none; vertical-align: baseline; background-color: transparent\">Wyj\u0105tkowy erudyta. I jaki odwa\u017cny. A pami\u0119tacie dyskusj\u0119 z gimnazjalist\u0105? To dopiero \u017cenada. Czy mam wierzy\u0107, \u017ce Polacy chc\u0105 takiego w\u0142a\u015bnie prezydenta? Taki kto\u015b ma by\u0107 g\u0142ow\u0105 pa<\/span><\/strong><span style=\"font-weight: normal\"><span style=\"color: #000000; font-family: Arial; font-size: 15px; font-style: normal; font-variant: normal; font-weight: normal; text-decoration: none; vertical-align: baseline; background-color: transparent\">\u0144<\/span><\/span><strong style=\"font-weight: normal\"><span style=\"color: #000000; font-family: Arial; font-size: 15px; font-style: normal; font-variant: normal; font-weight: normal; text-decoration: none; vertical-align: baseline; background-color: transparent\">stwa? Nie wierz\u0119. <\/span><br \/>\n<\/strong><\/p>\n","protected":false},"excerpt":{"rendered":"<p>Polsk\u0119 mamy w d\u2026.. Nikt ju\u017c chyba nie wierzy, \u017ce ko\u0144cz\u0105cemu kadencj\u0119 Komorowskiemu i jego tzw. \u201czapleczu, czyli wsp\u00f3\u0142pracownikom, jak i \u201cpoddanym\u201d dziennikarzom typu Lis, czy miernym, ale wiernym aktorom typu Karolak, chodzi o Polsk\u0119.<\/p>\n","protected":false},"author":2,"featured_media":0,"comment_status":"open","ping_status":"open","sticky":false,"template":"","format":"standard","meta":[],"categories":[4],"tags":[],"_links":{"self":[{"href":"https:\/\/sporek.com\/blog\/index.php?rest_route=\/wp\/v2\/posts\/497"}],"collection":[{"href":"https:\/\/sporek.com\/blog\/index.php?rest_route=\/wp\/v2\/posts"}],"about":[{"href":"https:\/\/sporek.com\/blog\/index.php?rest_route=\/wp\/v2\/types\/post"}],"author":[{"embeddable":true,"href":"https:\/\/sporek.com\/blog\/index.php?rest_route=\/wp\/v2\/users\/2"}],"replies":[{"embeddable":true,"href":"https:\/\/sporek.com\/blog\/index.php?rest_route=%2Fwp%2Fv2%2Fcomments&post=497"}],"version-history":[{"count":0,"href":"https:\/\/sporek.com\/blog\/index.php?rest_route=\/wp\/v2\/posts\/497\/revisions"}],"wp:attachment":[{"href":"https:\/\/sporek.com\/blog\/index.php?rest_route=%2Fwp%2Fv2%2Fmedia&parent=497"}],"wp:term":[{"taxonomy":"category","embeddable":true,"href":"https:\/\/sporek.com\/blog\/index.php?rest_route=%2Fwp%2Fv2%2Fcategories&post=497"},{"taxonomy":"post_tag","embeddable":true,"href":"https:\/\/sporek.com\/blog\/index.php?rest_route=%2Fwp%2Fv2%2Ftags&post=497"}],"curies":[{"name":"wp","href":"https:\/\/api.w.org\/{rel}","templated":true}]}}