{"id":498,"date":"2015-05-21T20:24:44","date_gmt":"2015-05-22T00:24:44","guid":{"rendered":"http:\/\/sporek.com\/blog\/?p=498"},"modified":"2015-05-21T20:36:31","modified_gmt":"2015-05-22T00:36:31","slug":"ta-ostatnia-niedziela%e2%80%a6","status":"publish","type":"post","link":"https:\/\/sporek.com\/blog\/?p=498","title":{"rendered":"Ta ostatnia niedziela\u2026"},"content":{"rendered":"<p><strong style=\"font-weight: normal\"><\/p>\n<p id=\"docs-internal-guid-7abd2bbd-7901-c099-45b7-276daf9b9809\" style=\"line-height: 1.38; margin-top: 0pt; margin-bottom: 0pt\" dir=\"ltr\"><span style=\"color: #000000; font-family: Verdana; font-size: 13px; font-style: normal; font-variant: normal; font-weight: normal; text-decoration: none; vertical-align: baseline; background-color: transparent\">Tak, to b\u0119dzie ju\u017c ostatnia niedziela szale\u0144stwa wyborczego. Ostatni etap tego szale\u0144stwa pokaza\u0142 niezwykle dobitnie, jak zdeterminowani s\u0105 ludzie z zaplecza Komorowskiego.\u00a0<\/span><\/p>\n<p><\/strong><!--more--><strong style=\"font-weight: normal\"><\/p>\n<p id=\"docs-internal-guid-7abd2bbd-7901-c099-45b7-276daf9b9809\" style=\"line-height: 1.38; margin-top: 0pt; margin-bottom: 0pt\" dir=\"ltr\"><span style=\"color: #000000; font-family: Verdana; font-size: 13px; font-style: normal; font-variant: normal; font-weight: normal; text-decoration: none; vertical-align: baseline; background-color: transparent\">Przyk\u0142adem najbardziej obrzydliwym byli Lis z Karolakiem, ale i sztab Komorowskiego ze spotem \u201cAndrzej Duda was wyduda\u201d. Powt\u00f3rz\u0119 z poprzedniego artyku\u0142u: tym ludziom nie chodzi o Polsk\u0119. Dla nich wa\u017cne s\u0105 ich pozycje, ale nade wszystko piekielny strach: co ich czeka po przegranej? Strasznie si\u0119 ba\u0142em o Andrzeja Dud\u0119 w tej, dzisiejszej debacie, oko w oko z czw\u00f3rk\u0105 z zadeklarowanych wrog\u00f3w PiSu, w siedzibie tej wrogo\u015bci, czyli TVN. Da\u0142 rad\u0119. <span id=\"docs-internal-guid-7abd2bbd-7907-a36f-f91f-4c350b22d66c\" style=\"color: #000000; font-family: Verdana; font-size: 13px; font-style: normal; font-variant: normal; font-weight: normal; text-decoration: none; vertical-align: baseline; background-color: transparent\">Przy okazji \u201cbrawo\u201d dla Salety, &#8211; \u015bwietnie wkomponowa\u0142 si\u0119 w has\u0142o \u201czgoda i bezpiecze\u0144stwo\u201d, wr\u0119czaj\u0105c Komorowskiemu r\u0119kawice (c\u00f3\u017c m\u00f3g\u0142 wr\u0119czy\u0107 mordobijec?), ze s\u0142owami: \u201cmam nadziej\u0119, \u017ce znokautuje pan IV RP\u201d. Ot, zgoda i bezpiecze\u0144stwo, &#8211; strach si\u0119 ba\u0107.<\/span><br \/>\nPozostaje wi\u0119c niedziela w Polsce i sobota w Stanach. Je\u015bli jednak kto\u015b my\u015bli, \u017ce wszystko p\u00f3jdzie g\u0142adko, gdy kandydat PiSu wygra II-\u0105 tur\u0119, to si\u0119 bardzo myli. Ju\u017c bowiem POwsko-PSLowski sejm dopycha kolanem ustaw\u0119 o mozliwo\u015bci zawieszenia czynno\u015bci prezydenckich przez marsza\u0142ka sejmu, je\u015bli tylko znajdzie on jakie\u015b symptomy \u201cz\u0142ego\u201d zachowania prezydenta. Oczywi\u015bcie chodzi o prezydenta Dud\u0119; Komorowski jest bez skazy; pi\u0119knie m\u00f3wi, bez kartki, bezb\u0142\u0119dnie pisze, ma nienaganne maniery, zw\u0142aszcza na arenie mi\u0119dzynarodowej. Dla niego takiej ustawy nie trzeba. Potrzebna jest na wypadek, gdyby prezydentem zosta\u0142 Andrzej Duda. Obecne dzia\u0142anie sejmu jest niezwykle niebezpieczne, bo wskazuje ponadto, \u017ce cz\u0142owiekiem, kt\u00f3ry m\u00f3g\u0142by przej\u0105\u0107 obowi\u0105zki prezydenta by\u0142by Sikorski. Czy mog\u0142oby by\u0107 co\u015b gorszego? Metamorfoza Komorowskiego (jak\u017cesz szybka decyzja o referendum i to za 100 milion\u00f3w z\u0142otych), dotycz\u0105ca JOW\u00f3w, to kolejny dow\u00f3d, \u017ce zrobi on wszystko, aby pozosta\u0107, aby rzutem na ta\u015bm\u0119 wygra\u0107. Jestem dziwnie przekonany, \u017ce referendum zostanie sprytnie odwo\u0142ane.<\/span><\/p>\n<p style=\"line-height: 1.38; margin-top: 0pt; margin-bottom: 0pt\" dir=\"ltr\"><span style=\"color: #000000; font-family: Verdana; font-size: 13px; font-style: normal; font-variant: normal; font-weight: normal; text-decoration: none; vertical-align: baseline; background-color: transparent\">G\u0142osuj\u0105c w sobot\u0119 w Stanach i w niedziel\u0119 w Polsce powinni\u015bmy mie\u0107 jedn\u0105 rzecz w naszej \u015bwiadomo\u015bci: Komorowski, a WSI. I ju\u017c nic wi\u0119cej nie trzeba. Oni wyprowadzili z Polski miliardy, szkodzili i nadal szkodz\u0105 Polsce ze wszystkich swoich si\u0142. <\/span><\/p>\n<p style=\"line-height: 1.38; margin-top: 0pt; margin-bottom: 0pt\" dir=\"ltr\"><span style=\"color: #000000; font-family: Verdana; font-size: 13px; font-style: normal; font-variant: normal; font-weight: normal; text-decoration: none; vertical-align: baseline; background-color: transparent\">Je\u015bli kto\u015b chce si\u0119 jednak jeszcze czym\u015b podeprze\u0107, aby tak na sto procent podj\u0105\u0107 decyzj\u0119, o nie g\u0142osowaniu na przedstawiciela Platformy (jakim jest w\u0142a\u015bnie Komorowski), to niech sobie obejrzy te dwa filmiki:<\/span><\/p>\n<p style=\"line-height: 1.38; margin-top: 0pt; margin-bottom: 10pt\" dir=\"ltr\"><span style=\"color: #222222; font-family: Verdana; font-size: 13px; font-style: normal; font-variant: normal; font-weight: normal; text-decoration: none; vertical-align: baseline; background-color: transparent\">Jak Donald Tusk pi\u0119knie k\u0142amie i uprawia propagand\u0119!<\/span><a href=\"https:\/\/www.youtube.com\/watch?v=6BEB90j94_c\" style=\"text-decoration: none\"><span style=\"color: #222222; font-family: Verdana; font-size: 13px; font-style: normal; font-variant: normal; font-weight: normal; text-decoration: none; vertical-align: baseline; background-color: transparent\"> <\/span><span style=\"color: #0000ff; font-family: Verdana; font-size: 13px; font-style: normal; font-variant: normal; font-weight: normal; text-decoration: underline; vertical-align: baseline; background-color: transparent\">https:\/\/www.youtube.com\/watch?v=6BEB90j94_c<\/span><\/a><\/p>\n<p style=\"line-height: 1.2; margin-top: 0pt; margin-bottom: 10pt\" dir=\"ltr\"><span style=\"color: #222222; font-family: Verdana; font-size: 13px; font-style: normal; font-variant: normal; font-weight: normal; text-decoration: none; vertical-align: baseline; background-color: transparent\">The Best of Donald Tusk:<\/span><\/p>\n<p style=\"line-height: 1.2; margin-top: 0pt; margin-bottom: 10pt\" dir=\"ltr\"><a href=\"https:\/\/www.youtube.com\/watch?annotation_id=annotation_2405740591&amp;feature=iv&amp;src_vid=mWvU7C8gYRY&amp;v=LbaaWKqXYfw\" style=\"text-decoration: none\"><span style=\"color: #0000ff; font-family: Verdana; font-size: 13px; font-style: normal; font-variant: normal; font-weight: normal; text-decoration: underline; vertical-align: baseline; background-color: transparent\">https:\/\/www.youtube.com\/watch?annotation_id=annotation_2405740591&amp;feature=iv&amp;src_vid=mWvU7C8gYRY&amp;v=LbaaWKqXYfw<\/span><\/a><\/p>\n<p style=\"line-height: 1.38; margin-top: 0pt; margin-bottom: 0pt\" dir=\"ltr\"><span style=\"color: #000000; font-family: Verdana; font-size: 13px; font-style: normal; font-variant: normal; font-weight: normal; text-decoration: none; vertical-align: baseline; background-color: transparent\">Nade wszystko jednak &#8211; we\u017amy udzia\u0142 w tej II-ej turze. To nasz bezwgl\u0119dny obowi\u0105zek, je\u015bli chcemy cho\u0107 w najmniejszym stopniu mie\u0107 wp\u0142yw na to, czy b\u0119dzie tam po co wraca\u0107, czy polska mlodzie\u017c b\u0119dzie mia\u0142a szanse pozostania w kraju, czy p\u00f3jdzie na poniewierk\u0119.<\/span><\/p>\n<p style=\"line-height: 1.38; margin-top: 0pt; margin-bottom: 0pt\" dir=\"ltr\"><span style=\"color: #000000; font-family: Verdana; font-size: 13px; font-style: normal; font-variant: normal; font-weight: normal; text-decoration: none; vertical-align: baseline; background-color: transparent\">Czeka\u0142em do dzi\u015b na has\u0142o <\/span><span style=\"color: #000000; font-family: Verdana; font-size: 13px; font-style: normal; font-variant: normal; font-weight: bold; text-decoration: none; vertical-align: baseline; background-color: transparent\">Kukiza<\/span><span style=\"color: #000000; font-family: Verdana; font-size: 13px; font-style: normal; font-variant: normal; font-weight: normal; text-decoration: none; vertical-align: baseline; background-color: transparent\">: <\/span><span style=\"color: #000000; font-family: Verdana; font-size: 13px; font-style: normal; font-variant: normal; font-weight: bold; text-decoration: none; vertical-align: baseline; background-color: transparent\">oddaj\u0119 g\u0142os na Andrzeja Dud\u0119<\/span><span style=\"color: #000000; font-family: Verdana; font-size: 13px; font-style: normal; font-variant: normal; font-weight: normal; text-decoration: none; vertical-align: baseline; background-color: transparent\">. Nie zrobi\u0142 tego, &#8211; szkoda, bo to nie Andrzej Duda, nie PiS rozwalili polsk\u0105 gospodark\u0119. To nie oni wyprzedali, co si\u0119 da\u0142o, to nie Duda i nie PiS zwielokrotnili d\u0142ug Gierka, to nie oni wymy\u015blili, \u017ce to dziki kraj, \u017ce to ch\u2026, d\u2026 i kamieni kupa, \u017ce to pa\u0144stwo istnieje tylko teoretycznie. <\/span><\/p>\n<p style=\"line-height: 1.38; margin-top: 0pt; margin-bottom: 0pt\" dir=\"ltr\"><span style=\"color: #000000; font-family: Verdana; font-size: 13px; font-style: normal; font-variant: normal; font-weight: bold; text-decoration: none; vertical-align: baseline; background-color: transparent\">Pawle Kukizie<\/span><span style=\"color: #000000; font-family: Verdana; font-size: 13px; font-style: normal; font-variant: normal; font-weight: normal; text-decoration: none; vertical-align: baseline; background-color: transparent\">, apeluj\u0119 do Pana, jest jeszcze kilkana\u015bcie godzin, aby wypu\u015bci\u0142 Pan w eter te magiczne pi\u0119\u0107 s\u0142\u00f3w: <\/span><span style=\"color: #000000; font-family: Verdana; font-size: 13px; font-style: normal; font-variant: normal; font-weight: bold; text-decoration: none; vertical-align: baseline; background-color: transparent\">oddaj\u0119 g\u0142os na Andrzeja Dud\u0119<\/span><span style=\"color: #000000; font-family: Verdana; font-size: 13px; font-style: normal; font-variant: normal; font-weight: normal; text-decoration: none; vertical-align: baseline; background-color: transparent\">.<\/span><\/p>\n<p><\/strong><strong style=\"font-weight: normal\"><span style=\"color: #000000; font-family: Verdana; font-size: 13px; font-style: normal; font-variant: normal; font-weight: normal; text-decoration: none; vertical-align: baseline; background-color: transparent\">Potem mo\u017ce Pan przecie\u017c nadal walczy\u0107 o JOWy i nadal mo\u017ce Pan walczy\u0107 z systemem. Nawet b\u0119d\u0119 pana wspiera\u0142, bo w wielu sprawach zgadzam si\u0119 z Panem, ale teraz, nie mo\u017cemy odda\u0107 Polski \u0142obuzom, kt\u00f3rzy maj\u0105 bezczelny i prosty plan; &#8211; zniszczy\u0107.<\/span><br \/>\n<\/strong><\/p>\n","protected":false},"excerpt":{"rendered":"<p>Tak, to b\u0119dzie ju\u017c ostatnia niedziela szale\u0144stwa wyborczego. Ostatni etap tego szale\u0144stwa pokaza\u0142 niezwykle dobitnie, jak zdeterminowani s\u0105 ludzie z zaplecza Komorowskiego.\u00a0<\/p>\n","protected":false},"author":2,"featured_media":0,"comment_status":"open","ping_status":"open","sticky":false,"template":"","format":"standard","meta":[],"categories":[4],"tags":[],"_links":{"self":[{"href":"https:\/\/sporek.com\/blog\/index.php?rest_route=\/wp\/v2\/posts\/498"}],"collection":[{"href":"https:\/\/sporek.com\/blog\/index.php?rest_route=\/wp\/v2\/posts"}],"about":[{"href":"https:\/\/sporek.com\/blog\/index.php?rest_route=\/wp\/v2\/types\/post"}],"author":[{"embeddable":true,"href":"https:\/\/sporek.com\/blog\/index.php?rest_route=\/wp\/v2\/users\/2"}],"replies":[{"embeddable":true,"href":"https:\/\/sporek.com\/blog\/index.php?rest_route=%2Fwp%2Fv2%2Fcomments&post=498"}],"version-history":[{"count":0,"href":"https:\/\/sporek.com\/blog\/index.php?rest_route=\/wp\/v2\/posts\/498\/revisions"}],"wp:attachment":[{"href":"https:\/\/sporek.com\/blog\/index.php?rest_route=%2Fwp%2Fv2%2Fmedia&parent=498"}],"wp:term":[{"taxonomy":"category","embeddable":true,"href":"https:\/\/sporek.com\/blog\/index.php?rest_route=%2Fwp%2Fv2%2Fcategories&post=498"},{"taxonomy":"post_tag","embeddable":true,"href":"https:\/\/sporek.com\/blog\/index.php?rest_route=%2Fwp%2Fv2%2Ftags&post=498"}],"curies":[{"name":"wp","href":"https:\/\/api.w.org\/{rel}","templated":true}]}}