{"id":5,"date":"2006-11-27T22:37:42","date_gmt":"2006-11-28T02:37:42","guid":{"rendered":"http:\/\/sporek.com\/blog\/?p=5"},"modified":"2007-09-21T20:50:53","modified_gmt":"2007-09-22T00:50:53","slug":"dziwny-ten-swiat%e2%80%a6dziwny-ten-narod%e2%80%a6","status":"publish","type":"post","link":"https:\/\/sporek.com\/blog\/?p=5","title":{"rendered":"Dziwny ten \u015bwiat\u2026dziwny ten nar\u00f3d\u2026"},"content":{"rendered":"<p><span goog_ds_charIndex=\"37\" class=\"date\"><span goog_ds_charIndex=\"37\" class=\"date\">Dziewi\u0119\u0107dziesi\u0105t procent <em>przypadkowego<\/em> spo\u0142ecze\u0144stwa.<\/span><\/span><span goog_ds_charIndex=\"37\" class=\"date\"><span goog_ds_charIndex=\"37\" class=\"date\"><\/span><\/span><span goog_ds_charIndex=\"37\" class=\"date\"><span goog_ds_charIndex=\"37\" class=\"date\"><\/p>\n<p goog_ds_charIndex=\"106\" align=\"left\" class=\"MsoNormal\">W jednym ze swoich artyku\u0142\u00f3w Janusz Korwin-Mikke nazwa\u0142 polskie spo\u0142ecze\u0144stwo przypadkowym i to w 97%. Trafno\u015b\u0107 opinii tego znakomitego dziennikarza jest po prostu pora\u017caj\u0105ca. Pozwalam sobie zapo\u017cyczy\u0107 owo sformuowanie, ale b\u0119d\u0119 nieco \u0142agodniejszy i stwierdz\u0119, \u017ce jest tak w 90%.<\/p>\n<p goog_ds_charIndex=\"388\" align=\"left\" class=\"MsoNormal\">Okres wybor\u00f3w do w\u0142adz terenowych w Polsce, jak i same wybory, a przede wszystkim ich wyniki, dla pozosta\u0142ych dziesi\u0119ciu procent by\u0142 okresem my\u015blenia o Ojczy\u017anie, jej przysz\u0142o\u015bci, jej losach. Te dziesi\u0119\u0107 procent posz\u0142o do wybor\u00f3w z pe\u0142n\u0105 \u015bwiadomo\u015bci\u0105 powagi chwili, \u015bwiadomo\u015bci\u0105 przywileju, jaki daje nam demokracja, a wi\u0119c przede wszystkim i ponad wszystko: wsp\u00f3\u0142decydowania o losach w\u0142asnego kraju poprzez udzia\u0142 w g\u0142osowaniu.<\/p>\n<p goog_ds_charIndex=\"819\" align=\"left\" class=\"MsoNormal\">Reszta posz\u0142a do urn przypadkowo (je\u015bli posz\u0142a) i przypadkowo zag\u0142osowa\u0142a prawdopodobnie nie znaj\u0105c \u017cyciorys\u00f3w kandydat\u00f3w, lub nie przejmuj\u0105c si\u0119 kompletnie nawo\u0142ywaniami trze\u017awych komentator\u00f3w o tym, \u017ce najgorszy kandydat PiS-u lepszy b\u0119dzie od najlepszego kandydata PO, czy, nie daj Bo\u017ce, SLD.<!--more--><\/p>\n<p goog_ds_charIndex=\"1131\" align=\"left\" class=\"MsoNormal\">Wysz\u0142o inaczej. W Warszawie rz\u0105dzi\u0107 b\u0119dzie HGW, czyli Hanna Gronkiewicz-Waltz i tu \u017cycz\u0119 Warszawiakom, aby si\u0119 nie zawiedli, skoro tak chcieli i aby za kilka lat nie musieli powiedzie\u0107: \u201eTak nam dobrze, \u017ce dobrze nam tak\u201d.<\/p>\n<p goog_ds_charIndex=\"1356\" align=\"left\" class=\"MsoNormal\">Reszta kraju podzieli\u0142a w\u0142adz\u0119 prawie r\u00f3wno pomi\u0119dzy PiS i PO. Z tego remisu oczywi\u015bcie nie wynika kompletnie nic, bo w\u0142adze terenowe niewiele maj\u0105 do powiedzenia tym z Warszawy i odwrotnie.<\/p>\n<p goog_ds_charIndex=\"1549\" align=\"left\" class=\"MsoNormal\">Dlaczego postanowi\u0142em zapo\u017cyczy\u0107 obra\u017aliwego, b\u0105d\u017a, co b\u0105d\u017a okre\u015blenia Janusza Korwina-Mikke na temat naszego narodu?\u00a0\u00a0 A no, z bardzo prostego powodu.\u00a0\u00a0 Jeste\u015bmy narodem nie wykorzystanych szans, &#8211; to po pierwsze, po drugie jeste\u015bmy narodem dzia\u0142aj\u0105cym od przypadku, do przypadku, po trzecie wreszcie &#8211; jeste\u015bmy narodem specjalizuj\u0105cym si\u0119 w zaprzepaszczaniu szans. I nie wychodzi mi inaczej, jak tylko, \u017ce nauczyli nas tego powojenni piewcy komunizmu i wszelkich dobroci z tego barach\u0142a wynikaj\u0105cych.<\/p>\n<p goog_ds_charIndex=\"2054\" align=\"left\" class=\"MsoNormal\">Ad 1: nie wykorzystane szanse:<\/p>\n<p goog_ds_charIndex=\"2087\" align=\"left\" class=\"MsoNormal\">Marsza\u0142ek Pi\u0142sudzki,- cokolwiek by jego przeciwnicy i wrogowie gadali,- uczyni\u0142 Polsk\u0119 woln\u0105. Zdarzy\u0142 si\u0119 Cud nad Wis\u0142\u0105, ale, kiedy w 45-tym wolno\u015bci chcia\u0142 nas pozbawi\u0107 zboczeniec z w\u0105sikiem, to szybko uwierzyli\u015bmy, \u017ce z powrotem pod Ruskimi b\u0119dzie nam lepiej,- najlepiej. A wi\u0119c Dziadek Pi\u0142sudzki m\u0119czy\u0142 si\u0119 nadaremno. Bohaterowie, szczeg\u00f3lnie AK zostali wdeptani w ziemi\u0119 przez rodzimych fanatyk\u00f3w teorii Lenina i dw\u00f3ch innych brodatych m\u0119drc\u00f3w, Marksa i Engelsa,<\/p>\n<p goog_ds_charIndex=\"2556\" align=\"left\" class=\"MsoNormal\">Ad 2: Od przypadku, do przypadku:<\/p>\n<p goog_ds_charIndex=\"2592\" align=\"left\" class=\"MsoNormal\">Pami\u0119tacie akcje KC, KW, KP? &#8211; tysi\u0105c szk\u00f3\u0142 na tysi\u0105clecie, sadzimy drzewa z okazji rewolucji, malujemy traw\u0119 z okazji wizyty, go\u017adzik dla pa\u0144 z okazji dnia, wszystkie dzieci s\u0105 nasze. Od tego ju\u017c blisko do: \u201emargaryna, to t\u0142uszcz tani, ale zdrowy\u201d<\/p>\n<p goog_ds_charIndex=\"2843\" align=\"left\" class=\"MsoNormal\">\u2013 what a bullshit, &#8211; powiedzia\u0142by zamerykanizowany emigrant.<\/p>\n<p goog_ds_charIndex=\"2906\" align=\"left\" class=\"MsoNormal\">Czesi wo\u0142ali \u201ego\u0142odupki do kupki\u201d, w Polsce by\u0142o \u201eproletariusze wszystkich kraj\u00f3w \u0142\u0105czcie si\u0119\u201d. Morze hase\u0142, akcji w \u201ejedynie s\u0142usznej sprawie\u201d&#8230;i szed\u0142 nar\u00f3d sadzi\u0107 drzewka, i pi\u0105\u0142 si\u0119 po drabinie \u201eprzodownik\u00f3w pracy socjalistycznej\u201d i&#8230;zdycha dzi\u015b z g\u0142odu i nie ma go kto leczy\u0107 i nie ma si\u0119 gdzie leczy\u0107.<\/p>\n<p goog_ds_charIndex=\"3218\" align=\"left\" class=\"MsoNormal\">A co teraz? Po\u0142\u0105czmy wysi\u0142ki, by pom\u00f3c choremu dziecku, zbierajmy pieni\u0105dze, bo pow\u00f3d\u017a zala\u0142a miasta, zr\u00f3bmy akcj\u0119, bo do NATO (na co&#8230;?), i nastepn\u0105, bo do Europy. Tylko po jak\u0105 choler\u0119? Czy kto\u015b wie, ile nas ta Europa b\u0119dzie kosztowa\u0142a? Czy kto\u015b naprawd\u0119 wie i zdaje sobie spraw\u0119, ile musimy zap\u0142aci\u0107 cz\u0142onkowskiego?<\/p>\n<p goog_ds_charIndex=\"3540\" align=\"left\" class=\"MsoNormal\">Akcja, akcja, akcja, a na codzie\u0144? A gdzie szpitale, dla doros\u0142ych, gdzie dla dzieci, gdzie szko\u0142y, gdzie boiska, baseny, parki? W bankach szwajcarskiech&#8230;?<\/p>\n<p goog_ds_charIndex=\"3700\" align=\"left\" class=\"MsoNormal\">Chcemy si\u0119 pozabija\u0107; dla pieni\u0119dzy, dla w\u0142adzy \u2013 sp\u00f3jrzmy na t\u0119 nasz\u0105, po\u017cal si\u0119 Bo\u017ce \u201eopozycj\u0119\u201d: pershingi w oczach, kompletne zignorowanie faktu, \u017ce to przecie\u017c nar\u00f3d wybra\u0142; nienawi\u015b\u0107 do prezydenta i premiera, nawo\u0142ywanie do marsz\u00f3w niepos\u0142usze\u0144stwa. Ludzie, to\u017c to Sodoma i Gomora!<\/p>\n<p goog_ds_charIndex=\"3989\" align=\"left\" class=\"MsoNormal\">Ad 3: specjalizacja &#8211; zaprzepaszczanie szans:<\/p>\n<p goog_ds_charIndex=\"4037\" align=\"left\" class=\"MsoNormal\">Solidarno\u015b\u0107 by\u0142a ruchem, jakiego nie do\u015bwiadczy\u0142 \u017caden nar\u00f3d na \u015bwiecie. Wodzowie Solidarno\u015bci tak si\u0119 przej\u0119li s\u0142owami Papie\u017ca o \u201ewybaczaniu\u201d, \u017ce zamiast odstawi\u0107 komunist\u00f3w kompletnie na margines polityki i \u017cycia publicznego i im przebaczy\u0107, usiedli z nimi do Okr\u0105g\u0142ego Sto\u0142u i dali si\u0119 sprzeda\u0107, Jeden z nich (do znudzenia mo\u017cna by to nazwisko powtarza\u0107) podkre\u015bli\u0142 ca\u0142\u0105 t\u0119 zboczon\u0105 przesz\u0142o\u015b\u0107 \u201egrub\u0105 kresk\u0105\u201d. Szanse przepad\u0142y przy suto zastawionym stole, zupe\u0142nie, jak za kr\u00f3la Sasa &#8211; jedni \u017cr\u0105 i rzygaj\u0105&#8230;fors\u0105, drudzy zaciskaj\u0105 pasa..<\/p>\n<p goog_ds_charIndex=\"4581\" align=\"left\" class=\"MsoNormal\">W 1978 polski Papie\u017c rozpocz\u0105\u0142 panowanie na Stolicy Piotrowej i nar\u00f3d wpad\u0142 w eufori\u0119.<\/p>\n<p goog_ds_charIndex=\"4670\" align=\"left\" class=\"MsoNormal\">Ten wielki Polak przyjecha\u0142 do Ojczyzny i wyg\u0142osi\u0142 \u2013 w samym jej sercu, na \u015brodku Warszawy,- pami\u0119tne s\u0142owa: \u201eNiech zstapi Duch \u015awi\u0119ty i odnowi oblicze Ziemi&#8230;TEJ ZIEMI,\u201d &#8211; podkre\u015bli\u0142 z moc\u0105 Ojciec \u015awi\u0119ty. Podkre\u015bli\u0142, \u017ceby ju\u017c nikt nie mia\u0142 w\u0105tpliwo\u015bci, \u017ce chodzi\u0142o o polsk\u0105 ziemi\u0119. Setki tysi\u0119cy garde\u0142 wrzeszcza\u0142o wiwaty na cze\u015b\u0107 Jana Paw\u0142a Drugiego. Wrzeszcza\u0142o tam, na Placu Zwyci\u0119stwa w stolicy Polski.<\/p>\n<p goog_ds_charIndex=\"5081\" align=\"left\" class=\"MsoNormal\">Kilka lat p\u00f3\u017aniej ten pusty narodek kompletnie o tych s\u0142owach zapomnia\u0142 i tak si\u0119 rozczuli\u0142 nad s\u0142owami kandydata na prezydenta o nazwisku Kwa\u015bniewski, \u017ce wbrew nawo\u0142ywaniu Papie\u017ca o odnow\u0119 TEJ ZIEMI, wybra\u0142 dzia\u0142acza komunistycznej m\u0142odzie\u017c\u00f3wki na g\u0142ow\u0119 pa\u0144stwa. A dzi\u015b m\u00f3wi: by\u0142 przystojniejszy i m\u00f3wi\u0142 po angielsku. Ja te\u017c m\u00f3wi\u0119 po angielsku,- jeszcze dzi\u015b jestem przystojniejszy od Olka, a w m\u0142odo\u015bci chcieli mnie do Hollywood, taki by\u0142em kruczo-czarny. Wybierzcie mnie w takim razie!<\/p>\n<p goog_ds_charIndex=\"5572\" align=\"left\" class=\"MsoNormal\">Czy\u017c mo\u017ce by lepszy przyk\u0142ad totalnego zg\u0142upienia? Oczywi\u015bcie, \u017ce przyczyni\u0142 si\u0119 do tego Lech Wa\u0142\u0119sa, kt\u00f3ry, jako prezydent nie zrobi\u0142 dla Polski nic, co mog\u0142oby zapali\u0107 \u015bwiate\u0142ko w tunelu. Wr\u0119cz odwrotnie; sk\u0142\u00f3ci\u0142, poni\u017cy\u0142, zdepta\u0142 tak\u0105 mas\u0119 wspania\u0142ych dzia\u0142aczy, niegdy\u015b towarzyszy swojego or\u0119\u017ca, \u017ce pozostawi\u0142 jedynie niesmak. Papla\u0142 o drugiej Japonii, dolarach dla ka\u017cdego. \u017beby cho\u0107 mie\u0107 \u0107wier\u0107 tego, co on ma&#8230;<\/p>\n<p goog_ds_charIndex=\"5993\" align=\"left\" class=\"MsoNormal\">S\u0105dzi\u0142em w\u00f3wczas, \u017ce by\u0142a to chwilowa i jednorazowa pomy\u0142ka ludu, kt\u00f3ry igrzysk i wina spragniony, oczekiwa\u0142, \u017ce co\u015b si\u0119 zmieni. Ale ten sam nar\u00f3d, po kolejnych nawo\u0142ywaniach Papie\u017ca, po wydanych przez Niego ksi\u0105\u017ckach \u2013 prozie, poezji, sztukach teatralnych, homiliach -, kolejnych wizytach w Polsce, po kompletnym braku jakichkolwiek pozytywnych zmian, kt\u00f3re m\u00f3g\u0142by (nar\u00f3d) zawdzi\u0119cza\u0107, rz\u0105dom A. Kwa\u015bniewksiego, pi\u0119\u0107 lat p\u00f3\u017aniej wybiera go ponownie na swojego prezydenta.<\/p>\n<p goog_ds_charIndex=\"6468\" align=\"left\" class=\"MsoNormal\">By\u0142y to olbrzymich rozmiar\u00f3w gwo\u017adzie wbijane w trumn\u0119 Jana Paw\u0142a II. Wbijane przez tak przecie ukochany nar\u00f3d, &#8211; tym bardziej zatem bolesne, tym g\u0142\u0119biej rani\u0105ce. \u017beby by\u0142 ju\u017c komplet, to rz\u0105dy w polskim Parlamencie obejmuje \u2013 o ironio \u2013 z woli narodu, wi\u0119kszo\u015bci\u0105 g\u0142os\u00f3w, partia postkomunistyczna SLD. Jak ten Papie\u017c mia\u0142 si\u0119 nie rozchorowa\u0107? Jak nie mia\u0142 cierpie\u0107 nad g\u0142upot\u0105 swoich owieczek?<\/p>\n<p goog_ds_charIndex=\"6865\" align=\"left\" class=\"MsoNormal\">Nie ma ju\u017c \u201enaszego Ojca \u015awi\u0119tego\u201d. Nar\u00f3d przerywa\u0142 Jego homilie wiwatami i \u017cyczy\u0142 Mu sto lat!! Przerywa\u0142 i nie dos\u0142ysza\u0142, czego ten Cz\u0142owiek chcia\u0142. Wa\u017cniejsze by\u0142y wiwaty, ni\u017c chwila zadumy nad Jego s\u0142owami. Ale w\u0142a\u015bnie ju\u017c owe wiwaty \u015bwiadczy\u0142y o bezmy\u015blno\u015bci, bezm\u00f3zgowiu posp\u00f3lstwa, kt\u00f3re tylko w okrzykach widzia\u0142o spos\u00f3b na oddanie czci temu Najwi\u0119kszemu z Polak\u00f3w; Cz\u0142owiekowi znienawidzonemu przez komunist\u00f3w, bed\u0105cego ich moralnym postrachem, dysponuj\u0105cego si\u0142\u0105 ducha, przed kt\u00f3r\u0105 dr\u017ca\u0142y komitety centralne i ubecje wszystkich \u00f3wczesnych Demolud\u00f3w.<\/p>\n<p goog_ds_charIndex=\"7426\" align=\"left\" class=\"MsoNormal\">T\u0119 szans\u0119 te\u017c zaprzepa\u015bcili\u015bmy i najgorsze jest to, \u017ce, niestety &#8211; bezpowrotnie.<\/p>\n<p goog_ds_charIndex=\"7509\" align=\"left\" class=\"MsoNormal\">Czy mamy jaki\u015b wyrzut sumienia, \u017ce oddali\u015bmy wtedy Polsk\u0119 komunistom? A czy jest jaka\u015b gwarancja, \u017ce nie zrobimy tego ponownie?<\/p>\n<p goog_ds_charIndex=\"7639\" align=\"left\" class=\"MsoNormal\">&#8230;Wierz\u0119 w Jednego Boga i&#8230;w rz\u0105dy Kaczy\u0144skich.<\/p>\n<p><\/span><\/span><\/p>\n","protected":false},"excerpt":{"rendered":"<p>Dziewi\u0119\u0107dziesi\u0105t procent przypadkowego spo\u0142ecze\u0144stwa. W jednym ze swoich artyku\u0142\u00f3w Janusz Korwin-Mikke nazwa\u0142 polskie spo\u0142ecze\u0144stwo przypadkowym i to w 97%. Trafno\u015b\u0107 opinii tego znakomitego dziennikarza jest po prostu pora\u017caj\u0105ca. Pozwalam sobie zapo\u017cyczy\u0107 owo sformuowanie, ale b\u0119d\u0119 nieco \u0142agodniejszy i stwierdz\u0119, \u017ce jest tak w 90%. Okres wybor\u00f3w do w\u0142adz terenowych w Polsce, jak i same wybory, [&hellip;]<\/p>\n","protected":false},"author":2,"featured_media":0,"comment_status":"open","ping_status":"open","sticky":false,"template":"","format":"standard","meta":[],"categories":[4],"tags":[],"_links":{"self":[{"href":"https:\/\/sporek.com\/blog\/index.php?rest_route=\/wp\/v2\/posts\/5"}],"collection":[{"href":"https:\/\/sporek.com\/blog\/index.php?rest_route=\/wp\/v2\/posts"}],"about":[{"href":"https:\/\/sporek.com\/blog\/index.php?rest_route=\/wp\/v2\/types\/post"}],"author":[{"embeddable":true,"href":"https:\/\/sporek.com\/blog\/index.php?rest_route=\/wp\/v2\/users\/2"}],"replies":[{"embeddable":true,"href":"https:\/\/sporek.com\/blog\/index.php?rest_route=%2Fwp%2Fv2%2Fcomments&post=5"}],"version-history":[{"count":0,"href":"https:\/\/sporek.com\/blog\/index.php?rest_route=\/wp\/v2\/posts\/5\/revisions"}],"wp:attachment":[{"href":"https:\/\/sporek.com\/blog\/index.php?rest_route=%2Fwp%2Fv2%2Fmedia&parent=5"}],"wp:term":[{"taxonomy":"category","embeddable":true,"href":"https:\/\/sporek.com\/blog\/index.php?rest_route=%2Fwp%2Fv2%2Fcategories&post=5"},{"taxonomy":"post_tag","embeddable":true,"href":"https:\/\/sporek.com\/blog\/index.php?rest_route=%2Fwp%2Fv2%2Ftags&post=5"}],"curies":[{"name":"wp","href":"https:\/\/api.w.org\/{rel}","templated":true}]}}