{"id":500,"date":"2015-05-29T23:53:41","date_gmt":"2015-05-30T03:53:41","guid":{"rendered":"http:\/\/sporek.com\/blog\/?p=500"},"modified":"2015-07-12T04:42:43","modified_gmt":"2015-07-12T08:42:43","slug":"nie-ma-zgody-na-%e2%80%a6-zgode","status":"publish","type":"post","link":"https:\/\/sporek.com\/blog\/?p=500","title":{"rendered":"Nie ma zgody na \u2026 zgod\u0119"},"content":{"rendered":"<p><strong style=\"font-weight: normal\"><\/p>\n<p id=\"docs-internal-guid-e5b1e0e6-a2f1-b16d-4cbb-62403bc6f38c\" style=\"line-height: 1.38; margin-top: 0pt; margin-bottom: 0pt\" dir=\"ltr\"><span style=\"color: #000000; font-family: Verdana; font-size: 13px; font-style: normal; font-variant: normal; font-weight: normal; text-decoration: none; vertical-align: baseline; background-color: transparent\">Trzeba zapami\u0119ta\u0107 to wydarzenie: na wr\u0119czeniu potwierdzenia wyboru na prezydenta, Andrzejowi Dudzie nie pojawili si\u0119: ust\u0119puj\u0105cy prezydent. B. Komorowski, marsza\u0142ek sejmu, R. Sikorski i marsza\u0142ek Senatu, B. Borusewicz.<\/span><\/p>\n<p><\/strong><!--more--><strong style=\"font-weight: normal\"><\/p>\n<p style=\"line-height: 1.38; margin-top: 0pt; margin-bottom: 0pt\" dir=\"ltr\"><span style=\"color: #000000; font-family: Verdana; font-size: 13px; font-style: normal; font-variant: normal; font-weight: normal; text-decoration: none; vertical-align: baseline; background-color: transparent\">Ju\u017c nie ma zgody na zgod\u0119. Obra\u017ceni na los, polityczni pajace dali wyra\u017any sygna\u0142, \u017ce \u0142atwo nowemu prezydentowi nie b\u0119dzie. Jest jednak takie stare, polskie powiedzenie: \u201ckto pod kim do\u0142ki kopie\u2026\u201d<\/span><\/p>\n<p style=\"line-height: 1.38; margin-top: 0pt; margin-bottom: 0pt\" dir=\"ltr\"><span style=\"color: #000000; font-family: Verdana; font-size: 13px; font-style: normal; font-variant: normal; font-weight: normal; text-decoration: none; vertical-align: baseline; background-color: transparent\">Pomijam chamstwo, brak klasy, prymitywizm tego zachowania, ale przypomn\u0119 Aleksander Kwa\u015bniewski, mimo ogromnych r\u00f3\u017cnic, jakie dzieli\u0142y go ze \u015bp. Lechem Kaczy\u0144skim nie posun\u0105\u0142 si\u0119 tak daleko. Te trzy kreatury wydaj\u0105 si\u0119 by\u0107 pewne, \u017ce co\u015b osi\u0105gn\u0119\u0142y lub osi\u0105gn\u0105 w przysz\u0142o\u015bci takim zachowaniem. Ot\u00f3\u017c nie s\u0105dz\u0119. Mam znajomych, kt\u00f3rzy byli zatwardzia\u0142ymi zwolennikami PO i zatwardzia\u0142ymi przeciwnikami Kaczy\u0144skiego i PiSu. Dzi\u015b m\u00f3wi\u0105 zupe\u0142nie innym j\u0119zykiem. Podziwiam ich klas\u0119 i wielko\u015b\u0107, bo potrafili si\u0119 przyzna\u0107, \u017ce byli \u015blepi i dali si\u0119 zasugerowa\u0107 zar\u00f3wno opiniami znajomych, jak i pomyjami z tefaen\u00f3w. \u201cDotar\u0142o do nas\u2026\u201d powtarza\u0142 m\u00f3j znajomy &#8211; \u201cI jak patrz\u0119 na to, co si\u0119 wydarzy\u0142o w ci\u0105gu kilku ostatnich dni, to nam wstyd. Po prostu, wstyd\u201d.<\/span><\/p>\n<p style=\"line-height: 1.38; margin-top: 0pt; margin-bottom: 0pt\" dir=\"ltr\"><span style=\"color: #000000; font-family: Verdana; font-size: 13px; font-style: normal; font-variant: normal; font-weight: normal; text-decoration: none; vertical-align: baseline; background-color: transparent\">Przypomn\u0119 te\u017c, \u017ce Sikorski pozbawi\u0142 Andrzeja Dud\u0119 biura poselskiego, wyrzucaj\u0105c na bruk kilkna\u015bcie os\u00f3b, ale w analogicznej sytuacji Komorowski zosta\u0142 pozbawiony biura i \u015brodk\u00f3w z funduszu poselskiego dopiero miesi\u0105c po wyborze. Jest r\u00f3znica? A, no jest.<\/span><\/p>\n<p style=\"line-height: 1.38; margin-top: 0pt; margin-bottom: 0pt\" dir=\"ltr\"><span style=\"color: #000000; font-family: Verdana; font-size: 13px; font-style: normal; font-variant: normal; font-weight: normal; text-decoration: none; vertical-align: baseline; background-color: transparent\">My\u015bl\u0119, \u017ce ju\u017c nied\u0142ugo spo\u0142ecze\u0144stwo, je\u015bli zsumuje wypowiedzi Bie\u0144kowskiej,Sienkiewicza, Belki, Zdzich\u00f3w, Rych\u00f3w i samego Tuska &#8211; \u201cPolska, to nienormalno\u015b\u0107\u201d, to i dojdzie do wniosku, \u017ce PiSowcy przy chamstwie PO-wc\u00f3w, to przedszkolaki, kt\u00f3re jeszcze d\u0142ugo b\u0119d\u0105 si\u0119 musia\u0142y uczy\u0107, \u017ceby doj\u015b\u0107 do takiego poziomu.<\/span><\/p>\n<p style=\"line-height: 1.38; margin-top: 0pt; margin-bottom: 0pt\" dir=\"ltr\"><span style=\"color: #000000; font-family: Verdana; font-size: 13px; font-style: normal; font-variant: normal; font-weight: normal; text-decoration: none; vertical-align: baseline; background-color: transparent\">Osiem lat, osiem, straconych lat, rozkradzionej Polski, skorumpowanych polityk\u00f3w i biznesman\u00f3w, sponiewieranego spo\u0142ecze\u0144stwa. PO-wskie \u201cg\u00f3wno\u201d wyp\u0142ynie, jako zbi\u00f3r <\/span><\/p>\n<p style=\"line-height: 1.38; margin-top: 0pt; margin-bottom: 0pt\" dir=\"ltr\"><span style=\"color: #000000; font-family: Verdana; font-size: 13px; font-style: normal; font-variant: normal; font-weight: normal; text-decoration: none; vertical-align: baseline; background-color: transparent\">przest\u0119pc\u00f3w, kt\u00f3rych normalne s\u0105dy b\u0119d\u0105 musia\u0142y potraktowa\u0107, jak przest\u0119pc\u00f3w, ale Trybuna\u0142 Konstytucyjny, niekt\u00f3rych z nich powinien potraktowa\u0107, jak zdrajc\u00f3w.<\/span><\/p>\n<p style=\"line-height: 1.38; margin-top: 0pt; margin-bottom: 0pt\" dir=\"ltr\"><span style=\"color: #000000; font-family: Verdana; font-size: 13px; font-style: normal; font-variant: normal; font-weight: normal; text-decoration: none; vertical-align: baseline; background-color: transparent\">Tylko, co to b\u0119dzie za Trybuna\u0142 Konstytucyjny w \u015bwietle ustawy, kt\u00f3r\u0105 przepchni\u0119to kolanem, na \u017cyczenie jeszcze pe\u0142ni\u0105cego obowi\u0105zki prezydenta?<\/span><\/p>\n<p style=\"line-height: 1.38; margin-top: 0pt; margin-bottom: 0pt\" dir=\"ltr\"><span style=\"color: #000000; font-family: Verdana; font-size: 13px; font-style: normal; font-variant: normal; font-weight: normal; text-decoration: none; vertical-align: baseline; background-color: transparent\">Ale patrzy na to Europa. Oczywi\u015bcie, Lisy, Olejniki i inne Niesio\u0142owskie, jak i ca\u0142a ta zgraja k\u0142amliwych dziennikarzy z TVN b\u0119d\u0105 wmawia\u0107 Polakom, \u017ce Duda, to obciach, \u017ce jego przedwyborcze obietnice, to fikcja, kt\u00f3rej nie da si\u0119 zrealizowa\u0107, <span id=\"docs-internal-guid-e5b1e0e6-a2f3-6206-769b-736f2bd782f3\" style=\"color: #000000; font-family: Verdana; font-size: 13px; font-style: normal; font-variant: normal; font-weight: normal; text-decoration: none; vertical-align: baseline; background-color: transparent\">\u017ce PiS, to wstyd przed Europ\u0105.<\/span><br \/>\nKto uwierzy, ten uwierzy, bo i tacy jeszcze si\u0119 znajd\u0105, ale Polacy ju\u017c wiedz\u0105, ju\u017c dostrzegli, sk\u0105d idzie ca\u0142e to Z\u0141O.<\/span><\/p>\n<p style=\"line-height: 1.38; margin-top: 0pt; margin-bottom: 0pt\" dir=\"ltr\"><span style=\"color: #000000; font-family: Verdana; font-size: 13px; font-style: normal; font-variant: normal; font-weight: normal; text-decoration: none; vertical-align: baseline; background-color: transparent\">Andrzej Duda wygra\u0142 wybory w \u015awi\u0119to Zes\u0142ania Ducha \u015awi\u0119tego, a zaprzysi\u0119\u017cony zostanie w \u015awi\u0119to Przemienienia Pa\u0144skiego. To s\u0105 wa\u017cniejsze znaki, ni\u017c \u201csygna\u0142y\u201d, jakie id\u0105 z zachowa\u0144 Komorowskiego, Sikorskiego, czy Borusewicza.<\/span><\/p>\n<p style=\"line-height: 1.38; margin-top: 0pt; margin-bottom: 0pt\" dir=\"ltr\"><span style=\"color: #000000; font-family: Verdana; font-size: 13px; font-style: normal; font-variant: normal; font-weight: normal; text-decoration: none; vertical-align: baseline; background-color: transparent\">Szcz\u0119\u015b\u0107 Bo\u017ce, Andrzeju Duda.<\/span><\/p>\n<p><\/strong><strong style=\"font-weight: normal\"><span style=\"color: #000000; font-family: Arial; font-size: 15px; font-style: normal; font-variant: normal; font-weight: normal; text-decoration: none; vertical-align: baseline; background-color: transparent\"><\/span><br \/>\n<\/strong><\/p>\n","protected":false},"excerpt":{"rendered":"<p>Trzeba zapami\u0119ta\u0107 to wydarzenie: na wr\u0119czeniu potwierdzenia wyboru na prezydenta, Andrzejowi Dudzie nie pojawili si\u0119: ust\u0119puj\u0105cy prezydent. B. Komorowski, marsza\u0142ek sejmu, R. Sikorski i marsza\u0142ek Senatu, B. Borusewicz.<\/p>\n","protected":false},"author":2,"featured_media":0,"comment_status":"open","ping_status":"open","sticky":false,"template":"","format":"standard","meta":[],"categories":[4],"tags":[],"_links":{"self":[{"href":"https:\/\/sporek.com\/blog\/index.php?rest_route=\/wp\/v2\/posts\/500"}],"collection":[{"href":"https:\/\/sporek.com\/blog\/index.php?rest_route=\/wp\/v2\/posts"}],"about":[{"href":"https:\/\/sporek.com\/blog\/index.php?rest_route=\/wp\/v2\/types\/post"}],"author":[{"embeddable":true,"href":"https:\/\/sporek.com\/blog\/index.php?rest_route=\/wp\/v2\/users\/2"}],"replies":[{"embeddable":true,"href":"https:\/\/sporek.com\/blog\/index.php?rest_route=%2Fwp%2Fv2%2Fcomments&post=500"}],"version-history":[{"count":0,"href":"https:\/\/sporek.com\/blog\/index.php?rest_route=\/wp\/v2\/posts\/500\/revisions"}],"wp:attachment":[{"href":"https:\/\/sporek.com\/blog\/index.php?rest_route=%2Fwp%2Fv2%2Fmedia&parent=500"}],"wp:term":[{"taxonomy":"category","embeddable":true,"href":"https:\/\/sporek.com\/blog\/index.php?rest_route=%2Fwp%2Fv2%2Fcategories&post=500"},{"taxonomy":"post_tag","embeddable":true,"href":"https:\/\/sporek.com\/blog\/index.php?rest_route=%2Fwp%2Fv2%2Ftags&post=500"}],"curies":[{"name":"wp","href":"https:\/\/api.w.org\/{rel}","templated":true}]}}