{"id":501,"date":"2015-06-10T23:44:35","date_gmt":"2015-06-11T03:44:35","guid":{"rendered":"http:\/\/sporek.com\/blog\/?p=501"},"modified":"2015-06-27T01:09:44","modified_gmt":"2015-06-27T05:09:44","slug":"odchodza-czy-uciekaja","status":"publish","type":"post","link":"https:\/\/sporek.com\/blog\/?p=501","title":{"rendered":"Odchodz\u0105, czy uciekaj\u0105?"},"content":{"rendered":"<p><span style=\"color: #000000; font-family: Verdana; font-size: 13.33px; font-style: normal; font-variant: normal; font-weight: normal; text-decoration: none; vertical-align: baseline; background-color: transparent\">Dotrze do spo\u0142ecze\u0144stwa ten prosty fakt, \u017ce zosta\u0142o zrobione w balona, czy nie dotrze? Wygl\u0105da na to, \u017ce nie do ca\u0142ego. Ju\u017c znalaz\u0142a si\u0119 grupa, kt\u00f3ra pr\u00f3buje wprowadzi\u0107 do sejmu Nowoczesn\u0105. pl, parti\u0119 tworzon\u0105 przez tych samych cwaniak\u00f3w, kt\u00f3rzy sekundowali PO, AWS; genialny rachmistrz, Balcerowicz, \u201cnieskazitelny\u201d dzia\u0142acz Solidarno\u015bci, Frasyniuk, no i \u201cnadzieja\u201d polskiej ekonomii, Ryszard Petru, tuba Balcerowicza. <!--more-->Sk\u0105d si\u0119 to wzi\u0119\u0142o, \u017ce oni maj\u0105 jakiekolwiek poparcie w sonda\u017cach, nie mam poj\u0119cia, ale naiwno\u015b\u0107 tych, kt\u00f3rzy ich popieraj\u0105 si\u0119ga szczytu Mont Everest. Albo ta cz\u0119\u015b\u0107 spo\u0142\u0119cze\u0144stwa jest kupiona, albo kompletnie nie zdaje sobie sprawy z tego, kim ci ludzie s\u0105, albo jest to jaki\u015b od\u0142am analfabet\u00f3w, kt\u00f3rym wystarczy s\u0142owo \u201cnowoczesna\u201d i ju\u017c w to id\u0105, ju\u017c to popieraj\u0105.<\/span><\/p>\n<p><strong style=\"font-weight: normal\"><\/p>\n<p dir=\"ltr\" style=\"line-height: 1.38; margin-top: 0pt; margin-bottom: 0pt\"><span style=\"color: #000000; font-family: Verdana; font-size: 13.33px; font-style: normal; font-variant: normal; font-weight: normal; text-decoration: none; vertical-align: baseline; background-color: transparent\">Odej\u015bcie trzech ministr\u00f3w, trzech wiceministr\u00f3w oraz Jacka Rostowskiego i Rados\u0142awa Sikorskiego, to nic innego, jak \u017cywy dow\u00f3d na to, \u017ce Platforma sama si\u0119 dor\u017cn\u0119\u0142a (u\u017cywaj\u0105c niegdysiejszych s\u0142\u00f3w oberso\u0142tysa Chobielina, czyli Sikorskiego, do PiSu).<\/span><\/p>\n<p dir=\"ltr\" style=\"line-height: 1.38; margin-top: 0pt; margin-bottom: 0pt\"><span style=\"color: #000000; font-family: Verdana; font-size: 13.33px; font-style: normal; font-variant: normal; font-weight: normal; text-decoration: none; vertical-align: baseline; background-color: transparent\">I bardzo dobrze. Ogrom szk\u00f3d, jakie ta formacja wyrz\u0105dzi\u0142a Polsce jest nie do przecenienia i nie ma \u017cadnych odno\u015bnik\u00f3w w przesz\u0142o\u015bci.<\/span><\/p>\n<p dir=\"ltr\" style=\"line-height: 1.38; margin-top: 0pt; margin-bottom: 0pt\"><span style=\"color: #000000; font-family: Verdana; font-size: 13.33px; font-style: normal; font-variant: normal; font-weight: normal; text-decoration: none; vertical-align: baseline; background-color: transparent\">Przyszed\u0142 czas, \u017ce ca\u0142a ta partia powinna znikn\u0105\u0107 z mapy politycznej Polski, a z ni\u0105, PSL, SLD, Palikoty, no i oczywi\u015bcie \u201cNowoczesna.pl\u201d, bo to nic innego, jak kolejne wcielenie tych samych cwaniaczk\u00f3w, kt\u00f3rzy, jak tylko dojd\u0105 do w\u0142adzy, zaraz przytul\u0105 do siebie popapra\u0144c\u00f3w z PO i ci\u0105g dalszy nast\u0105pi.<\/span><\/p>\n<p dir=\"ltr\" style=\"line-height: 1.38; margin-top: 0pt; margin-bottom: 0pt\"><span style=\"color: #000000; font-family: Verdana; font-size: 13.33px; font-style: normal; font-variant: normal; font-weight: normal; text-decoration: none; vertical-align: baseline; background-color: transparent\">Sikorski m\u00f3wi, \u017ce odchodzi \u201cdla dobra PO\u201d. Dobro Polski niewa\u017cne. Partia wa\u017cna. Wreszcie na koniec ods\u0142oni\u0142 ca\u0142\u0105 swoj\u0105 twarz. Jego s\u0142owa maj\u0105 kilka uzasadnie\u0144:<\/span><\/p>\n<p dir=\"ltr\" style=\"line-height: 1.38; margin-top: 0pt; margin-bottom: 0pt\"><span style=\"color: #000000; font-family: Verdana; font-size: 13.33px; font-style: normal; font-variant: normal; font-weight: normal; text-decoration: none; vertical-align: baseline; background-color: transparent\">1-Zda\u0142 sobie spraw\u0119 z faktu, \u017ce jest tak\u0105 gnid\u0105 w oczach spo\u0142ecze\u0144stwa, i\u017c jego odej\u015bcie upi\u0119kszy wizerunek szpetnej Platformy.<\/span><\/p>\n<p dir=\"ltr\" style=\"line-height: 1.38; margin-top: 0pt; margin-bottom: 0pt\"><span style=\"color: #000000; font-family: Verdana; font-size: 13.33px; font-style: normal; font-variant: normal; font-weight: normal; text-decoration: none; vertical-align: baseline; background-color: transparent\">2-Pieprzy trzy, po trzy, \u017ceby si\u0119 popisa\u0107 przed kumplami z ton\u0105cej \u0142ajby i jej beznadziejnej \u201ckapitanki\u201d, EK, a w g\u0142\u0119bi duszy doskonale zdaje sobie spraw\u0119, \u017ce za teksty na ta\u015bmach nie ma dla niego miejsca ani w polityce, ani tym bardziej w fotelu marsza\u0142ka sejmu. Osobi\u015bcie z takim prymitywem nie chcia\u0142bym si\u0119 nawet zwyk\u0142ej kryniczanki napi\u0107, nie obra\u017caj\u0105c kryniczanki. al mi Obamy, przecie\u017c Sikorski obiecywa\u0142 zrobi\u0107 jak\u0105\u015b \u201clask\u0119\u201d. Jak zwykle Platformers, &#8211; s\u0142owa nie dotrzyma\u0142&#8230;<\/span><\/p>\n<p dir=\"ltr\" style=\"line-height: 1.38; margin-top: 0pt; margin-bottom: 0pt\"><span style=\"color: #000000; font-family: Verdana; font-size: 13.33px; font-style: normal; font-variant: normal; font-weight: normal; text-decoration: none; vertical-align: baseline; background-color: transparent\">Pozostali odchodz\u0105cy &#8211; ministrowie i wice &#8211; doskonale wiedz\u0105, co zrobili, w jakim oszustwie brali udzia\u0142, ale przede wszystkim maj\u0105 absolutn\u0105 \u015bwiadomo\u015b\u0107, do jakiej tragedii doprowadzili <\/span><\/p>\n<p dir=\"ltr\" style=\"line-height: 1.38; margin-top: 0pt; margin-bottom: 0pt\"><span style=\"color: #000000; font-family: Verdana; font-size: 13.33px; font-style: normal; font-variant: normal; font-weight: normal; text-decoration: none; vertical-align: baseline; background-color: transparent\">spo\u0142ecze\u0144stwo i kraj. A przy okazji pami\u0119taj\u0105, jakimi peanami opisywali prac\u0119, rozporz\u0105dzenia i \u201codkrywcze\u201d teorie Donalda,a potem Ewki. <\/span><\/p>\n<p dir=\"ltr\" style=\"line-height: 1.38; margin-top: 0pt; margin-bottom: 0pt\"><span style=\"color: #000000; font-family: Verdana; font-size: 13.33px; font-style: normal; font-variant: normal; font-weight: normal; text-decoration: none; vertical-align: baseline; background-color: transparent\">By\u0142oby jednak g\u0142upio, gdyby tak o, po prostu sobie odeszli. Tych ludzi trzeba rozliczy\u0107. Polsce, Polakom trzeba wyra\u017anie u\u015bwiadomi\u0107, do czego ta banda amator\u00f3w politycznych i amator\u00f3w afer doprowadzi\u0142a. Trzeba ich podliczy\u0107 i rozliczy\u0107, \u017ceby ju\u017c nikomu w polityce nie wpad\u0142o do g\u0142owy stawia\u0107 interes prywatny nad interesem pa\u0144stwa, obywateli; \u017ceby ju\u017c nikt w polskiej polityce nie nazywa\u0142 polsko\u015bci nienormalno\u015bci\u0105 i nie m\u00f3wi\u0142 o Polsce \u201cch\u2026., d\u2026 i kamieni kupa\u201d. <\/span><\/p>\n<p dir=\"ltr\" style=\"line-height: 1.38; margin-top: 0pt; margin-bottom: 0pt\"><span style=\"color: #000000; font-family: Verdana; font-size: 13.33px; font-style: normal; font-variant: normal; font-weight: normal; text-decoration: none; vertical-align: baseline; background-color: transparent\">Tym panom i paniom ju\u017c dzi\u0119kujemy, ale zanim odejd\u0105 powinni odpowiedzie\u0107 za swoje grzechy.<\/span><\/p>\n<p dir=\"ltr\" style=\"line-height: 1.38; margin-top: 0pt; margin-bottom: 0pt\"><span style=\"color: #000000; font-family: Verdana; font-size: 13.33px; font-style: normal; font-variant: normal; font-weight: normal; text-decoration: none; vertical-align: baseline; background-color: transparent\">Polacy, przejrzyjcie na oczy i przesta\u0144cie dawa\u0107 si\u0119 nabiera\u0107 na Balcerowicza, Frasyniuka i Petru. <\/span><\/p>\n<p><\/strong><\/p>\n","protected":false},"excerpt":{"rendered":"<p>Dotrze do spo\u0142ecze\u0144stwa ten prosty fakt, \u017ce zosta\u0142o zrobione w balona, czy nie dotrze? Wygl\u0105da na to, \u017ce nie do ca\u0142ego. Ju\u017c znalaz\u0142a si\u0119 grupa, kt\u00f3ra pr\u00f3buje wprowadzi\u0107 do sejmu Nowoczesn\u0105. pl, parti\u0119 tworzon\u0105 przez tych samych cwaniak\u00f3w, kt\u00f3rzy sekundowali PO, AWS; genialny rachmistrz, Balcerowicz, \u201cnieskazitelny\u201d dzia\u0142acz Solidarno\u015bci, Frasyniuk, no i \u201cnadzieja\u201d polskiej ekonomii, Ryszard [&hellip;]<\/p>\n","protected":false},"author":2,"featured_media":0,"comment_status":"open","ping_status":"open","sticky":false,"template":"","format":"standard","meta":[],"categories":[4],"tags":[],"_links":{"self":[{"href":"https:\/\/sporek.com\/blog\/index.php?rest_route=\/wp\/v2\/posts\/501"}],"collection":[{"href":"https:\/\/sporek.com\/blog\/index.php?rest_route=\/wp\/v2\/posts"}],"about":[{"href":"https:\/\/sporek.com\/blog\/index.php?rest_route=\/wp\/v2\/types\/post"}],"author":[{"embeddable":true,"href":"https:\/\/sporek.com\/blog\/index.php?rest_route=\/wp\/v2\/users\/2"}],"replies":[{"embeddable":true,"href":"https:\/\/sporek.com\/blog\/index.php?rest_route=%2Fwp%2Fv2%2Fcomments&post=501"}],"version-history":[{"count":0,"href":"https:\/\/sporek.com\/blog\/index.php?rest_route=\/wp\/v2\/posts\/501\/revisions"}],"wp:attachment":[{"href":"https:\/\/sporek.com\/blog\/index.php?rest_route=%2Fwp%2Fv2%2Fmedia&parent=501"}],"wp:term":[{"taxonomy":"category","embeddable":true,"href":"https:\/\/sporek.com\/blog\/index.php?rest_route=%2Fwp%2Fv2%2Fcategories&post=501"},{"taxonomy":"post_tag","embeddable":true,"href":"https:\/\/sporek.com\/blog\/index.php?rest_route=%2Fwp%2Fv2%2Ftags&post=501"}],"curies":[{"name":"wp","href":"https:\/\/api.w.org\/{rel}","templated":true}]}}