{"id":502,"date":"2015-06-12T12:27:14","date_gmt":"2015-06-12T16:27:14","guid":{"rendered":"http:\/\/sporek.com\/blog\/?p=502"},"modified":"2015-06-27T01:08:07","modified_gmt":"2015-06-27T05:08:07","slug":"502","status":"publish","type":"post","link":"https:\/\/sporek.com\/blog\/?p=502","title":{"rendered":"Gdyby ich nie by\u0142o\u2026?"},"content":{"rendered":"<p><span style=\"color: #000000; font-family: Verdana; font-size: 13.33px; font-style: normal; font-variant: normal; font-weight: normal; text-decoration: none; vertical-align: baseline; background-color: transparent\">My\u015bl\u0119, \u017ce by\u0142oby to niezwykle ciekawe odpowiedzie\u0107 na pytanie, \u201cCo by by\u0142o, gdyby ich nie by\u0142o w polskim \u017cyciu polityczno-dziennikarsko-spo\u0142ecznym\u201d? <\/span><span style=\"color: #000000; font-family: Verdana; font-size: 13.33px; font-style: normal; font-variant: normal; font-weight: normal; text-decoration: none; vertical-align: baseline; background-color: transparent\"><\/span><span style=\"color: #000000; font-family: Verdana; font-size: 13.33px; font-style: normal; font-variant: normal; font-weight: normal; text-decoration: none; vertical-align: baseline; background-color: transparent\">Kogo? <!--more-->Ot, na przyk\u0142ad Tuska, Sikorskiego, Komorowskiego, Kopacz, Lisa, Michnika, Niesio\u0142owskiego, Pawlaka. Wymieniam tylko tych najbardziej reprezentacyjnych k\u0142amc\u00f3w, cynik\u00f3w, oszust\u00f3w ideowych. A Wa\u0142\u0119sa? Nie, nie zapomnia\u0142em, tyle tylko, \u017ce to specjalny osobnik, kt\u00f3remu jednak jako\u015b nie mam ochoty po\u015bwi\u0119ca\u0107 specjalnego miejsca i traci\u0107 dodatkowego czasu. Dla mnie, to najwi\u0119kszy szkodnik, jakiego wyda\u0142a Polska komunistyczna. I tyle.<\/span><\/p>\n<p><strong style=\"font-weight: normal\"><\/p>\n<p dir=\"ltr\" style=\"line-height: 1.38; margin-top: 0pt; margin-bottom: 0pt\"><span style=\"color: #000000; font-family: Verdana; font-size: 13.33px; font-style: normal; font-variant: normal; font-weight: normal; text-decoration: none; vertical-align: baseline; background-color: transparent\">No, wi\u0119c ujmijmy ich wszystkich w tym jednym zdaniu pytaj\u0105cym: Jakby to by\u0142o, gdyby ich nie by\u0142o, gdyby nigdy nie zaj\u0119li si\u0119 polityk\u0105, dziennikarstwem, dzia\u0142alno\u015bci\u0105 zwi\u0105zkow\u0105?<\/span><\/p>\n<p dir=\"ltr\" style=\"line-height: 1.38; margin-top: 0pt; margin-bottom: 10pt\"><span style=\"color: #000000; font-family: Verdana; font-size: 13.33px; font-style: normal; font-variant: normal; font-weight: normal; text-decoration: none; vertical-align: baseline; background-color: transparent\">Moim zdaniem nie by\u0142oby tak g\u0142\u0119bokiego podzia\u0142u mi\u0119dzy Polakami; nie by\u0142oby poj\u0119\u0107 leming, mocher, czyli wzajemnego obra\u017cania si\u0119. Nie by\u0142oby prania m\u00f3zg\u00f3w, wi\u0119kszego, ni\u017c zafundowali nam cz\u0142onkowie PZPR. \u017be przesadzam? Ale\u017c, sk\u0105d? Wystarczy sobie przypomnie\u0107, jak niekt\u00f3rzy obro\u0144cy systemu i koalicji komentowali cho\u0107by tylko na moim blogu, czy F-booku. Sprawa prof. Chazana, afera ta\u015bmowa, a w ostatnim czasie, skok na lasy, projekt ustawy o Trybunale Stanu. Prof. Chazana najpierw oczyszcza prokuratura, potem Najwy\u017csza Izba Lekarska.Trudno tu wi\u0119c nawet t\u0142umaczy\u0107, jak chcieliby niekt\u00f3rzy, \u017ce koledzy uniewinnili koleg\u0119. Prokuratura by\u0142a pierwsza. Profesor oczyszczony. Sprawa haniebnej ustawy o uzupe\u0142nianiu sk\u0142adu s\u0119dziowskiego w Trybunale Stanu sprowokowa\u0142a jednego z komentator\u00f3w do stwierdzenia, \u017ce Polacy na emigracji \u201cskretynieli\u201d. Ustawa na szcz\u0119\u015bcie nie przesz\u0142a, ale wcale nie oznacza to, \u017ce sprawa jest zako\u0144czona, bo oni (poslowie) ci\u0105gle kombinuj\u0105). Ja ju\u017c nie b\u0119d\u0119 komentowa\u0142 ostatnich dymisji, sp\u00f3\u017anionych o rok, czy nazywania pods\u0142uchiwanych, \u201cofiarami\u201d, a pods\u0142uchuj\u0105cych, \u201cprzest\u0119pcami\u201d, &#8211; to roz\u015bmiesza mnie do nieprzytomno\u015bci, bo wyobra\u017cam sobie oto, \u017ce wraca \u017cona z sanatorium, rzuca si\u0119 m\u0119\u017cowi na szyj\u0119: \u201ckochanie jestem, nareszcie w domu, tak si\u0119 ciesz\u0119\u201d. A m\u0105\u017c stoi oboj\u0119tny, ale z gro\u017an\u0105 min\u0105. W ko\u0144cu wysuwa zza plec\u00f3w r\u0119k\u0119, w kt\u00f3rej dzier\u017cy plik zdj\u0119\u0107, jakie otrzyma\u0142 od kogo\u015b us\u0142u\u017cnego, na kt\u00f3rych wida\u0107 \u017con\u0119 w obj\u0119ciach r\u00f3\u017cnych jegomo\u015bci\u00f3w, w sytuacjach niedwuznacznie wskazuj\u0105cych, \u017ce u\u017cywa\u0142a \u017cycia r\u00f3wnie intensywnie, jak k\u0105piele borowe. \u017bona zerka na zdj\u0119cia i oburzonym g\u0142osem m\u00f3wi: a to \u015bwinie, sfotografowali mnie, to dranie, popatrz, nawet do sanatorium nie mo\u017cna spokojnie pojecha\u0107, bo ci\u0119 gdzie\u015b tam, kto\u015b wy\u015bledzi. Musimy si\u0119 temu przeciwstawi\u0107. Kto\u015b wyra\u017anie dzia\u0142a przeciwko nam, chce nas por\u00f3\u017cni\u0107, rozbi\u0107 nasz zwi\u0105zek. Wynajmijmy prywatnego detektywa, \u017ceby znalaz\u0142 tych \u201cpaparazzi\u201d i oddamy ich do s\u0105du\u2026<\/span><\/p>\n<p dir=\"ltr\" style=\"line-height: 1.38; margin-top: 0pt; margin-bottom: 10pt\"><span style=\"color: #000000; font-family: Verdana; font-size: 13.33px; font-style: normal; font-variant: normal; font-weight: normal; text-decoration: none; vertical-align: baseline; background-color: transparent\">Wyobra\u017cacie sobie m\u0119\u017ca, kt\u00f3ry odpowie: tak, masz racj\u0119, zostali\u015bmy skrzywdzeni, musimy da\u0107 odp\u00f3r, musimy da\u0107 nauczk\u0119 tym draniom? Ja, nie.<\/span><\/p>\n<p dir=\"ltr\" style=\"line-height: 1.38; margin-top: 0pt; margin-bottom: 10pt\"><span style=\"color: #000000; font-family: Verdana; font-size: 13.33px; font-style: normal; font-variant: normal; font-weight: normal; text-decoration: none; vertical-align: baseline; background-color: transparent\">Wr\u00f3\u0107my do tytu\u0142owych ludzi, kt\u00f3rych dotyczy pytanie w tytule. Oni jednak s\u0105, byli, przez lata, wi\u0119c co robi\u0107, \u017ceby nie mie\u0107 g\u0142upiej miny w sytuacjach, jakie wytworzy\u0142y si\u0119 w\u0142a\u015bnie w ostatnich dniach? Odpowied\u017a jest przera\u017caj\u0105co prosta: MYSLE\u0106. Uwierzy\u0107, \u017ce ma si\u0119 sw\u00f3j w\u0142asny m\u00f3zg, \u017ce co\u015b si\u0119 czyta, \u017ce pr\u00f3buje si\u0119 cho\u0107 przez chwil\u0119 zastanowi\u0107, kim s\u0105 ci, kt\u00f3rzy nami rzadz\u0105 i nie da\u0107 sobie wm\u00f3wi\u0107, co jest dobre, a co nie, cho\u0107by przez tak kiepskich dziennikarzy, jakimi s\u0105 Lis i Michnik, czy tak beznadziejnych naukowc\u00f3w &#8211; intelektualist\u00f3w, ale, &#8211; polityk\u00f3w, jak Niesio\u0142owski, Tusk (historyk, kt\u00f3ry nie zna historii w\u0142asnego kraju),. Tym ludziom uda\u0142o si\u0119 op\u0119ta\u0107 rzesze spo\u0142ecz\u0119\u0144stwa nie dlatego, \u017ce s\u0105 wyj\u0105tkowo m\u0105drzy, maj\u0105 charyzm\u0119 Dalaj Lamy i trzeba ich s\u0142ucha\u0107. Oni przede wszystkim dorwali si\u0119 do \u015brodk\u00f3w (media), pieni\u0105dze, autorytet stanowiska i wykorzystali to perfekcyjnie, aby og\u0142upi\u0107 spor\u0105 cz\u0119\u015b\u0107 spo\u0142ecze\u0144stwa. T\u0119 cz\u0119\u015b\u0107, kt\u00f3ra jest leniwa i ogranicza si\u0119 do telewizji. Ale te\u017c ta w\u0142a\u015bnie cz\u0119\u015b\u0107 spo\u0142ecze\u0144stwa zachowywa\u0142a si\u0119, jak kto\u015b, kto w\u0142o\u017cy r\u0119k\u0119 do ognia, bo w\u0142o\u017cy\u0142 r\u0119k\u0119 kto\u015b z \u201cautorytetem\u201d. \u00a0\u00a0\u00a0<\/span><\/p>\n<p><\/strong><strong style=\"font-weight: normal\"><span style=\"color: #000000; font-family: Verdana; font-size: 13.33px; font-style: normal; font-variant: normal; font-weight: normal; text-decoration: none; vertical-align: baseline; background-color: transparent\">Podczas wybor\u00f3w s\u0142ysza\u0142em i widzia\u0142em na Facebooku wpisy typu: <\/span><span style=\"color: #000000; font-family: Verdana; font-size: 13.33px; font-style: italic; font-variant: normal; font-weight: normal; text-decoration: none; vertical-align: baseline; background-color: transparent\">b\u0119d\u0119, oczywi\u015bcie \u00a0g\u0142osowa\u0142a na Bronka<\/span><span style=\"color: #000000; font-family: Verdana; font-size: 13.33px; font-style: normal; font-variant: normal; font-weight: normal; text-decoration: none; vertical-align: baseline; background-color: transparent\">. Pech chce, \u017ce znam t\u0119 pani\u0105 i na proste pytanie dlaczego tak zrobi, nie potrafi\u0142a odpowiedzie\u0107. Ma\u0142o tego ochoczo dodawa\u0142a, \u017ce na polityce si\u0119 nie zna i nie wie za bardzo, co si\u0119 dzieje w Polsce. Kiedy zapyta\u0142em j\u0105 o stan przemys\u0142u i gospodarki w og\u00f3le, jest twarz przyj\u0119\u0142a wyraz kompletnie debilny i\u2026 nie odpowiedzia\u0142a. Znam ludzi, z prowincji, kt\u00f3rzy m\u00f3wi\u0105 takie zdania: \u201cTomek w swoim programie powiedzia\u0142\u2026\u201d \u201cTomek\u201d, &#8211; kolega, czy co? W \u017cyciu nie spotka\u0142 Lisa, ale, &#8211; \u201cTomek\u201d. Kto\u015b, kto m\u00f3wi o dziennikarzu, czy o jakimkolwiek celebrycie po imieniu daje sobie z\u0142udzenie, \u017ce wzmacnia sw\u00f3j autorytet, a niebezpieczne jest to, \u017ce ci ludzie maj\u0105 ju\u017c, niestety zlasowane m\u00f3zgi i s\u0105 w stanie wyst\u0105pi\u0107 przeciwko cz\u0142onkom swoich rodzin, byle obroni\u0107 swoj\u0105 celebryck\u0105 \u201cgwiazd\u0119\u201d. Nie istniej\u0105 przyjaciele, skoro maj\u0105 inne opinie. I to jest ta straszliwie negatywna strona istnienia wy\u017cej wymienionych person w spo\u0142eczno-polityczno-dziennikarskim \u017cyciu Polak\u00f3w.\u00a0\u00a0\u00a0\u00a0\u00a0\u00a0\u00a0\u00a0\u00a0\u00a0<\/span><span style=\"color: #000000; font-family: Arial; font-size: 14.66px; font-style: normal; font-variant: normal; font-weight: normal; text-decoration: none; vertical-align: baseline; background-color: transparent\">\u00a0\u00a0\u00a0\u00a0\u00a0\u00a0\u00a0\u00a0\u00a0\u00a0\u00a0\u00a0\u00a0\u00a0\u00a0\u00a0\u00a0\u00a0\u00a0\u00a0\u00a0\u00a0\u00a0\u00a0\u00a0\u00a0\u00a0\u00a0\u00a0\u00a0\u00a0\u00a0\u00a0\u00a0\u00a0\u00a0\u00a0\u00a0\u00a0\u00a0\u00a0\u00a0\u00a0\u00a0\u00a0\u00a0\u00a0\u00a0\u00a0\u00a0\u00a0\u00a0\u00a0\u00a0\u00a0\u00a0\u00a0\u00a0\u00a0\u00a0\u00a0\u00a0\u00a0\u00a0\u00a0\u00a0\u00a0\u00a0\u00a0\u00a0\u00a0\u00a0\u00a0\u00a0\u00a0\u00a0\u00a0\u00a0\u00a0\u00a0\u00a0\u00a0\u00a0\u00a0\u00a0\u00a0\u00a0\u00a0\u00a0\u00a0\u00a0\u00a0\u00a0\u00a0\u00a0\u00a0\u00a0\u00a0\u00a0\u00a0\u00a0\u00a0\u00a0\u00a0\u00a0\u00a0\u00a0\u00a0\u00a0\u00a0\u00a0\u00a0\u00a0\u00a0\u00a0\u00a0<\/span><br \/>\n<\/strong><\/p>\n","protected":false},"excerpt":{"rendered":"<p>My\u015bl\u0119, \u017ce by\u0142oby to niezwykle ciekawe odpowiedzie\u0107 na pytanie, \u201cCo by by\u0142o, gdyby ich nie by\u0142o w polskim \u017cyciu polityczno-dziennikarsko-spo\u0142ecznym\u201d? Kogo?<\/p>\n","protected":false},"author":2,"featured_media":0,"comment_status":"open","ping_status":"open","sticky":false,"template":"","format":"standard","meta":[],"categories":[4],"tags":[],"_links":{"self":[{"href":"https:\/\/sporek.com\/blog\/index.php?rest_route=\/wp\/v2\/posts\/502"}],"collection":[{"href":"https:\/\/sporek.com\/blog\/index.php?rest_route=\/wp\/v2\/posts"}],"about":[{"href":"https:\/\/sporek.com\/blog\/index.php?rest_route=\/wp\/v2\/types\/post"}],"author":[{"embeddable":true,"href":"https:\/\/sporek.com\/blog\/index.php?rest_route=\/wp\/v2\/users\/2"}],"replies":[{"embeddable":true,"href":"https:\/\/sporek.com\/blog\/index.php?rest_route=%2Fwp%2Fv2%2Fcomments&post=502"}],"version-history":[{"count":0,"href":"https:\/\/sporek.com\/blog\/index.php?rest_route=\/wp\/v2\/posts\/502\/revisions"}],"wp:attachment":[{"href":"https:\/\/sporek.com\/blog\/index.php?rest_route=%2Fwp%2Fv2%2Fmedia&parent=502"}],"wp:term":[{"taxonomy":"category","embeddable":true,"href":"https:\/\/sporek.com\/blog\/index.php?rest_route=%2Fwp%2Fv2%2Fcategories&post=502"},{"taxonomy":"post_tag","embeddable":true,"href":"https:\/\/sporek.com\/blog\/index.php?rest_route=%2Fwp%2Fv2%2Ftags&post=502"}],"curies":[{"name":"wp","href":"https:\/\/api.w.org\/{rel}","templated":true}]}}