{"id":503,"date":"2015-06-27T01:05:23","date_gmt":"2015-06-27T05:05:23","guid":{"rendered":"http:\/\/sporek.com\/blog\/?p=503"},"modified":"2015-06-27T01:34:16","modified_gmt":"2015-06-27T05:34:16","slug":"rodowody","status":"publish","type":"post","link":"https:\/\/sporek.com\/blog\/?p=503","title":{"rendered":"Rodowody"},"content":{"rendered":"<p dir=\"ltr\" style=\"line-height: 1.38; margin-top: 0pt; margin-bottom: 0pt\"><span style=\"font-size: 13.3333px; font-family: Verdana; color: #000000; background-color: transparent; font-weight: normal; font-style: normal; font-variant: normal; text-decoration: none; vertical-align: baseline\">Jeszcze \u201cChrabia\u201d urz\u0119duje, a ju\u017c mamy kolejn\u0105 arystokratk\u0119. Kidawa-B\u0142o\u0144ska b\u0119dzie teraz stuka\u0107 lask\u0105 marsza\u0142kowsk\u0105 w Sejmie, a \u201cspin-dochtory&#8221; ju\u017c og\u0142aszaj\u0105 spo\u0142ecze\u0144stwu jej arystokratyczne korzenie. Do\u015b\u0107 ju\u017c hrabi\u00f3w, ksi\u0119\u017cniczek i innych wysoko urodzonych.<!--more--> Nic, jeno pewnego dnia spe\u0142ni si\u0119 marzenie Grzegorza Brauna: b\u0119dzie jaki\u015b kr\u00f3l, bo, jak wida\u0107 potomk\u00f3w wielkich rod\u00f3w mamy w Polsce bez liku. <\/span><span style=\"font-size: 13.3333px; font-family: Verdana; color: #000000; background-color: transparent; font-weight: normal; font-style: normal; font-variant: normal; text-decoration: none; vertical-align: baseline\">\u201cPustostan\u201d, jak m\u00f3wi moja serdeczna kole\u017canka ze \u201cstolycy\u201d o poziomie intelektualnym kolejnego marsza\u0142ka (o poprzedniku m\u00f3wi tak\u00a0 samo, a ja zgadzam si\u0119 z jej opini\u0105 w obydwu przypadkach) &#8211; i koniec. <\/span><\/p>\n<p dir=\"ltr\" style=\"line-height: 1.38; margin-top: 0pt; margin-bottom: 0pt\"><span style=\"font-size: 13.3333px; font-family: Verdana; color: #000000; background-color: transparent; font-weight: normal; font-style: normal; font-variant: normal; text-decoration: none; vertical-align: baseline\">Koalicja do ko\u0144ca kpi ze spo\u0142ecze\u0144stwa, ale to piku\u015b, bo dzia\u0142a\u0144, kt\u00f3re nios\u0105 znacznie wi\u0119ksze zagro\u017cenia, ni\u017c \u201cksi\u0119\u017cniczka\u201d z lask\u0105 jest te\u017c i znacznie wi\u0119cej. Jednym z nich jest anga\u017cowanie do pracy w biurach przer\u00f3\u017cnych urz\u0119d\u00f3w setek, a te id\u0105 w tysi\u0105ce r\u00f3\u017cnych, dziwnych ludzi. Koalicja umacnia si\u0119 w g\u0142osy wyborcze przed jesieni\u0105 w spos\u00f3b niewiarygodnie energiczny.<\/span><\/p>\n<p dir=\"ltr\" style=\"line-height: 1.38; margin-top: 0pt; margin-bottom: 0pt\"><span style=\"font-size: 13.3333px; font-family: Verdana; color: #000000; background-color: transparent; font-weight: normal; font-style: normal; font-variant: normal; text-decoration: none; vertical-align: baseline\">Nie wr\u00f3\u017cy to dobrze, bo w przeciwie\u0144stwie do wybor\u00f3w prezydenckich, wybory parlamentarne s\u0105 du\u017co \u0142atwiejsze do zmanipulowania. Znamy mo\u017cliwo\u015bci tej koalicji, zw\u0142aszcza po \u201chistorycznym\u201d 26-cioprocentowym poparciu dla PSL w poprzednich wyborach. <\/span><\/p>\n<p dir=\"ltr\" style=\"line-height: 1.38; margin-top: 0pt; margin-bottom: 0pt\"><span style=\"font-size: 13.3333px; font-family: Verdana; color: #000000; background-color: transparent; font-weight: normal; font-style: normal; font-variant: normal; text-decoration: none; vertical-align: baseline\">Narodzie, nie \u015bpij.<\/span><\/p>\n<p dir=\"ltr\" style=\"line-height: 1.38; margin-top: 0pt; margin-bottom: 0pt\"><span style=\"font-size: 13.3333px; font-family: Verdana; color: #000000; background-color: transparent; font-weight: normal; font-style: normal; font-variant: normal; text-decoration: none; vertical-align: baseline\">Apeluj\u0119 do Polonii, ale i do mieszka\u0144c\u00f3w Polski: wyrabiajcie dokumenty to\u017csamo\u015bci, nie czekajcie na ostatni\u0105 chwil\u0119. Zw\u0142aszcza Polonia. Wiecie, \u017ce wyrobienie paszportu, to proces d\u0142ugotrwa\u0142y. Trzeba si\u0119 do tego wzi\u0105c teraz, ju\u017c, natychmiast, &#8211; je\u015bli chcecie g\u0142osowa\u0107, je\u015bli chcecie, aby to, co dzia\u0142o si\u0119 przez osiem lat przesta\u0142o si\u0119 dzia\u0107.<\/span><\/p>\n<p dir=\"ltr\" style=\"line-height: 1.38; margin-top: 0pt; margin-bottom: 0pt\"><span style=\"font-size: 13.3333px; font-family: Verdana; color: #000000; background-color: transparent; font-weight: normal; font-style: normal; font-variant: normal; text-decoration: none; vertical-align: baseline\">Prezydent, Andrzej Duda b\u0119dzie mia\u0142 ci\u0119\u017cko ju\u017c od 6 sierpnia. Oficjalnie, bo ci\u0119\u017cko, to on ma ju\u017c teraz.<\/span><\/p>\n<p dir=\"ltr\" style=\"line-height: 1.38; margin-top: 0pt; margin-bottom: 0pt\"><span style=\"font-size: 13.3333px; font-family: Verdana; color: #000000; background-color: transparent; font-weight: normal; font-style: normal; font-variant: normal; text-decoration: none; vertical-align: baseline\">Ale jeszcze gorzej b\u0119dzie mia\u0142a partia, kt\u00f3ra zwyci\u0119\u017cy, czy te\u017c koalicja, kt\u00f3ra zawi\u0105\u017ce si\u0119 po jesiennych wyborach. Dno, do kt\u00f3rego obecnie jeszcze rz\u0105dz\u0105ca koalicja sprowadzi\u0142a nasz kraj jest cholernie grz\u0105skie, niestabilne. Nie daje szans na porz\u0105dne odbicie. My\u015bl\u0119, \u017ce ju\u017c teraz PiS, Kukiz i kto tam jeszcze m\u00f3g\u0142by liczy\u0107 na wyb\u00f3r, powinni przygotowa\u0107 precyzyjny raport o stanie pa\u0144stwa, \u0142\u0105cznie z wnioskami o Trybuna\u0142 Stanu. Nar\u00f3d powinien si\u0119 dowiedzie\u0107 do czego doprowadzi\u0142a ta koalicja. Koalicja k\u0142amc\u00f3w, aferzyst\u00f3w, z\u0142odziei. Nar\u00f3d musi mie\u0107 \u015bwiadomo\u015b\u0107, \u017ce po raz kolejny \u201cnie b\u0119dzie \u0142atwo\u201d, po raz kolejny padnie pytanie (w domy\u015ble): \u201cpomo\u017cecie?\u201d. I zn\u00f3w musi doj\u015b\u0107 do po\u015bwi\u0119ce\u0144, zaciskania pasa, ale je\u015bli zrobimy to solidarnie wszyscy, je\u015bli Polonia zn\u00f3w zacznie przesy\u0142a\u0107 paczki, pieni\u0105dze, aby ul\u017cy\u0107, aby wspom\u00f3c, to damy rad\u0119.<\/span><\/p>\n<p dir=\"ltr\" style=\"line-height: 1.38; margin-top: 0pt; margin-bottom: 0pt\"><span style=\"font-size: 13.3333px; font-family: Verdana; color: #000000; background-color: transparent; font-weight: normal; font-style: normal; font-variant: normal; text-decoration: none; vertical-align: baseline\">Polacy s\u0105 warci ka\u017cdej pomocy, bo s\u0105 wspania\u0142ym Narodem, ale musz\u0105 nauczy\u0107 si\u0119 jednego: oddziela\u0107 plewy od ziaren, kara\u0107 z\u0142odziei, odbiera\u0107 im nies\u0142usznie zarobione maj\u0105tki, nie zgadza\u0107 si\u0119 na przed\u0142u\u017canie karier politycznych ludzi, kt\u00f3rym ju\u017c dawno powinno si\u0119 podzi\u0119kowa\u0107, Balcerowicz, Frasyniuk, Miller, Kwa\u015bniewski, Wa\u0142\u0119sa i ca\u0142a ta armia z obecnej koalicji nieuczciwie bogac\u0105ca si\u0119 na polskiej niedoli.<\/span><\/p>\n<p dir=\"ltr\" style=\"line-height: 1.38; margin-top: 0pt; margin-bottom: 0pt\"><span style=\"font-size: 13.3333px; font-family: Verdana; color: #000000; background-color: transparent; font-weight: normal; font-style: normal; font-variant: normal; text-decoration: none; vertical-align: baseline\">Patrzmy, jak dzia\u0142aj\u0105 inne kraje, jak skompromitowni ministrowie b\u0142yskawicznie podaj\u0105 si\u0119 do dymisji, jak \u015bciga si\u0119 przest\u0119pc\u00f3w, a nie tych, kt\u00f3rzy przest\u0119pc\u00f3w ujawniaj\u0105.<\/span><\/p>\n<p dir=\"ltr\" style=\"line-height: 1.38; margin-top: 0pt; margin-bottom: 0pt\"><span style=\"font-size: 13.3333px; font-family: Verdana; color: #000000; background-color: transparent; font-weight: normal; font-style: normal; font-variant: normal; text-decoration: none; vertical-align: baseline\">Patrzmy na Holandi\u0119. Przecie\u017c nie min\u0105\u0142 rok od katastrofy samolotu lec\u0105cego do Malezji, a ju\u017c s\u0105 wnioski o trybuna\u0142. Nikt nie ci\u0105\u0142, nie my\u0142 i nie bezcze\u015bci\u0142 wraku. A najwa\u017cniejsze,- nikt w Holandii nawet nie pomy\u015bla\u0142 o oddaniu \u015bledztwa w nieomylne r\u0119ce Anodiny.<\/span><\/p>\n<p dir=\"ltr\" style=\"line-height: 1.38; margin-top: 0pt; margin-bottom: 0pt\"><span style=\"font-size: 13.3333px; font-family: Verdana; color: #000000; background-color: transparent; font-weight: normal; font-style: normal; font-variant: normal; text-decoration: none; vertical-align: baseline\">My te\u017c nigdy nie zapomnimy o Smole\u0144sku i im wcze\u015bniej to wyja\u015bnimy, tym lepiej, ale jeszcze odczekajmy chwilk\u0119, po\u015bwi\u0119\u0107my najpierw czas i energi\u0119 pa\u0144stwu, gospodarce, ekonomii, wska\u017cmy winnych tego, \u017ce Polska biednieje, a p\u00f3\u017aniej we\u017amy si\u0119 za tych, kt\u00f3rzy maj\u0105 na r\u0119kach krew smole\u0144skich ofiar. Tylko do jesieni starajmy si\u0119 otwiera\u0107 szeroko oczy. Ta jesie\u0144 b\u0119dzie najwa\u017cniejsz\u0105 jesieni\u0105 w ca\u0142ym okresie \u201cwolnej, pokomunistycznej Polski\u201d.<\/span><span style=\"font-size: 13.3333px; font-family: Verdana; color: #000000; background-color: transparent; font-weight: normal; font-style: normal; font-variant: normal; text-decoration: none; vertical-align: baseline\"> I na koniec najsmutniejsza refleksja:<\/span><\/p>\n<p dir=\"ltr\" style=\"line-height: 1.38; margin-top: 0pt; margin-bottom: 0pt\"><span style=\"font-size: 13.3333px; font-family: Verdana; color: #000000; background-color: transparent; font-weight: normal; font-style: normal; font-variant: normal; text-decoration: none; vertical-align: baseline\">Nar\u00f3d, pod wodz\u0105 komunist\u00f3i odbudowa\u0142 stolic\u0119, miasta i wsie, wybudowa\u0142 stocznie, huty, cementownie, cukrownie, \u00a0&#8211; zabra\u0142o to 50 lat.<\/span><\/p>\n<p><span style=\"font-size: 13.3333px; font-family: Verdana; color: #000000; background-color: transparent; font-weight: normal; font-style: normal; font-variant: normal; text-decoration: none; vertical-align: baseline\">Kolejne rz\u0105dy wolnej Polski likwidowa\u0142y, a obecna koalicja najintensywniej ca\u0142y ten dorobek. Nie komunist\u00f3w. To by\u0142 dorobek Narodu! Ale roztrwonili bez udzia\u0142u Narodu; decydowali sami. Jest jednak udzia\u0142 Narodu, spo\u0142ecze\u0144stwa: wybory. I tu Nar\u00f3d przegra\u0142. Wystarczy\u0142o 23 lata &#8211; licz\u0119 od haniebnego zdymisjonowania rz\u0105du Jana Olszewskiego przez Wa\u0142\u0119s\u0119. Rz\u0105du, kt\u00f3rego prezes chcia\u0142 zrobi\u0107 to, co powinno by\u0107 zrobione. Potem wolni Polacy wyg\u0142upili si\u0119 podw\u00f3jn\u0105 kadencj\u0105 dzia\u0142acza KC PZPR, \u017ceby p\u00f3\u017aniej wyg\u0142upi\u0107 si\u0119 jeszcze bardziej utrudnianiem pracy rz\u0105du PiS i prezydentury \u015bp. Lecha Kaczy\u0144skiego. Mam nadziej\u0119, \u017ce tym razem do tego rodzaju wyg\u0142up\u00f3w nie dojdzie, \u017ce spo\u0142ecze\u0144stwo ju\u017c u\u015bwiadomi\u0142o sobie warto\u015b\u0107 PO i PSL, warto\u015b\u0107 Tuska, Kopaczowej, Sikorskiego, Niesio\u0142owskiego, Palikota, SLD i tych wszystkich, kt\u00f3rzy stworzyli ca\u0142y, pot\u0119\u017cny mechanizm prania m\u00f3zg\u00f3w, szydzenia z Kaczy\u0144skich i wszystkiego, co jest po prawej stronie: dziennikarzy, pseudo-dziennikarzy, hien radiowo-telewizyjno-gazetowych, kt\u00f3re nie my\u015bl\u0105 o pa\u0144stwie, o spo\u0142ecze\u0144stwie. Ich jedyn\u0105 trosk\u0105 s\u0105 ich posadki i ogromne pieni\u0105dze. Dlatego b\u0119dzie trudno, bo jednak dajemy si\u0119 kupi\u0107. <\/span><\/p>\n","protected":false},"excerpt":{"rendered":"<p>Jeszcze \u201cChrabia\u201d urz\u0119duje, a ju\u017c mamy kolejn\u0105 arystokratk\u0119. Kidawa-B\u0142o\u0144ska b\u0119dzie teraz stuka\u0107 lask\u0105 marsza\u0142kowsk\u0105 w Sejmie, a \u201cspin-dochtory&#8221; ju\u017c og\u0142aszaj\u0105 spo\u0142ecze\u0144stwu jej arystokratyczne korzenie. Do\u015b\u0107 ju\u017c hrabi\u00f3w, ksi\u0119\u017cniczek i innych wysoko urodzonych.<\/p>\n","protected":false},"author":2,"featured_media":0,"comment_status":"open","ping_status":"open","sticky":false,"template":"","format":"standard","meta":[],"categories":[4],"tags":[],"_links":{"self":[{"href":"https:\/\/sporek.com\/blog\/index.php?rest_route=\/wp\/v2\/posts\/503"}],"collection":[{"href":"https:\/\/sporek.com\/blog\/index.php?rest_route=\/wp\/v2\/posts"}],"about":[{"href":"https:\/\/sporek.com\/blog\/index.php?rest_route=\/wp\/v2\/types\/post"}],"author":[{"embeddable":true,"href":"https:\/\/sporek.com\/blog\/index.php?rest_route=\/wp\/v2\/users\/2"}],"replies":[{"embeddable":true,"href":"https:\/\/sporek.com\/blog\/index.php?rest_route=%2Fwp%2Fv2%2Fcomments&post=503"}],"version-history":[{"count":0,"href":"https:\/\/sporek.com\/blog\/index.php?rest_route=\/wp\/v2\/posts\/503\/revisions"}],"wp:attachment":[{"href":"https:\/\/sporek.com\/blog\/index.php?rest_route=%2Fwp%2Fv2%2Fmedia&parent=503"}],"wp:term":[{"taxonomy":"category","embeddable":true,"href":"https:\/\/sporek.com\/blog\/index.php?rest_route=%2Fwp%2Fv2%2Fcategories&post=503"},{"taxonomy":"post_tag","embeddable":true,"href":"https:\/\/sporek.com\/blog\/index.php?rest_route=%2Fwp%2Fv2%2Ftags&post=503"}],"curies":[{"name":"wp","href":"https:\/\/api.w.org\/{rel}","templated":true}]}}