{"id":504,"date":"2015-07-02T06:41:55","date_gmt":"2015-07-02T10:41:55","guid":{"rendered":"http:\/\/sporek.com\/blog\/?p=504"},"modified":"2015-07-12T04:42:20","modified_gmt":"2015-07-12T08:42:20","slug":"zmiana","status":"publish","type":"post","link":"https:\/\/sporek.com\/blog\/?p=504","title":{"rendered":"Zmiana"},"content":{"rendered":"<p style=\"line-height: 1.38; margin-top: 0pt; margin-bottom: 0pt\" dir=\"ltr\"><span style=\"color: #000000; font-family: Verdana; font-size: 13.33px; font-style: normal; font-variant: normal; font-weight: normal; text-decoration: none; vertical-align: baseline; background-color: transparent\">Przepraszam moich Czytelnik\u00f3w; ten wpis dziwnym trafem nie wszed\u0142 wtedy kiedy go napisa\u0142em\u2026<\/span><\/p>\n<p><!--more--><\/p>\n<p style=\"line-height: 1.38; margin-top: 0pt; margin-bottom: 0pt\" dir=\"ltr\"><span style=\"color: #000000; font-family: Verdana; font-size: 13.33px; font-style: normal; font-variant: normal; font-weight: normal; text-decoration: none; vertical-align: baseline; background-color: transparent\">B\u0119dzie zatem zmiana lokatora w pa\u0142acu przy Krakowskim Przedmie\u015bciu.<\/span><\/p>\n<p style=\"line-height: 1.38; margin-top: 0pt; margin-bottom: 0pt\" dir=\"ltr\"><span style=\"color: #000000; font-family: Verdana; font-size: 13.33px; font-style: normal; font-variant: normal; font-weight: normal; text-decoration: none; vertical-align: baseline; background-color: transparent\">Wygra\u0142 w I-ej, wygra\u0142 i w II-ej turze. Andrzej Duda, Prezydent &#8211; Elekt. Obecny prezydent pogratulowa\u0142 i \u017cyczy\u0142 \u201cdobrej prezydentury\u201d, a potem pojecha\u0142 po swojemu; do <\/span><span style=\"color: #000000; font-family: Verdana; font-size: 13.33px; font-style: italic; font-variant: normal; font-weight: bold; text-decoration: none; vertical-align: baseline; background-color: transparent\">\u201czgody i bezpiecze\u0144stwa\u201d<\/span><span style=\"color: #000000; font-family: Verdana; font-size: 13.33px; font-style: normal; font-variant: normal; font-weight: normal; text-decoration: none; vertical-align: baseline; background-color: transparent\"> w\u2026 r\u0119kawicach bokserskich, kt\u00f3re dosta\u0142 od Salety. Przeczytajcie uwa\u017cnie i pom\u00f3\u017ccie mi zrozumie\u0107 ten tekst. <\/span><\/p>\n<p style=\"line-height: 1.38; margin-top: 0pt; margin-bottom: 0pt\" dir=\"ltr\"><span style=\"color: #000000; font-family: Verdana; font-size: 13.33px; font-style: italic; font-variant: normal; font-weight: normal; text-decoration: none; vertical-align: baseline; background-color: transparent\">\u201cTe 47%, to pospolite ruszenie\u2026 w imi\u0119 powstrzymania fali nienawi\u015bci i agresji, kt\u00f3r\u0105 wszyscy niedawno, tak g\u0142\u0119boko prze\u017cywali\u015bmy\u2026 T\u0105 fal\u0119 nienawi\u015bci i agresji trzeba powstrzyma\u0107; to pospolite ruszenie mo\u017ce j\u0105 zatrzyma\u0107&#8230;To pospolite ruszenie nadal jest demokratycznej Polsce potrzebne&#8230;Id\u0105 nast\u0119pne bitwy, id\u0105 nast\u0119pne wyzwania&#8230;Musimy by\u0107 na nie gotowi\u2026<\/span><\/p>\n<p style=\"line-height: 1.38; margin-top: 0pt; margin-bottom: 0pt\" dir=\"ltr\"><span style=\"color: #000000; font-family: Verdana; font-size: 13.33px; font-style: italic; font-variant: normal; font-weight: normal; text-decoration: none; vertical-align: baseline; background-color: transparent\">Ten, kto nie przegra\u0142 nie wart jest zwyci\u0119stwa\u2026 My, p\u00f3jdziemy do zwyci\u0119stwa\u2026 Nie takie pr\u00f3by ju\u017c prze\u017cyli\u015bmy, nie takie bitwy ju\u017c stoczyli\u015bmy, ale dzisiaj, rzeczywi\u015bcie, to wielka, trudna pr\u00f3ba dla nas wszystkich. Od nas zale\u017cy, czy t\u0119 pora\u017ck\u0119 przekujemy w zwyci\u0119stwo\u2026 Ja tego jestem pewien.\u201d<\/span><\/p>\n<p style=\"line-height: 1.38; margin-top: 0pt; margin-bottom: 0pt\" dir=\"ltr\"><span style=\"color: #000000; font-family: Verdana; font-size: 13.33px; font-style: normal; font-variant: normal; font-weight: normal; text-decoration: none; vertical-align: baseline; background-color: transparent\">O czym ten cz\u0142owiek bredzi\u0142? Ani s\u0142owa o potrzebach ekonomicznych Polski, o milionach m\u0142odzie\u017cy poza granicami, o potrzebie zmian. My, p\u00f3jdziemy, my wygramy, my, my, my.<\/span><\/p>\n<p style=\"line-height: 1.38; margin-top: 0pt; margin-bottom: 0pt\" dir=\"ltr\"><span style=\"color: #000000; font-family: Verdana; font-size: 13.33px; font-style: normal; font-variant: normal; font-weight: normal; text-decoration: none; vertical-align: baseline; background-color: transparent\">Je\u015bli chodzi o mnie, to nigdy ju\u017c, nigdy nie uwierz\u0119 w \u017cadne, wygl\u0105daj\u0105ce pozytywnie has\u0142o Bronis\u0142awa Komorowskiego. <\/span><\/p>\n<p style=\"line-height: 1.38; margin-top: 0pt; margin-bottom: 0pt\" dir=\"ltr\"><span style=\"color: #000000; font-family: Verdana; font-size: 13.33px; font-style: normal; font-variant: normal; font-weight: normal; text-decoration: none; vertical-align: baseline; background-color: transparent\">Wart Pa\u0142ac Paca, a Pac, Pa\u0142aca; &#8211; na spotkaniu w studio telewizyjnym, prowadzonym przez Kra\u015bk\u0119, obecni byli: Mariusz B\u0142aszczak, PiS, Jaros\u0142aw Kalinowski, PSL, Jerzy Wenderlich, SLD, Tomasz Na\u0142\u0119cz, doradca urz\u0119duj\u0105cego prezydenta, Jacek Protasiewicz, PO. <\/span><\/p>\n<p style=\"line-height: 1.38; margin-top: 0pt; margin-bottom: 0pt\" dir=\"ltr\"><span style=\"color: #000000; font-family: Verdana; font-size: 13.33px; font-style: normal; font-variant: normal; font-weight: normal; text-decoration: none; vertical-align: baseline; background-color: transparent\">No i oczywi\u015bcie Na\u0142\u0119cz \u201cpatrzy\u0142 z podziwem na urz\u0119duj\u0105cego prezydenta, z jak\u0105 klas\u0105 pogodzi\u0142 si\u0119 z pora\u017ck\u0105\u201d, itp. A po tych pochlebstwach dla swojego chlebodawcy i on pojecha\u0142 po bandzie, jak jego chlebodawca, \u201codkrywaj\u0105c\u201d, \u017ce Duda nie podzi\u0119kowa\u0142 prezesowi Kaczy\u0144skiemu, \u017ce Kaczy\u0144skiego nie by\u0142o, itd, itp. I pyta, \u201cczy to ju\u017c zapowied\u017a zmian?\u201d <\/span><\/p>\n<p style=\"line-height: 1.38; margin-top: 0pt; margin-bottom: 0pt\" dir=\"ltr\"><span style=\"color: #000000; font-family: Verdana; font-size: 13.33px; font-style: normal; font-variant: normal; font-weight: normal; text-decoration: none; vertical-align: baseline; background-color: transparent\">I wbija szpile w PiS, jak tylko mo\u017cliwe. Jak pan, taki s\u0142uga.<\/span><\/p>\n<p style=\"line-height: 1.38; margin-top: 0pt; margin-bottom: 0pt\" dir=\"ltr\"><span style=\"color: #000000; font-family: Verdana; font-size: 13.33px; font-style: normal; font-variant: normal; font-weight: normal; text-decoration: none; vertical-align: baseline; background-color: transparent\">To taka ta wasza <\/span><span style=\"color: #000000; font-family: Verdana; font-size: 13.33px; font-style: italic; font-variant: normal; font-weight: bold; text-decoration: none; vertical-align: baseline; background-color: transparent\">\u201czgoda i bezpiecze\u0144stwo\u201d<\/span><span style=\"color: #000000; font-family: Verdana; font-size: 13.33px; font-style: normal; font-variant: normal; font-weight: normal; text-decoration: none; vertical-align: baseline; background-color: transparent\">?<\/span><\/p>\n<p style=\"line-height: 1.38; margin-top: 0pt; margin-bottom: 0pt\" dir=\"ltr\"><span style=\"color: #000000; font-family: Verdana; font-size: 13.33px; font-style: normal; font-variant: normal; font-weight: normal; text-decoration: none; vertical-align: baseline; background-color: transparent\">Nie wiem, jak Wy, Drodzy Pa\u0144stwo, ale ja mam dziwne poczucie g\u0142\u0119bokiej obawy o ci\u0105g dalszy, o konsekwencje przegranej tych, kt\u00f3rzy przegranej nie brali pod uwag\u0119.<\/span><\/p>\n<p><span style=\"color: #000000; font-family: Verdana; font-size: 13.33px; font-style: normal; font-variant: normal; font-weight: normal; text-decoration: none; vertical-align: baseline; background-color: transparent\">Tu ci\u0105gle \u015bmierdzi fa\u0142szem. Boj\u0119 sie nadchodz\u0105cych dni, tygodni, miesi\u0119cy, bo do 6 sierpnia, to przecie\u017c jeszcze miesi\u0105c.<\/span><\/p>\n","protected":false},"excerpt":{"rendered":"<p>Przepraszam moich Czytelnik\u00f3w; ten wpis dziwnym trafem nie wszed\u0142 wtedy kiedy go napisa\u0142em\u2026<\/p>\n","protected":false},"author":2,"featured_media":0,"comment_status":"open","ping_status":"open","sticky":false,"template":"","format":"standard","meta":[],"categories":[4],"tags":[],"_links":{"self":[{"href":"https:\/\/sporek.com\/blog\/index.php?rest_route=\/wp\/v2\/posts\/504"}],"collection":[{"href":"https:\/\/sporek.com\/blog\/index.php?rest_route=\/wp\/v2\/posts"}],"about":[{"href":"https:\/\/sporek.com\/blog\/index.php?rest_route=\/wp\/v2\/types\/post"}],"author":[{"embeddable":true,"href":"https:\/\/sporek.com\/blog\/index.php?rest_route=\/wp\/v2\/users\/2"}],"replies":[{"embeddable":true,"href":"https:\/\/sporek.com\/blog\/index.php?rest_route=%2Fwp%2Fv2%2Fcomments&post=504"}],"version-history":[{"count":0,"href":"https:\/\/sporek.com\/blog\/index.php?rest_route=\/wp\/v2\/posts\/504\/revisions"}],"wp:attachment":[{"href":"https:\/\/sporek.com\/blog\/index.php?rest_route=%2Fwp%2Fv2%2Fmedia&parent=504"}],"wp:term":[{"taxonomy":"category","embeddable":true,"href":"https:\/\/sporek.com\/blog\/index.php?rest_route=%2Fwp%2Fv2%2Fcategories&post=504"},{"taxonomy":"post_tag","embeddable":true,"href":"https:\/\/sporek.com\/blog\/index.php?rest_route=%2Fwp%2Fv2%2Ftags&post=504"}],"curies":[{"name":"wp","href":"https:\/\/api.w.org\/{rel}","templated":true}]}}