{"id":508,"date":"2015-10-06T22:42:27","date_gmt":"2015-10-07T02:42:27","guid":{"rendered":"http:\/\/sporek.com\/blog\/?p=508"},"modified":"2015-10-06T23:29:06","modified_gmt":"2015-10-07T03:29:06","slug":"wizyta-prezydenta","status":"publish","type":"post","link":"https:\/\/sporek.com\/blog\/?p=508","title":{"rendered":"Wizyta Prezydenta"},"content":{"rendered":"<p><strong style=\"font-weight: normal\"><\/p>\n<p dir=\"ltr\" style=\"line-height: 1.38; margin-top: 0pt; margin-bottom: 0pt\" id=\"docs-internal-guid-95a21dc4-402b-bd32-5af2-a200eaa60089\"><span style=\"color: #000000; font-family: Verdana; font-size: 13.33px; font-style: normal; font-variant: normal; font-weight: 400; text-decoration: none; vertical-align: baseline; background-color: transparent\">Przylecia\u0142, by\u0142, spotka\u0142 si\u0119 z Poloni\u0105 w ko\u015bciele, w parku, w konsulacie, zaznaczy\u0142 swoj\u0105 osob\u0119 w ONZ, m\u0105drym, niebanalnym przem\u00f3wieniem. Zrobi\u0142 wra\u017cenie. Jako\u015b jednak \u017cal mi si\u0119 go zrobi\u0142o w konsulacie. <!--more-->Jego i ministra kancelarii i w og\u00f3le, jako\u015b tak do dzi\u015b mam dziwne uczucie zgagi. Sk\u0105d si\u0119 ta zgaga bierze? Mia\u0142em opory, \u017ceby o tym pisa\u0107, ale w ko\u0144cu przewa\u017cy\u0142o poczucie obowi\u0105zku i wrodzonej potrzeby nazywania rzeczy po imieniu, niepopularnej dzi\u015b niepoprawno\u015bci politycznej, przez co zyskiwa\u0142em wy\u0142\u0105cznie wrog\u00f3w, ale korzy\u015b\u0107 by\u0142a taka, \u017ce ostatecznie do\u015b\u0107 szybko uzmys\u0142awia\u0142em sobie, kto jest kto.<\/span><\/p>\n<p dir=\"ltr\" style=\"line-height: 1.38; margin-top: 0pt; margin-bottom: 0pt\"><span style=\"color: #000000; font-family: Verdana; font-size: 13.33px; font-style: normal; font-variant: normal; font-weight: 400; text-decoration: none; vertical-align: baseline; background-color: transparent\">Zatem, do rzeczy: Ju\u017c w ko\u015bciele zauwa\u017cy\u0142em z podium dla dyrygenta, na ch\u00f3rze, \u017ce z lewej strony, na o\u0142tarzowe schody pcha si\u0119 sporych rozmiar\u00f3w facet, kt\u00f3ry trzy lata temu zbojkotowa\u0142 wystaw\u0119 \u201cKaty\u0144-Smole\u0144sk\u201d w Copiague, a w ostatniej kampanii wyborczej (do wybor\u00f3w prezydenckich) promowa\u0142 Grzegorza Brauna. Ten pan pojawi\u0142 si\u0119 i w parku i w konsulacie. Przed ko\u015bcio\u0142em dostrzeg\u0142em przepychaj\u0105cego si\u0119 w stron\u0119 Prezydenta cz\u0142owieka, kt\u00f3ry dwa lata temu, gdy rozdawali\u015bmy ulotki o spotkaniu z A. Macierewiczem i K. Nowaczykiem, wykrzycza\u0142 nam w oczy: <\/span><span style=\"color: #000000; font-family: Verdana; font-size: 13.33px; font-style: italic; font-variant: normal; font-weight: 400; text-decoration: none; vertical-align: baseline; background-color: transparent\">mo\u017ce jeszcze wystawicie Kaczy\u0144skiemu pomnik?!<\/span><\/p>\n<p dir=\"ltr\" style=\"line-height: 1.38; margin-top: 0pt; margin-bottom: 0pt\"><span style=\"color: #000000; font-family: Verdana; font-size: 13.33px; font-style: normal; font-variant: normal; font-weight: 400; text-decoration: none; vertical-align: baseline; background-color: transparent\">W konsulacie, jedn\u0105 z g\u0142\u00f3wnych r\u00f3l \u201cgra\u0142\u201d facet, kt\u00f3ry \u00a0w dzie\u0144 zwyci\u0119stwa Andrzeja Dudy, wyg\u0142osi\u0142 tyrad\u0119 o g\u0142upocie ludzi g\u0142osuj\u0105cych na kandydata PiS. Podchodzili do Prezydenta Dudy ludzie, kt\u00f3rzy robili sobie \u201cfocie\u201d z B. Komorowskim i to zupe\u0142nie niedawno. Byli przy tym tak agresywni, \u017ce jednemu z nich musia\u0142em zwr\u00f3ci\u0107 uwag\u0119, aby opu\u015bci\u0142 r\u0119ce, bo \u0142okcie mia\u0142 nastawione wy\u0142\u0105cznie w kierunku \u017ceber otaczaj\u0105cych go ludzi, albo, jakby ta\u0144czy\u0142 Krakowiaka. Podobnie do ministra Kancelarii. Ale oni nie wiedz\u0105, tzn. Prezydent i minister, kto jest kto i grzeczno\u015bciowo traktuj\u0105 wszystkich jednakowo. Mo\u017ce za \u201cjednakowo\u201d, bo s\u0105 tu przecie\u017c \u00a0ludzie, kt\u00f3rzy realizuj\u0105 si\u0119 w g\u0142\u0119bokich przekonaniach prawicowych, a widzia\u0142em zaledwie kilkudziesi\u0119ciu, kt\u00f3rzy z sukcesem dopchali si\u0119<strong>, <\/strong>aby zamieni\u0107 s\u0142\u00f3wko, zrobi\u0107 zdj\u0119cie. Wi\u0119kszo\u015b\u0107, to po prostu regularna bra\u0107 z listy konsularnej, kt\u00f3ra przychodzi na wszystkie imprezy. Oczywi\u015bcie nie da si\u0119 unikn\u0105\u0107 takich sytuacji. Ale rodzi si\u0119 pytanie: jakim kr\u0119gos\u0142upem dysponuj\u0105 ci, jeszcze nie tak dawno, garn\u0119li si\u0119 do B. Komorowskiego, cho\u0107 na Greenpoint zawita\u0142 jedynie, aby zje\u015b\u0107 obiad w pewnej restauracji s\u0142yn\u0105cej z tego, i\u017c jedli tam posi\u0142ki tacy ludzie, jak Anita Gargas, Ewa Stankiewicz, Adam Kwiatkowski, Ryszard Kapu\u015bci\u0144ski, Tomasz Sakiewicz, ca\u0142y prawie Klub Gazety Polskiej. Ale\u2026 biznes jest biznes, oboj\u0119tne, kto daje pieni\u0105dze. A w\u0142a\u015bnie, \u017ce nie . To nie powinno by\u0107 oboj\u0119tne, bo rano musimy spojrze\u0107 w lustro\u2026, bo Ojczyzna chce \u017cy\u0107 na prawdzie, nie na ob\u0142udzie. To nie znaczy, \u017ce ludzi zajmuj\u0105cych dzisiaj miejsca za, na przyk\u0142ad administracyjnymi biurkami, nale\u017cy w czambu\u0142 pot\u0119pi\u0107, bo byli mianowani przez rz\u0105dz\u0105c\u0105 koalicj\u0119. Absolutnie nie. Powinni\u015bmy po prostu patrze\u0107 na owoce ich pracy; uczciwi, pracowici, nieszkodz\u0105cy pa\u0144stwu, spo\u0142ecze\u0144stwu zas\u0142uguj\u0105 na taki sam szacunek, jak ci z opozycji, ale raz przy\u0142apani na \u201cbrudzie\u201d powinni by\u0107 przez nas wykluczeni. Dotyczy to obu stron i tych z rozdania rz\u0105dowego teraz i tych kt\u00f3rzy b\u0119d\u0105 \u201crozdani\u201d gdy wygra prawica. B\u0142\u0119dem najtragiczniejszym w polityce jest to, \u017ce polityk nie zostaje ukarany za b\u0142\u0119dy \u201cna g\u00f3rze\u201d. Kowalski, je\u015bli zawali co\u015b w robocie, to albo wylatuje, albo ma po premii, albo musi pokry\u0107 straty. Polityk ryzykuje tylko tym, \u017ce go nie wybior\u0105. I co z tego, jak podczas s\u0142u\u017cby nakradnie tyle, \u017ce ma w nosie wynik wybor\u00f3w: wybior\u0105, dobrze,- nie wybior\u0105 te\u017c dobrze. Wystarczaj\u0105co si\u0119 wzbogaci\u0142em i mog\u0119 spokojnie \u017cy\u0107. A wy \u201cmochery\u201d wybierajcie nast\u0119pnych. O, nie. Mam tak\u0105 natur\u0119, \u017ce b\u0119d\u0119 patrzy\u0142 na r\u0119ce nast\u0119pnym rz\u0105dz\u0105cym, czy to b\u0119dzie sam PiS, czy w koalicji. Ja bardzo bole\u015bnie do\u015bwiadczy\u0142em i to ca\u0142kiem niedawno, jak w\u0142adza uderza do g\u0142owy; zapomina si\u0119 o przyjacio\u0142ach, zapomina si\u0119, kto wywindowa\u0142 \u201ckandydata\u201d z dalekiego miejsca, &#8211; \u017cyje si\u0119 sukcesem osi\u0105gni\u0119tym dzi\u0119ki ci\u0119\u017ckiej pracy innych. I wstyd przedstawi\u0107 prezydentowi kogo\u015b, kto wykona\u0142 ogromn\u0105 robot\u0119, \u017ceby polityk usiad\u0142 w \u0142awie sejmowej, \u00a0a mo\u017ce poszed\u0142 jeszcze dalej, w ministry. Smutne to, bo przecie\u017c polityk powinien mie\u0107 i klas\u0119 i otwarty umys\u0142, a tu m\u0142okosy, ju\u017c teraz, na naszych oczach dbaj\u0105ce wy\u0142\u0105cznie o swoje sto\u0142ki, dumne ze swoich stanowisk.<\/span><\/p>\n<p dir=\"ltr\" style=\"line-height: 1.38; margin-top: 0pt; margin-bottom: 0pt\"><span style=\"color: #000000; font-family: Verdana; font-size: 13.33px; font-style: normal; font-variant: normal; font-weight: 400; text-decoration: none; vertical-align: baseline; background-color: transparent\">Mam nadziej\u0119, \u017ce Prezydent Duda, a potem PiS przywr\u00f3c\u0105 jak\u0105\u015b r\u00f3wnowag\u0119 w moim kraju i zajm\u0105 si\u0119 na pocz\u0105tek tym, co najwa\u017cniejsze dla Narodu. Ale nic nie zwolni ich z obowi\u0105zku rozliczenia nieporadnie rz\u0105dz\u0105cej, sprzedaj\u0105cej Polsk\u0119, jak swoj\u0105 w\u0142asno\u015b\u0107, rozkradaj\u0105cej i zad\u0142u\u017caj\u0105cej Ojczyzn\u0119 bandy zwanej koalicj\u0105 rz\u0105dz\u0105c\u0105.<\/span><\/p>\n<p dir=\"ltr\" style=\"line-height: 1.38; margin-top: 0pt; margin-bottom: 0pt\">\u00a0<font face=\"Times New Roman\">  <\/font><\/p>\n<p style=\"margin: 0in 0in 10pt\"><span style=\"line-height: 115%; font-family: 'Verdana','sans-serif'; font-size: 10pt\" lang=\"PL\">PS: Sk\u0105d, w\u015br\u00f3d Polonii nowojorskiej wzi\u0105\u0142 si\u0119 zwyczaj \u015bpiewania Hymnu pa\u0144stwowego przez solist\u0119. Akurat na spotkaniu z Prezydentem, w konsulacie wysz\u0142o to fatalnie, bo Polacy, od wiek\u00f3w \u015bpiewaj\u0105cy sw\u00f3j Hymn zbiorowo i z serca, za\u015bpiewali go te\u017c zbiorowo, ale solista wyd\u0142u\u017ca\u0142 ka\u017cd\u0105 fraz\u0119, \u017ceby koniecznie by\u0142o s\u0142ycha\u0107, \u017ce on ma solo. Nie ma\u0142pujmy Amerykan\u00f3w. \u015apiewajmy Mazurka D\u0105browskiego zbiorowo, wg polskiego, zwyczaju.<\/span><\/p>\n<p dir=\"ltr\" style=\"line-height: 1.38; margin-top: 0pt; margin-bottom: 0pt\"><font face=\"Times New Roman\">  <\/font><\/p>\n<p dir=\"ltr\" style=\"line-height: 1.38; margin-top: 0pt; margin-bottom: 0pt\">&nbsp;<\/p>\n<p><\/strong><\/p>\n","protected":false},"excerpt":{"rendered":"<p>Przylecia\u0142, by\u0142, spotka\u0142 si\u0119 z Poloni\u0105 w ko\u015bciele, w parku, w konsulacie, zaznaczy\u0142 swoj\u0105 osob\u0119 w ONZ, m\u0105drym, niebanalnym przem\u00f3wieniem. Zrobi\u0142 wra\u017cenie. Jako\u015b jednak \u017cal mi si\u0119 go zrobi\u0142o w konsulacie.<\/p>\n","protected":false},"author":2,"featured_media":0,"comment_status":"open","ping_status":"open","sticky":false,"template":"","format":"standard","meta":[],"categories":[4,3],"tags":[],"_links":{"self":[{"href":"https:\/\/sporek.com\/blog\/index.php?rest_route=\/wp\/v2\/posts\/508"}],"collection":[{"href":"https:\/\/sporek.com\/blog\/index.php?rest_route=\/wp\/v2\/posts"}],"about":[{"href":"https:\/\/sporek.com\/blog\/index.php?rest_route=\/wp\/v2\/types\/post"}],"author":[{"embeddable":true,"href":"https:\/\/sporek.com\/blog\/index.php?rest_route=\/wp\/v2\/users\/2"}],"replies":[{"embeddable":true,"href":"https:\/\/sporek.com\/blog\/index.php?rest_route=%2Fwp%2Fv2%2Fcomments&post=508"}],"version-history":[{"count":0,"href":"https:\/\/sporek.com\/blog\/index.php?rest_route=\/wp\/v2\/posts\/508\/revisions"}],"wp:attachment":[{"href":"https:\/\/sporek.com\/blog\/index.php?rest_route=%2Fwp%2Fv2%2Fmedia&parent=508"}],"wp:term":[{"taxonomy":"category","embeddable":true,"href":"https:\/\/sporek.com\/blog\/index.php?rest_route=%2Fwp%2Fv2%2Fcategories&post=508"},{"taxonomy":"post_tag","embeddable":true,"href":"https:\/\/sporek.com\/blog\/index.php?rest_route=%2Fwp%2Fv2%2Ftags&post=508"}],"curies":[{"name":"wp","href":"https:\/\/api.w.org\/{rel}","templated":true}]}}