{"id":509,"date":"2015-10-09T22:06:59","date_gmt":"2015-10-10T02:06:59","guid":{"rendered":"http:\/\/sporek.com\/blog\/?p=509"},"modified":"2015-10-10T09:19:10","modified_gmt":"2015-10-10T13:19:10","slug":"kto-sie-boi%e2%80%a6","status":"publish","type":"post","link":"https:\/\/sporek.com\/blog\/?p=509","title":{"rendered":"Kto si\u0119 boi\u2026"},"content":{"rendered":"<p><strong style=\"font-weight: normal\"> <span style=\"color: #000000; font-family: Verdana; font-size: 13.33px; font-style: normal; font-variant: normal; font-weight: 400; text-decoration: none; vertical-align: baseline; background-color: transparent\"><strong style=\"font-weight: normal\"><span style=\"color: #000000; font-family: Verdana; font-size: 13.33px; font-style: normal; font-variant: normal; font-weight: 400; text-decoration: none; vertical-align: baseline; background-color: transparent\"><\/span><\/strong><\/span><\/strong><span style=\"color: #000000; font-family: Verdana; font-size: 13.33px; font-style: normal; font-variant: normal; font-weight: 400; text-decoration: none; vertical-align: baseline; background-color: transparent\">Antoniego Macierewicza? Spotka\u0142em Antoniego w ko\u015bciele \u015aw. Stanis\u0142awa Kostki. Siedzia\u0142 w tej samej, pierwszej \u0142awce, w kt\u00f3rej tydzie\u0144 temu siedzia\u0142 Prezydent, Andrzej Duda. <!--more-->Przywitali\u015bmy si\u0119 po mszy; co s\u0142ycha\u0107, jak leci, itp. Ma ten sam, sympatyczny u\u015bmiech, jasne spojrzenie w oczy rozm\u00f3wcy. Nie biega oczami dooko\u0142a. Ma zawsze \u015bwietnie skrojony garnitur, a \u017ce sylwetk\u0119 ma prawie modelow\u0105, to i robi znakomite wra\u017cenie. Jest jednym z lepszych m\u00f3wc\u00f3w po\u015br\u00f3d polskich polityk\u00f3w. Zaliczam go do tej grupy mojego pokolenia, kt\u00f3re elegancj\u0119 i dystynkcj\u0119 wzi\u0119\u0142y z dom\u00f3w rodzinnych. My\u015bmy to nazywali \u201cstary francuski dom z \u2026 Krakowa\u201d. Znamy si\u0119 osobi\u015bcie od kilku lat, s\u0142ucha\u0142em wielu spotka\u0144 z nim, kilka organizowa\u0142em z by\u0142ym Klubem Gazety Polskiej w Nowym Jorku, zanim Tomasz Sakiewicz zdecydowa\u0142 si\u0119 mnie ukara\u0107 za \u201cwolne s\u0142owo\u201d. Przy okazji ukara\u0142 ca\u0142y klub. Niewa\u017cne.<\/span><\/p>\n<p><strong style=\"font-weight: normal\"><strong style=\"font-weight: normal\"><\/strong><\/strong><\/p>\n<p><strong style=\"font-weight: normal\"><strong style=\"font-weight: normal\"><strong style=\"font-weight: normal\"><\/p>\n<p dir=\"ltr\" style=\"line-height: 1.38; margin-top: 0pt; margin-bottom: 0pt\"><span style=\"color: #000000; font-family: Verdana; font-size: 13.33px; font-style: normal; font-variant: normal; font-weight: 400; text-decoration: none; vertical-align: baseline; background-color: transparent\">Kto si\u0119 boi Antoniego Macierewicza? Ja nie. <\/span><\/p>\n<p><\/strong><\/p>\n<p dir=\"ltr\" style=\"line-height: 1.38; margin-top: 0pt; margin-bottom: 0pt\" id=\"docs-internal-guid-871972d5-4f97-aa3e-a395-4efffcda7aa8\"><span style=\"color: #000000; font-family: Verdana; font-size: 13.33px; font-style: normal; font-variant: normal; font-weight: 400; text-decoration: none; vertical-align: baseline; background-color: transparent\">Osiem lat temu wywo\u0142a\u0142 mnie na Skypie m\u00f3j licealny kolega. Rozmowa szybko zesz\u0142a na tematy polityczne i oczywi\u015bcie us\u0142ysza\u0142em pe\u0142ne euforii stwierdzenie: \u201cnareszcie b\u0119dziemy mie\u0107 normalnych ludzi przy w\u0142adzy\u201d.<\/span><\/p>\n<p dir=\"ltr\" style=\"line-height: 1.38; margin-top: 0pt; margin-bottom: 0pt\"><span style=\"color: #000000; font-family: Verdana; font-size: 13.33px; font-style: normal; font-variant: normal; font-weight: 400; text-decoration: none; vertical-align: baseline; background-color: transparent\">-G\u0142osowa\u0142e\u015b na PO? &#8211; zapyta\u0142em z trwog\u0105.<\/span><\/p>\n<p dir=\"ltr\" style=\"line-height: 1.38; margin-top: 0pt; margin-bottom: 0pt\"><span style=\"color: #000000; font-family: Verdana; font-size: 13.33px; font-style: normal; font-variant: normal; font-weight: 400; text-decoration: none; vertical-align: baseline; background-color: transparent\">-Oczywi\u015bcie &#8211; odpar\u0142 z satysfakcj\u0105.<\/span><\/p>\n<p><\/strong><\/p>\n<p dir=\"ltr\" style=\"line-height: 1.38; margin-top: 0pt; margin-bottom: 0pt\" id=\"docs-internal-guid-871972d5-4f7f-632b-299a-cc48d5b8608a\"><span style=\"color: #000000; font-family: Verdana; font-size: 13.33px; font-style: normal; font-variant: normal; font-weight: 400; text-decoration: none; vertical-align: baseline; background-color: transparent\">-Czy\u015b ty si\u0119 z koniem na \u0142by zamieni\u0142? Co ty masz przeciwko PiSowi?<\/span><\/p>\n<p dir=\"ltr\" style=\"line-height: 1.38; margin-top: 0pt; margin-bottom: 0pt\"><span style=\"color: #000000; font-family: Verdana; font-size: 13.33px; font-style: normal; font-variant: normal; font-weight: 400; text-decoration: none; vertical-align: baseline; background-color: transparent\">-Przynajmniej nikt mi nie wejdzie do domu o sz\u00f3stej rano.<\/span><\/p>\n<p dir=\"ltr\" style=\"line-height: 1.38; margin-top: 0pt; margin-bottom: 0pt\"><span style=\"color: #000000; font-family: Verdana; font-size: 13.33px; font-style: normal; font-variant: normal; font-weight: 400; text-decoration: none; vertical-align: baseline; background-color: transparent\">By\u0142 to jedyny argument mojego dawnego kolegi. Argument, kt\u00f3ry zosta\u0142 r\u00f3wnie szybko zminimalizowany, kiedy zapyta\u0142em:<\/span><\/p>\n<p dir=\"ltr\" style=\"line-height: 1.38; margin-top: 0pt; margin-bottom: 0pt\"><span style=\"color: #000000; font-family: Verdana; font-size: 13.33px; font-style: normal; font-variant: normal; font-weight: 400; text-decoration: none; vertical-align: baseline; background-color: transparent\">-A czemu mieliby wchodzi\u0107 do twojego domu o sz\u00f3stej rano?<\/span><\/p>\n<p dir=\"ltr\" style=\"line-height: 1.38; margin-top: 0pt; margin-bottom: 0pt\"><span style=\"color: #000000; font-family: Verdana; font-size: 13.33px; font-style: normal; font-variant: normal; font-weight: 400; text-decoration: none; vertical-align: baseline; background-color: transparent\">-No, wiesz&#8230; &#8211; powiedzia\u0142 po d\u0142ugiej chwili milczenia &#8211; wchodz\u0105 do r\u00f3\u017cnych dom\u00f3w.<\/span><\/p>\n<p dir=\"ltr\" style=\"line-height: 1.38; margin-top: 0pt; margin-bottom: 0pt\"><span style=\"color: #000000; font-family: Verdana; font-size: 13.33px; font-style: normal; font-variant: normal; font-weight: 400; text-decoration: none; vertical-align: baseline; background-color: transparent\">-Czujesz si\u0119 przest\u0119pc\u0105? Jeste\u015b skorumpowany, okrad\u0142e\u015b pa\u0144stwo?<\/span><\/p>\n<p dir=\"ltr\" style=\"line-height: 1.38; margin-top: 0pt; margin-bottom: 0pt\"><span style=\"color: #000000; font-family: Verdana; font-size: 13.33px; font-style: normal; font-variant: normal; font-weight: 400; text-decoration: none; vertical-align: baseline; background-color: transparent\">-Nie, no, co\u015b ty\u2026<\/span><\/p>\n<p dir=\"ltr\" style=\"line-height: 1.38; margin-top: 0pt; margin-bottom: 0pt\"><span style=\"color: #000000; font-family: Verdana; font-size: 13.33px; font-style: normal; font-variant: normal; font-weight: 400; text-decoration: none; vertical-align: baseline; background-color: transparent\">-To czemu mieliby ci\u0119 obudzi\u0107 o sz\u00f3stej rano?<\/span><\/p>\n<p dir=\"ltr\" style=\"line-height: 1.38; margin-top: 0pt; margin-bottom: 0pt\"><span style=\"color: #000000; font-family: Verdana; font-size: 13.33px; font-style: normal; font-variant: normal; font-weight: 400; text-decoration: none; vertical-align: baseline; background-color: transparent\">-Oj, przesta\u0144 mnie \u0142apa\u0107 za s\u0142\u00f3wka\u2026<\/span><\/p>\n<p dir=\"ltr\" style=\"line-height: 1.38; margin-top: 0pt; margin-bottom: 0pt\"><span style=\"color: #000000; font-family: Verdana; font-size: 13.33px; font-style: normal; font-variant: normal; font-weight: 400; text-decoration: none; vertical-align: baseline; background-color: transparent\">No, w\u0142a\u015bnie. W Polsce rozpocz\u0119\u0142o si\u0119 \u0142apanie za s\u0142\u00f3wka. Antoni Macierewicz nie powiedzia\u0142 niczego nowego. Powiedzia\u0142 to, o czym m\u00f3wi ulica, co widnieje na transparentach, a przestraszeni do szpiku ko\u015bci PeOwcy, SLDowcy i ca\u0142a ta lewicowa, po\u017cal si\u0119 Bo\u017ce opozycja postanowili nagle stwierdzi\u0107, \u017ce Macierewicz jest w tych kwestiach nowatorski. Dlaczego tak wstrz\u0105sn\u0119\u0142y te wypowiedzi koalicj\u0105 rz\u0105dz\u0105c\u0105? To jest tak logiczne, \u017ce a\u017c \u015bmieszne:\u2019<\/span><\/p>\n<p dir=\"ltr\" style=\"line-height: 1.38; margin-top: 0pt; margin-bottom: 0pt\"><span style=\"color: #000000; font-family: Verdana; font-size: 13.33px; font-style: normal; font-variant: normal; font-weight: 400; text-decoration: none; vertical-align: baseline; background-color: transparent\">1 &#8211; trac\u0105 krzes\u0142a, fotele, immunitety, koniunktur\u0119.<\/span><\/p>\n<p dir=\"ltr\" style=\"line-height: 1.38; margin-top: 0pt; margin-bottom: 0pt\"><span style=\"color: #000000; font-family: Verdana; font-size: 13.33px; font-style: normal; font-variant: normal; font-weight: 400; text-decoration: none; vertical-align: baseline; background-color: transparent\">2 &#8211; PiS nie musi \u015bciga\u0107 indywidualnych cz\u0142onk\u00f3w rz\u0105du, wystarczy, \u017ce przeprowadzi kompleksowy audyt, np. budowy autostrad, sprzeda\u017cy polskich firm, prywatyzacji, etc. <\/span><\/p>\n<p dir=\"ltr\" style=\"line-height: 1.38; margin-top: 0pt; margin-bottom: 0pt\"><span style=\"color: #000000; font-family: Verdana; font-size: 13.33px; font-style: normal; font-variant: normal; font-weight: 400; text-decoration: none; vertical-align: baseline; background-color: transparent\">I wystarczy je\u015bli poinformuje o tym spo\u0142ecze\u0144stwo. Nic wi\u0119cej. Jak to jest, \u017ce w Polsce kast\u0105 najbogatsz\u0105 s\u0105 politycy? Z poselskich pensji, czy nawet z ministerialnych? To jest po prostu niemo\u017cliwe. Wi\u0119c, sk\u0105d?<\/span><\/p>\n<p dir=\"ltr\" style=\"line-height: 1.38; margin-top: 0pt; margin-bottom: 0pt\"><span style=\"color: #000000; font-family: Verdana; font-size: 13.33px; font-style: normal; font-variant: normal; font-weight: 400; text-decoration: none; vertical-align: baseline; background-color: transparent\">Histeria nad s\u0142owami Macierewicza ma bardzo logiczne pod\u0142o\u017ce i nie jest to problem ci\u0119\u017cko\u015bci tych s\u0142\u00f3w. Jest to problem nieczystych sumie\u0144.<\/span><\/p>\n<p dir=\"ltr\" style=\"line-height: 1.38; margin-top: 0pt; margin-bottom: 0pt\"><span style=\"color: #000000; font-family: Verdana; font-size: 13.33px; font-style: normal; font-variant: normal; font-weight: 400; text-decoration: none; vertical-align: baseline; background-color: transparent\">Wierz\u0119, \u017ce spo\u0142ecze\u0144stwo nie da si\u0119 ju\u017c nabra\u0107 na krzyki Ewy Kopacz, czy demagogiczne teksty liderki SLD, kt\u00f3ra jest kanclerzem w szkole, w kt\u00f3rej ojciec jest rektorem, a m\u0105\u017c dyrektorem; szko\u0142a nale\u017cy do fundacji, kt\u00f3rej prezesem jest ojciec, ona jest wiceprezesem, i wiceprezesami s\u0105 r\u00f3wnie\u017c jej m\u0105\u017c i siostra. Fajnie, &#8211; bezrobocie jej nie dosi\u0119gnie, g\u0142odowa pensja te\u017c nie. Teraz trzeba w pos\u0142y, bo pachnie 12 tysi\u0119cy plus ekwiwalent na biuro. Nienapasione towarzystwo.<\/span><\/p>\n<p dir=\"ltr\" style=\"line-height: 1.38; margin-top: 0pt; margin-bottom: 0pt\"><span style=\"color: #000000; font-family: Verdana; font-size: 13.33px; font-style: normal; font-variant: normal; font-weight: 400; text-decoration: none; vertical-align: baseline; background-color: transparent\">Mnie martwi co innego: po jak\u0105 choler\u0119 Macierewicz wyskakuje z takimi tekstami, na trzy tygodnie przed wyborami? Jakie ma to wyt\u0142umaczenie? Przecie\u017c chyba m\u00f3g\u0142 przewidzie\u0107, \u017ce wpu\u015bci\u0142 wod\u0119 na m\u0142yn rz\u0105dz\u0105cych, &#8211; przestraszonych. Chc\u0119 mie\u0107 nadziej\u0119, \u017ce jego s\u0142owa potrz\u0105sn\u0119\u0142y tymi niedobitkami, kt\u00f3re jeszcze si\u0119 wahaj\u0105, czy PO, czy PiS. Ale w Polsce ju\u017c ogromna wi\u0119kszo\u015b\u0107 widzi, jak na d\u0142oni te wszystkie ustawki w Europie, t\u0119\/tego \u201cPana Ani\u0119\u201d, wyznaczaj\u0105c\u0105 nowe standardy europejskie na temat p\u0142ci. S\u0142ysza\u0142em, \u017ce jej\/jego ju\u017c mia\u0142o nie by\u0107? Ale odgrzeba\u0142y j\u0105\/jego us\u0142u\u017cne media, byle tylko skrytykowa\u0107 veto Prezydenta Dudy, kt\u00f3ry ma sto procent racji blokuj\u0105c t\u0119 obra\u017caj\u0105c\u0105 nasz kraj ustaw\u0119. <\/span><\/p>\n<p><\/strong><strong style=\"font-weight: normal\"><span style=\"color: #000000; font-family: Verdana; font-size: 13.33px; font-style: normal; font-variant: normal; font-weight: 400; text-decoration: none; vertical-align: baseline; background-color: transparent\">Ju\u017c nied\u0142ugo. Modl\u0119 si\u0119 tylko o jedno, \u017ceby PiS m\u00f3g\u0142 rz\u0105dzi\u0107 samodzielnie. I ju\u017c czuj\u0119 powiew \u015bwie\u017cego powietrza po tej moralno-obyczajowo-polityczno-ekonomicznej st\u0119chli\u017anie ostatnich o\u015bmiu lat.<\/span><br \/>\n<\/strong><\/p>\n","protected":false},"excerpt":{"rendered":"<p>Antoniego Macierewicza? Spotka\u0142em Antoniego w ko\u015bciele \u015aw. Stanis\u0142awa Kostki. Siedzia\u0142 w tej samej, pierwszej \u0142awce, w kt\u00f3rej tydzie\u0144 temu siedzia\u0142 Prezydent, Andrzej Duda.<\/p>\n","protected":false},"author":2,"featured_media":0,"comment_status":"open","ping_status":"open","sticky":false,"template":"","format":"standard","meta":[],"categories":[4],"tags":[],"_links":{"self":[{"href":"https:\/\/sporek.com\/blog\/index.php?rest_route=\/wp\/v2\/posts\/509"}],"collection":[{"href":"https:\/\/sporek.com\/blog\/index.php?rest_route=\/wp\/v2\/posts"}],"about":[{"href":"https:\/\/sporek.com\/blog\/index.php?rest_route=\/wp\/v2\/types\/post"}],"author":[{"embeddable":true,"href":"https:\/\/sporek.com\/blog\/index.php?rest_route=\/wp\/v2\/users\/2"}],"replies":[{"embeddable":true,"href":"https:\/\/sporek.com\/blog\/index.php?rest_route=%2Fwp%2Fv2%2Fcomments&post=509"}],"version-history":[{"count":0,"href":"https:\/\/sporek.com\/blog\/index.php?rest_route=\/wp\/v2\/posts\/509\/revisions"}],"wp:attachment":[{"href":"https:\/\/sporek.com\/blog\/index.php?rest_route=%2Fwp%2Fv2%2Fmedia&parent=509"}],"wp:term":[{"taxonomy":"category","embeddable":true,"href":"https:\/\/sporek.com\/blog\/index.php?rest_route=%2Fwp%2Fv2%2Fcategories&post=509"},{"taxonomy":"post_tag","embeddable":true,"href":"https:\/\/sporek.com\/blog\/index.php?rest_route=%2Fwp%2Fv2%2Ftags&post=509"}],"curies":[{"name":"wp","href":"https:\/\/api.w.org\/{rel}","templated":true}]}}