{"id":510,"date":"2015-10-15T12:38:32","date_gmt":"2015-10-15T16:38:32","guid":{"rendered":"http:\/\/sporek.com\/blog\/?p=510"},"modified":"2015-10-15T13:05:17","modified_gmt":"2015-10-15T17:05:17","slug":"wybory","status":"publish","type":"post","link":"https:\/\/sporek.com\/blog\/?p=510","title":{"rendered":"Wybory"},"content":{"rendered":"<p><strong style=\"font-weight: normal\"><\/p>\n<p dir=\"ltr\" style=\"line-height: 1.38; margin-top: 0pt; margin-bottom: 0pt\" id=\"docs-internal-guid-19052659-6c58-67d9-f556-19ed503464a9\"><span style=\"color: #000000; font-family: Verdana; font-size: 13.33px; font-style: normal; font-variant: normal; font-weight: 400; text-decoration: none; vertical-align: baseline; background-color: transparent\">Dziesi\u0119\u0107 dni dzieli Polsk\u0119 od:<\/span><\/p>\n<p dir=\"ltr\" style=\"line-height: 1.38; margin-top: 0pt; margin-bottom: 0pt\"><span style=\"color: #000000; font-family: Verdana; font-size: 13.33px; font-style: normal; font-variant: normal; font-weight: 400; text-decoration: none; vertical-align: baseline; background-color: transparent\">albo fundamentalnej zmiany i ko\u0144ca III RP, albo kontynuacji obecnego uk\u0142adu, czyli rz\u0105d\u00f3w oligarchicznych, kontynuacji afer, korupcji, ale przede wszystkim \u201cprzekazywania\u201d Polski we w\u0142adanie Niemcom i poddanie brukselskim biurokratom.<!--more--> Polacy w kraju i poza jego granicami maj\u0105 niepowtarzaln\u0105 szans\u0119 odzyskania Ojczyzny, wyrwania jej z pazernych \u0142ap obecnej koalicji. Ma\u0142o tego, Polacy maj\u0105 niepowtarzaln\u0105 szans\u0119 wyrzucenia poza burt\u0119 polityczn\u0105 ca\u0142ej tej fa\u0142szywej ferajny PO, PSL, Zjednoczonej Lewicy, czyli SLD, czyli PZPR, Nowoczesnej, Palikociarni i wszystkich innych, sympatyzuj\u0105cych z tymi partiami ugrupowa\u0144. Jedynym warunkiem ukr\u0119cenia \u0142ba III RP jest wi\u0119kszo\u015bciowa wygrana PiS. Nie ma innej alternatywy, bo przy jakiejkolwiek koalicji zachowaj\u0105 si\u0119 uk\u0142ady, media i ca\u0142y ten burdel, jaki pieczo\u0142owicie budowali specjali\u015bci od afer, ta\u015bm, grabie\u017cy polskiego maj\u0105tku, &#8211; kochaj\u0105cy inaczej i kochaj\u0105cy Europ\u0119; gardz\u0105cy polsko\u015bci\u0105, patriotyzmem, religi\u0105. Poza wszystkim, mo\u017ce si\u0119 okaza\u0107, \u017ce te wybory to ju\u017c nie kwestia reform, ale te\u017c, czy za 10 lat b\u0119dziemy obchodzi\u0107 Bo\u017ce Narodzenie, czy b\u0119dzie pasterka w ko\u015bciele, czy mod\u0142y w meczetach&#8230;?<\/span><\/p>\n<p dir=\"ltr\" style=\"line-height: 1.38; margin-top: 0pt; margin-bottom: 0pt\"><span style=\"color: #000000; font-family: Verdana; font-size: 13.33px; font-style: normal; font-variant: normal; font-weight: 700; text-decoration: none; vertical-align: baseline; background-color: transparent\">Apeluj\u0119 do Polonii ameryka\u0144skiej: <\/span><\/p>\n<p dir=\"ltr\" style=\"line-height: 1.38; margin-top: 0pt; margin-bottom: 0pt\"><span style=\"color: #000000; font-family: Verdana; font-size: 13.33px; font-style: normal; font-variant: normal; font-weight: 700; text-decoration: none; vertical-align: baseline; background-color: transparent\">mamy tylko dwie kobiety do wyboru. Innych kandydat\u00f3w, przynajmniej ja nie akceptuj\u0119 i wybiera\u0142 nie b\u0119d\u0119.<\/span><\/p>\n<p dir=\"ltr\" style=\"line-height: 1.38; margin-top: 0pt; margin-bottom: 0pt\"><span style=\"color: #000000; font-family: Verdana; font-size: 13.33px; font-style: normal; font-variant: normal; font-weight: 700; text-decoration: none; vertical-align: baseline; background-color: transparent\">Do Sejmu: Ma\u0142gorzata Wypych, wdowa po \u015bp. Pawle Wypychu, kt\u00f3ry zgin\u0105\u0142 w katastrofie smole\u0144skiej. B\u0119dzie na li\u015bcie PiS pod numerem 10<\/span><\/p>\n<p dir=\"ltr\" style=\"line-height: 1.38; margin-top: 0pt; margin-bottom: 0pt\"><span style=\"color: #000000; font-family: Verdana; font-size: 13.33px; font-style: normal; font-variant: normal; font-weight: 700; text-decoration: none; vertical-align: baseline; background-color: transparent\">Do Senatu: Anna Maria Anders, c\u00f3rka gen. Andersa. Czy\u017c potrzeba lepszej rekomendacji?<\/span><\/p>\n<p dir=\"ltr\" style=\"line-height: 1.38; margin-top: 0pt; margin-bottom: 0pt\"><span style=\"color: #000000; font-family: Verdana; font-size: 13.33px; font-style: normal; font-variant: normal; font-weight: 700; text-decoration: none; vertical-align: baseline; background-color: transparent\">Odsy\u0142am do wywiadu z pani\u0105 Anders: <\/span><a href=\"http:\/\/www.polityka.pl\/tygodnikpolityka\/historia\/1511382,1,anna-maria-anders-corka-gen-andersa-wystartuje-do-senatu-z-list-pis.read\" style=\"text-decoration: none\"><span style=\"color: #1155cc; font-family: Verdana; font-size: 13.33px; font-style: normal; font-variant: normal; font-weight: 700; text-decoration: underline; vertical-align: baseline; background-color: transparent\">http:\/\/www.polityka.pl\/tygodnikpolityka\/historia\/1511382,1,anna-maria-anders-corka-gen-andersa-wystartuje-do-senatu-z-list-pis.read<\/span><\/a><\/p>\n<p dir=\"ltr\" style=\"line-height: 1.38; margin-top: 0pt; margin-bottom: 0pt\"><span style=\"color: #000000; font-family: Verdana; font-size: 13.33px; font-style: normal; font-variant: normal; font-weight: 700; text-decoration: none; vertical-align: baseline; background-color: transparent\">Drodzy rodacy,\u00a0ameryka\u0144ska Polonio:<\/span><\/p>\n<p dir=\"ltr\" style=\"line-height: 1.38; margin-top: 0pt; margin-bottom: 0pt\"><span style=\"color: #000000; font-family: Verdana; font-size: 13.33px; font-style: normal; font-variant: normal; font-weight: 700; text-decoration: none; vertical-align: baseline; background-color: transparent\">Nie dajmy si\u0119 zwie\u017a\u0107 obiecankom innych kandydat\u00f3w, kt\u00f3rzy tu przyje\u017cd\u017caj\u0105, aby po prostu zaskarbi\u0107 sobie nasze sympatie, potem g\u0142osy i wej\u015b\u0107 do sejmu. Zag\u0142osujmy na te dwie Panie. <\/span><\/p>\n<p dir=\"ltr\" style=\"line-height: 1.38; margin-top: 0pt; margin-bottom: 10pt\"><span style=\"color: #000000; font-family: Verdana; font-size: 13.33px; font-style: normal; font-variant: normal; font-weight: 400; text-decoration: none; vertical-align: baseline; background-color: transparent\">Przypomn\u0119, \u017ce do przysz\u0142ej \u015brody (nie ma co ryzykowa\u0107 ostatniego dnia) pomagamy w rejestracji do komisji zar\u00f3wno w Nowym Jorku, jak i New Jersey i ka\u017cdej innej komisji w USA. \u017benuj\u0105ce s\u0105 sytuacje, kiedy cz\u0142onek Solidarnych 2010 i tzw. Klubu Gazety Polskiej (powsta\u0142ego po rozbiciu pierwszego w USA, legalnie za\u0142o\u017conego Klubu) zrywa ulotki informuj\u0105ce o pomocy w rejestracji, a w ich miejsce nakleja reklam\u00f3wk\u0119 jakiego\u015b kandydata do sejmu.<\/span><\/p>\n<p dir=\"ltr\" style=\"line-height: 1.38; margin-top: 0pt; margin-bottom: 10pt\"><span style=\"color: #000000; font-family: Verdana; font-size: 13.33px; font-style: normal; font-variant: normal; font-weight: 700; text-decoration: none; vertical-align: baseline; background-color: transparent\">PROSZ\u0118 DZWONI\u0106:<\/span><\/p>\n<p dir=\"ltr\" style=\"line-height: 1.38; margin-top: 0pt; margin-bottom: 10pt\"><span style=\"color: #000000; font-family: Verdana; font-size: 13.33px; font-style: normal; font-variant: normal; font-weight: 400; text-decoration: none; vertical-align: baseline; background-color: transparent\">347-419-4101 &#8211; Ma\u0142gorzata<\/span><\/p>\n<p dir=\"ltr\" style=\"line-height: 1.38; margin-top: 0pt; margin-bottom: 10pt\"><span style=\"color: #000000; font-family: Verdana; font-size: 13.33px; font-style: normal; font-variant: normal; font-weight: 400; text-decoration: none; vertical-align: baseline; background-color: transparent\">718-486-6780 &#8211; Janusz. <\/span><\/p>\n<p dir=\"ltr\" style=\"line-height: 1.38; margin-top: 0pt; margin-bottom: 10pt\"><span style=\"color: #000000; font-family: Verdana; font-size: 13.33px; font-style: normal; font-variant: normal; font-weight: 400; text-decoration: none; vertical-align: baseline; background-color: transparent\">Mo\u017cna\u00a0do mnie dzwoni\u0107 r\u00f3wnie\u017c na numer kom\u00f3rkowy: 347-223-1170<\/span><\/p>\n<p dir=\"ltr\" style=\"line-height: 1.38; margin-top: 0pt; margin-bottom: 10pt\"><span style=\"color: #000000; font-family: Verdana; font-size: 13.33px; font-style: normal; font-variant: normal; font-weight: 400; text-decoration: none; vertical-align: baseline; background-color: transparent\">Zarejestruj si\u0119. Nie zostawiaj Ojczyzny w potrzebie.<\/span><\/p>\n<p><strong style=\"font-weight: normal\"><\/p>\n<p dir=\"ltr\" style=\"line-height: 1.38; margin-top: 0pt; margin-bottom: 0pt\" id=\"docs-internal-guid-19052659-6c60-60e2-f2c3-f57bac25138d\"><span style=\"color: #000000; font-family: Verdana; font-size: 13.33px; font-style: normal; font-variant: normal; font-weight: 400; text-decoration: none; vertical-align: baseline; background-color: transparent\">Potrzebne dane z paszportu, imi\u0119 ojca, adres, Pesel (z tym Peselem, to troch\u0119 dziwna sprawa, bo nie ka\u017cdy Polonus ma ten numer, a przecie\u017c na ca\u0142ym \u015bwiecie paszport jest najwa\u017cniejszym dokumentem identyfikacyjnm).<\/span><\/p>\n<p dir=\"ltr\" style=\"line-height: 1.38; margin-top: 0pt; margin-bottom: 0pt\" id=\"docs-internal-guid-19052659-6c60-60e2-f2c3-f57bac25138d\">POLSKA CZEKA NA NASZ\u0104 DECYZJ\u0118.<\/p>\n<p><\/strong><\/p>\n<p dir=\"ltr\" style=\"line-height: 1.38; margin-top: 0pt; margin-bottom: 10pt\">&nbsp;<\/p>\n<p><\/strong><\/p>\n","protected":false},"excerpt":{"rendered":"<p>Dziesi\u0119\u0107 dni dzieli Polsk\u0119 od: albo fundamentalnej zmiany i ko\u0144ca III RP, albo kontynuacji obecnego uk\u0142adu, czyli rz\u0105d\u00f3w oligarchicznych, kontynuacji afer, korupcji, ale przede wszystkim \u201cprzekazywania\u201d Polski we w\u0142adanie Niemcom i poddanie brukselskim biurokratom.<\/p>\n","protected":false},"author":2,"featured_media":0,"comment_status":"open","ping_status":"open","sticky":false,"template":"","format":"standard","meta":[],"categories":[4],"tags":[],"_links":{"self":[{"href":"https:\/\/sporek.com\/blog\/index.php?rest_route=\/wp\/v2\/posts\/510"}],"collection":[{"href":"https:\/\/sporek.com\/blog\/index.php?rest_route=\/wp\/v2\/posts"}],"about":[{"href":"https:\/\/sporek.com\/blog\/index.php?rest_route=\/wp\/v2\/types\/post"}],"author":[{"embeddable":true,"href":"https:\/\/sporek.com\/blog\/index.php?rest_route=\/wp\/v2\/users\/2"}],"replies":[{"embeddable":true,"href":"https:\/\/sporek.com\/blog\/index.php?rest_route=%2Fwp%2Fv2%2Fcomments&post=510"}],"version-history":[{"count":0,"href":"https:\/\/sporek.com\/blog\/index.php?rest_route=\/wp\/v2\/posts\/510\/revisions"}],"wp:attachment":[{"href":"https:\/\/sporek.com\/blog\/index.php?rest_route=%2Fwp%2Fv2%2Fmedia&parent=510"}],"wp:term":[{"taxonomy":"category","embeddable":true,"href":"https:\/\/sporek.com\/blog\/index.php?rest_route=%2Fwp%2Fv2%2Fcategories&post=510"},{"taxonomy":"post_tag","embeddable":true,"href":"https:\/\/sporek.com\/blog\/index.php?rest_route=%2Fwp%2Fv2%2Ftags&post=510"}],"curies":[{"name":"wp","href":"https:\/\/api.w.org\/{rel}","templated":true}]}}