{"id":511,"date":"2015-10-18T00:07:48","date_gmt":"2015-10-18T04:07:48","guid":{"rendered":"http:\/\/sporek.com\/blog\/?p=511"},"modified":"2015-10-18T00:12:57","modified_gmt":"2015-10-18T04:12:57","slug":"wybory-2","status":"publish","type":"post","link":"https:\/\/sporek.com\/blog\/?p=511","title":{"rendered":"Wybory 2"},"content":{"rendered":"<p><strong style=\"font-weight: normal\"><\/p>\n<p dir=\"ltr\" style=\"line-height: 1.38; margin-top: 0pt; margin-bottom: 0pt\" id=\"docs-internal-guid-6eca1098-7921-3eeb-fc54-8256efe66383\"><span style=\"color: #000000; font-family: Verdana; font-size: 13.33px; font-style: normal; font-variant: normal; font-weight: 400; text-decoration: none; vertical-align: baseline; background-color: transparent\">Zacz\u0119\u0142o si\u0119; w Warszawie og\u0142oszono awari\u0119 systemu ewidencji ludno\u015bci, co oznacza problemy z rejestracj\u0105 do wybor\u00f3w, a to oznacza, \u017ce kampania wyborcza wesz\u0142a w stadium chwyt\u00f3w poni\u017cej kolan. <!--more-->Zwr\u00f3\u0107my jednak uwag\u0119, \u017ce dotychczas poni\u017cej kolan walili si\u0119 politycy, tym razem Platforma uderza w obywateli. Boj\u0105 si\u0119 potwornie. Boj\u0105 si\u0119 o sto\u0142ki, apana\u017ce, ale chyba najbardziej boj\u0105 si\u0119 tego, czym dr\u0119cz\u0105 ich wewn\u0119trzne niepokoje, wewn\u0119trzny strach: kary, trybuna\u0142u stanu, odsuni\u0119cia od polityki, ca\u0142kowitej kompromitacji..<\/span><\/p>\n<p dir=\"ltr\" style=\"line-height: 1.38; margin-top: 0pt; margin-bottom: 0pt\"><span style=\"color: #000000; font-family: Verdana; font-size: 13.33px; font-style: normal; font-variant: normal; font-weight: 400; text-decoration: none; vertical-align: baseline; background-color: transparent\">PiS nie wspomnia\u0142 o rozliczeniu ich. PiS nie wspomnia\u0142 o Smole\u0144sku. To s\u0105 wszystko wymys\u0142y rz\u0105dz\u0105cej koalicji. Wyrzuty sumienia, czy mo\u017ce kolejna pr\u00f3ba straszenia PiSem? My\u015bl\u0119, \u017ce i jedno i drugie.<\/span><\/p>\n<p dir=\"ltr\" style=\"line-height: 1.38; margin-top: 0pt; margin-bottom: 0pt\"><span style=\"color: #000000; font-family: Verdana; font-size: 13.33px; font-style: normal; font-variant: normal; font-weight: 400; text-decoration: none; vertical-align: baseline; background-color: transparent\">My\u015bl\u0105cy z trosk\u0105 o swoim kraju Polacy, powinni stan\u0105\u0107 do wybor\u00f3w, jak jeden m\u0105\u017c. To ju\u017c naprawd\u0119 nie chodzi tylko o po\u0142o\u017cenie kresu cichemu rozbiorowi Polski, z\u0142odziejskiej i kunktatorskiej mafii rz\u0105dz\u0105cej Polsk\u0105. Jeszcze bardziej, chodzi o utrzymanie polskiej kultury, tradycji, dba\u0142o\u015bci o histori\u0119, obron\u0119 dobrego imienia Polski przed szkaluj\u0105cymi j\u0105 gazetami, dziennikarzami, politykami. I chodzi o to, czy nasze dzieci, wnuki, prawnuki b\u0119d\u0105 wiedzia\u0142y czy sa ch\u0142opcami, czy dziewczynami, czy b\u0119d\u0105 normalnie rodzi\u0142y swoje dzieci; czy b\u0119dziemy mie\u0107 \u015awi\u0119ta Bo\u017cego Narodzenia, czy mo\u017ce tylko Halloween, czy b\u0119d\u0105 ko\u015bcio\u0142y, czy meczety, czy Polska b\u0119dzie Polsk\u0105? S\u0105 ludzie, kt\u00f3rzy nie lubi\u0105 PiS, nie lubi\u0105 Jaros\u0142awa Kaczy\u0144skiego, &#8211; zgoda, ale czy lepsze dla Polski i jej przysz\u0142o\u015bci s\u0105 rz\u0105dy skorumpowanych popapra\u0144c\u00f3w, bez wstydu, honoru, ale za to z kieszeniami, jak studnia, \u017ceby bra\u0107, co tylko si\u0119 da i gdzie si\u0119 da? Czy ci\u0105gle lepsze s\u0105 rz\u0105dy ludzi, kt\u00f3rzy odrzucili nauki najwi\u0119kszego Polaka w historii, \u015aw. Jana Paw\u0142a II? Ludzi, kt\u00f3rzy usprawiedliwiaj\u0105 ka\u017cd\u0105 afer\u0119, ka\u017cde k\u0142amstwo, ka\u017cdy przekr\u0119t?<\/span><\/p>\n<p dir=\"ltr\" style=\"line-height: 1.38; margin-top: 0pt; margin-bottom: 0pt\"><span style=\"color: #000000; font-family: Verdana; font-size: 13.33px; font-style: normal; font-variant: normal; font-weight: 400; text-decoration: none; vertical-align: baseline; background-color: transparent\">Nie wierz\u0119, \u017ce Polacy zapomnieli o bohaterach sienkiewiczowskiej Trylogii, nie wierz\u0119, \u017ce s\u0105 a\u017c tak zakochani w Unii Europejskiej, \u017ce nie potrafi\u0105 wydoby\u0107 z siebie polsko\u015bci. Nie wierz\u0119, \u017ce boj\u0105 si\u0119 PiSu tak bardzo, \u017ce b\u0119d\u0105 w stanie zgodzi\u0107 si\u0119 na dalsze rozkradanie Polski, wyprzeda\u017c, k\u0142amstwa i afery. Nie wierz\u0119.<\/span><\/p>\n<p dir=\"ltr\" style=\"line-height: 1.38; margin-top: 0pt; margin-bottom: 0pt\"><span style=\"color: #000000; font-family: Verdana; font-size: 13.33px; font-style: normal; font-variant: normal; font-weight: 400; text-decoration: none; vertical-align: baseline; background-color: transparent\">Nigdy nie by\u0142o takiej szansy przywr\u00f3cenia Polski Polsce i Polakom, jaka jest teraz. Wygrana PiS, ale wygrana bez konieczno\u015bci tworzenia koalicji, daj\u0105ca szans\u0119 samodzielnych rz\u0105d\u00f3w, daje jednocze\u015bnie szans\u0119 na zdecydowane zmiany, zar\u00f3wno w sferze wewn\u0119trznej kraju, jak i niewiarygodnie zaniedbanej polityki zagranicznej. PiS i Prezydent Duda, daj\u0105 w\u0142a\u015bciwie gwarancj\u0119, \u017ce te zmiany zostan\u0105 zrealizowane.<\/span><\/p>\n<p dir=\"ltr\" style=\"line-height: 1.38; margin-top: 0pt; margin-bottom: 0pt\"><span style=\"color: #000000; font-family: Verdana; font-size: 13.33px; font-style: normal; font-variant: normal; font-weight: 400; text-decoration: none; vertical-align: baseline; background-color: transparent\">Nie mog\u0119 si\u0119 nadziwi\u0107, jak wielu dziwnych, us\u0142u\u017cnych sympatyk\u00f3w obecnej koalicji wiedzie dostatni \u017cywot w USA. Pytanie, po co tu przyjechali? Wystarczy przejrze\u0107 komentarze pod moimi postami na Facebooku. Najmniejsza krytyka pod adresem rz\u0105dz\u0105cych i odzywaj\u0105 si\u0119 przyjaciele i wierni poddani Ewy Kopacz, Tuska, a nawet czystej krwi komunist\u00f3w. Jeden opluwa mnie za ostre s\u0142owa, inny zas\u0142ania si\u0119 mi\u0142o\u015bci\u0105 bli\u017aniego i \u017c\u0105da, \u017ceby z\u0142odzieja nie nazywa\u0107 z\u0142odziejem, bo to z\u0142odzieja zaboli. Nie nazywa\u0107 g\u0142upka, g\u0142upkiem, bo g\u0142upkowi zrobi si\u0119 przykro, itd, itp. <\/span><\/p>\n<p dir=\"ltr\" style=\"line-height: 1.38; margin-top: 0pt; margin-bottom: 0pt\"><span style=\"color: #000000; font-family: Verdana; font-size: 13.33px; font-style: normal; font-variant: normal; font-weight: 400; text-decoration: none; vertical-align: baseline; background-color: transparent\">Im bli\u017cej do wybor\u00f3w, tym b\u0119dzie coraz trudniej, bo przecie\u017c oni nie odpuszcz\u0105.<\/span><\/p>\n<p dir=\"ltr\" style=\"line-height: 1.38; margin-top: 0pt; margin-bottom: 0pt\"><span style=\"color: #000000; font-family: Verdana; font-size: 13.33px; font-style: normal; font-variant: normal; font-weight: 400; text-decoration: none; vertical-align: baseline; background-color: transparent\">Id\u017amy do wybor\u00f3w i p\u00f3\u0142\u00f3\u017cmy kres rz\u0105dom ludzi niekompetentnych, nieuczciwych, wr\u0119cz zdrajc\u00f3w Polski.<\/span><\/p>\n<p dir=\"ltr\" style=\"line-height: 1.38; margin-top: 0pt; margin-bottom: 0pt\"><span style=\"color: #000000; font-family: Verdana; font-size: 13.33px; font-style: normal; font-variant: normal; font-weight: 700; text-decoration: none; vertical-align: baseline; background-color: transparent\">Id\u017amy do wybor\u00f3w z w\u0142asnymi d\u0142ugopisami, b\u0105d\u017amy bardzo dok\u0142adni w zakre\u015bleniu tego cholernego IKSA (X), \u017ceby nie wystawa\u0142 poza kratk\u0119, nie poprawiajmy. Kiedy dostaniecie broszury z listami, sprawd\u017acie, czy na kt\u00f3rej\u015b z list nie ma ju\u017c jakich\u015b skre\u015ble\u0144, to wa\u017cne, bo g\u0142osujemy na nazwisko tylko z jednej listy. I zr\u00f3bcie to, zanim odejdziecie od stolika z komisj\u0105. Wiele komisji udowodni\u0142o, \u017ce wachlarz oszustw wyborczych jest szeroki. Wszyscy my\u015bl\u0105, \u017ce oszuka\u0107 mo\u017cna dopiero po wyborach, przy liczeniu g\u0142os\u00f3w. Nieprawda, oszuka\u0107 mo\u017cna ju\u017c przed, w\u0142a\u015bnie przez skre\u015blenie byle jakiego nazwiska, na byle kt\u00f3rej li\u015bcie, wtedy wasz g\u0142os b\u0119dzie uznany za niewa\u017cny, bo g\u0142osujemy tylko na jedn\u0105 parti\u0119, jedno ugrupowanie.<\/span><\/p>\n<p><\/strong><strong style=\"font-weight: normal\"><\/p>\n<p dir=\"ltr\" style=\"line-height: 1.38; margin-top: 0pt; margin-bottom: 0pt\"><span style=\"color: #000000; font-family: Verdana; font-size: 13.33px; font-style: normal; font-variant: normal; font-weight: 700; text-decoration: none; vertical-align: baseline; background-color: transparent\">Wielu z Pa\u0144stwa ma k\u0142opoty z wej\u015bciem na stron\u0119 do rejestracji. Przyznaj\u0119, \u017ce nie mia\u0142em ani razy sytuacji, w kt\u00f3rej strona by nie dzia\u0142a\u0142a. Ja wchodz\u0119 tu: <\/span><a href=\"https:\/\/ewybory.msz.gov.pl\/nowa-rejestracja#\" style=\"text-decoration: none\"><span style=\"color: #0000ff; font-family: Calibri; font-size: 13.33px; font-style: normal; font-variant: normal; font-weight: 700; text-decoration: underline; vertical-align: baseline; background-color: transparent\">https:\/\/ewybory.msz.gov.pl\/nowa-rejestracja#<\/span><\/a><\/p>\n<p><\/strong><\/p>\n","protected":false},"excerpt":{"rendered":"<p>Zacz\u0119\u0142o si\u0119; w Warszawie og\u0142oszono awari\u0119 systemu ewidencji ludno\u015bci, co oznacza problemy z rejestracj\u0105 do wybor\u00f3w, a to oznacza, \u017ce kampania wyborcza wesz\u0142a w stadium chwyt\u00f3w poni\u017cej kolan.<\/p>\n","protected":false},"author":2,"featured_media":0,"comment_status":"open","ping_status":"open","sticky":false,"template":"","format":"standard","meta":[],"categories":[4],"tags":[],"_links":{"self":[{"href":"https:\/\/sporek.com\/blog\/index.php?rest_route=\/wp\/v2\/posts\/511"}],"collection":[{"href":"https:\/\/sporek.com\/blog\/index.php?rest_route=\/wp\/v2\/posts"}],"about":[{"href":"https:\/\/sporek.com\/blog\/index.php?rest_route=\/wp\/v2\/types\/post"}],"author":[{"embeddable":true,"href":"https:\/\/sporek.com\/blog\/index.php?rest_route=\/wp\/v2\/users\/2"}],"replies":[{"embeddable":true,"href":"https:\/\/sporek.com\/blog\/index.php?rest_route=%2Fwp%2Fv2%2Fcomments&post=511"}],"version-history":[{"count":0,"href":"https:\/\/sporek.com\/blog\/index.php?rest_route=\/wp\/v2\/posts\/511\/revisions"}],"wp:attachment":[{"href":"https:\/\/sporek.com\/blog\/index.php?rest_route=%2Fwp%2Fv2%2Fmedia&parent=511"}],"wp:term":[{"taxonomy":"category","embeddable":true,"href":"https:\/\/sporek.com\/blog\/index.php?rest_route=%2Fwp%2Fv2%2Fcategories&post=511"},{"taxonomy":"post_tag","embeddable":true,"href":"https:\/\/sporek.com\/blog\/index.php?rest_route=%2Fwp%2Fv2%2Ftags&post=511"}],"curies":[{"name":"wp","href":"https:\/\/api.w.org\/{rel}","templated":true}]}}