{"id":512,"date":"2015-10-22T00:31:25","date_gmt":"2015-10-22T04:31:25","guid":{"rendered":"http:\/\/sporek.com\/blog\/?p=512"},"modified":"2015-10-22T00:49:49","modified_gmt":"2015-10-22T04:49:49","slug":"wybory-3","status":"publish","type":"post","link":"https:\/\/sporek.com\/blog\/?p=512","title":{"rendered":"Wybory 3"},"content":{"rendered":"<p><strong style=\"font-weight: normal\"><\/p>\n<p dir=\"ltr\" style=\"line-height: 1.38; margin-top: 0pt; margin-bottom: 0pt\" id=\"docs-internal-guid-72c42acd-8dd0-7a86-4f13-e641f78a5a5d\"><span style=\"color: #000000; font-family: Verdana; font-size: 13.33px; font-style: normal; font-variant: normal; font-weight: 400; text-decoration: none; vertical-align: baseline; background-color: transparent\">Wygl\u0105da na to, \u017ce Poloniia nie jest zainteresowana losami kraju, ani rodak\u00f3w zamieszkuj\u0105cych nasz\u0105 Ojczyzn\u0119. Mamy tam tysi\u0105ce krewnych, bliskich, dalszych, mamy przyjaci\u00f3\u0142, znajomych. Jedni s\u0105 biedni, inni bogaci, a jeszcze inni po prostu jako\u015b prz\u0119d\u0105. <!--more--><\/span><\/p>\n<p dir=\"ltr\" style=\"line-height: 1.38; margin-top: 0pt; margin-bottom: 0pt\"><span style=\"color: #000000; font-family: Verdana; font-size: 13.33px; font-style: normal; font-variant: normal; font-weight: 400; text-decoration: none; vertical-align: baseline; background-color: transparent\">Jest \u015broda, 21 pa\u017adziernika. Jutro, o 12 w po\u0142udnie w Stanach Zjednoczonych, a i w Polsce, bo b\u0119dzie tam 18:00 zostanie zako\u0144czona rejestracja do wybor\u00f3w, a stan na \u015brod\u0119, 21 pa\u017adziernika, o godzinie 17:30 czasu nowojorskiego wynosi dwadzie\u015bcia trzy tysi\u0105ce osiemset czterdzie\u015bci pi\u0119\u0107 (23,845) zarejstrowanych, czyli u\u0142amek procenta Polak\u00f3w uprawnionych do g\u0142osowania w USA. Dlaczego tak si\u0119 dzieje?<\/span><\/p>\n<p dir=\"ltr\" style=\"line-height: 1.38; margin-top: 0pt; margin-bottom: 0pt\"><span style=\"color: #000000; font-family: Verdana; font-size: 13.33px; font-style: normal; font-variant: normal; font-weight: 400; text-decoration: none; vertical-align: baseline; background-color: transparent\">Wystarczy prze\u015bledzi\u0107 komentarze pod prawicowo brzmi\u0105cymi wpisami, chocia\u017cby na moim \u00a0profilu na Facebook. Mi\u0142o\u015bnik\u00f3w Platformy, niby nie jest wielu, ale oni robi\u0105 swoje, czyli m\u0105c\u0105 ludziom w g\u0142owach. Gdyby si\u0119 nie odkryli z tymi komentarzami, my\u015bla\u0142bym: fajny ch\u0142op, uprawia jakie\u015b hobby, np. \u017ceglarstwo, albo rybki \u0142owi, przyjacielski podczas spotka\u0144, itp. A tymczasem, nie daj B\u00f3g, \u017cebym u\u017cy\u0142 obra\u017caj\u0105cego s\u0142owa w stosunku do E. Kopacz, czy Komorowskiego. Od razu: <\/span><span style=\"color: #000000; font-family: Verdana; font-size: 13.33px; font-style: italic; font-variant: normal; font-weight: 400; text-decoration: none; vertical-align: baseline; background-color: transparent\">co z ciebie za katolik, reprezentujesz szambo, poni\u017cej kultury <\/span><span style=\"color: #000000; font-family: Verdana; font-size: 13.33px; font-style: normal; font-variant: normal; font-weight: 400; text-decoration: none; vertical-align: baseline; background-color: transparent\">i tego typu inwektywy. I w ka\u017cdym nast\u0119pnym komentarzu dokopuj\u0105 mi ile wlaz\u0142o. Zastanawiam si\u0119 wtedy, co ich przygna\u0142o do Stan\u00f3w, skoro akceptuj\u0105 dra\u0144stwa obecnego rz\u0105du, afery, przest\u0119pstwa gospodarcze, wyprzeda\u017c maj\u0105tku narodowego, ziemi. S\u0105 tacy, kt\u00f3rzy rozwalaj\u0105 robot\u0119 organizacji prawicowych, bojkotuj\u0105 imprezy, na przyk\u0142ad Wystaw\u0119 Katy\u0144-Smole\u0144sk. \u00a0Pytam, &#8211; po co tu przyjechali? I odpowied\u017a nasuwa si\u0119 jedna: S\u0105, po prostu agentami.<\/span><\/p>\n<p dir=\"ltr\" style=\"line-height: 1.38; margin-top: 0pt; margin-bottom: 0pt\"><span style=\"color: #000000; font-family: Verdana; font-size: 13.33px; font-style: normal; font-variant: normal; font-weight: 400; text-decoration: none; vertical-align: baseline; background-color: transparent\">Od ponad dw\u00f3ch tygodni pomagamy, razem z Malgosi\u0105 w rejestracji do wybor\u00f3w. Pomagamy od kilku lat i wiemy, \u017ce bardzo u\u0142atwia to \u017cycie ludziom starszym i tym, kt\u00f3rzy nie potrafi\u0105 tego zrobi\u0107 sami przez Internet, ani te\u017c nie s\u0105 w stanie wybra\u0107 si\u0119 osobi\u015bcie do miejsca, gdzie ewentualnie mo\u017cna by to zrobi\u0107. Takim miejscem jest w\u0142a\u015bciwie tylko konsulat.<\/span><\/p>\n<p dir=\"ltr\" style=\"line-height: 1.38; margin-top: 0pt; margin-bottom: 0pt\"><span style=\"color: #000000; font-family: Verdana; font-size: 13.33px; font-style: normal; font-variant: normal; font-weight: 400; text-decoration: none; vertical-align: baseline; background-color: transparent\">Do nas nie trzeba przychodzi\u0107, wystarczy zadzwoni\u0107, mie\u0107 przy sobie wa\u017cny paszport i pi\u0119\u0107 minut na odpowiedzi na pytania, kt\u00f3re dyktuje strona rejestracyjna.<\/span><\/p>\n<p dir=\"ltr\" style=\"line-height: 1.38; margin-top: 0pt; margin-bottom: 0pt\"><span style=\"color: #000000; font-family: Verdana; font-size: 13.33px; font-style: normal; font-variant: normal; font-weight: 400; text-decoration: none; vertical-align: baseline; background-color: transparent\">Nikt nam za to nie p\u0142aci, robimy to w wolnym czasie. Wi\u0119kszo\u015b\u0107 z rejestruj\u0105cych si\u0119 jest wdzi\u0119czna, dzi\u0119kuje, \u017cyczy zdrowia, czasem us\u0142yszymy, Szcz\u0119\u015b\u0107 Bo\u017ce, albo B\u00f3g zap\u0142a\u0107, ale bywa i tak: <\/span><\/p>\n<p dir=\"ltr\" style=\"line-height: 1.38; margin-top: 0pt; margin-bottom: 0pt\"><span style=\"color: #000000; font-family: Verdana; font-size: 13.33px; font-style: italic; font-variant: normal; font-weight: 400; text-decoration: none; vertical-align: baseline; background-color: transparent\">Po jaki ch\u2026 wam polski adres, \u017ceby\u015bcie wysy\u0142ali tam swoich bandzior\u00f3w, albo sami, k\u2026. pojechali okra\u015b\u0107 m\u00f3j dom?! W d\u2026 mam t\u0119 ca\u0142a rejestracj\u0119!<\/span><\/p>\n<p dir=\"ltr\" style=\"line-height: 1.38; margin-top: 0pt; margin-bottom: 0pt\"><span style=\"color: #000000; font-family: Verdana; font-size: 13.33px; font-style: normal; font-variant: normal; font-weight: 400; text-decoration: none; vertical-align: baseline; background-color: transparent\">Albo tak:<\/span><span style=\"color: #000000; font-family: Verdana; font-size: 13.33px; font-style: italic; font-variant: normal; font-weight: 400; text-decoration: none; vertical-align: baseline; background-color: transparent\"> <\/span><\/p>\n<p dir=\"ltr\" style=\"line-height: 1.38; margin-top: 0pt; margin-bottom: 0pt\"><span style=\"color: #000000; font-family: Verdana; font-size: 13.33px; font-style: italic; font-variant: normal; font-weight: 400; text-decoration: none; vertical-align: baseline; background-color: transparent\">-Co to za muzyka? Przeszkadza mi to!<\/span><\/p>\n<p dir=\"ltr\" style=\"line-height: 1.38; margin-top: 0pt; margin-bottom: 0pt\"><span style=\"color: #000000; font-family: Verdana; font-size: 13.33px; font-style: italic; font-variant: normal; font-weight: 400; text-decoration: none; vertical-align: baseline; background-color: transparent\">-Przepraszam pani\u0105, to m\u00f3j ucze\u0144 gra, bo mam akurat lekcj\u0119\u2026<\/span><\/p>\n<p dir=\"ltr\" style=\"line-height: 1.38; margin-top: 0pt; margin-bottom: 0pt\"><span style=\"color: #000000; font-family: Verdana; font-size: 13.33px; font-style: italic; font-variant: normal; font-weight: 400; text-decoration: none; vertical-align: baseline; background-color: transparent\">-To, po choler\u0119 podajecie takie numery telefon\u00f3w, gdzie przeszkadza jaki\u015b g\u00f3wniarz!<\/span><\/p>\n<p dir=\"ltr\" style=\"line-height: 1.38; margin-top: 0pt; margin-bottom: 0pt\"><span style=\"color: #000000; font-family: Verdana; font-size: 13.33px; font-style: italic; font-variant: normal; font-weight: 400; text-decoration: none; vertical-align: baseline; background-color: transparent\">-Prosz\u0119 pani\u0105, ja teraz pracuj\u0119, czy mog\u0119 zadzwoni\u0107 do pani za 40 minut?<\/span><\/p>\n<p dir=\"ltr\" style=\"line-height: 1.38; margin-top: 0pt; margin-bottom: 0pt\"><span style=\"color: #000000; font-family: Verdana; font-size: 13.33px; font-style: normal; font-variant: normal; font-weight: 400; text-decoration: none; vertical-align: baseline; background-color: transparent\">Pani wy\u0142\u0105czy\u0142a telefon. Robimy swoje. Ma\u0142gorzata zarejstrowa\u0142a ponad dwie\u015bcie os\u00f3b, ja ponad sto pi\u0119\u0107dziesi\u0105t.<\/span><\/p>\n<p dir=\"ltr\" style=\"line-height: 1.38; margin-top: 0pt; margin-bottom: 0pt\"><span style=\"color: #000000; font-family: Verdana; font-size: 13.33px; font-style: normal; font-variant: normal; font-weight: 400; text-decoration: none; vertical-align: baseline; background-color: transparent\">Przypomn\u0119: jeszcze tylko do jutra &#8211; czwartek, 22 pa\u017adziernika mo\u017cna si\u0119 zarejsterowa\u0107, a dok\u0142adnie do godziny 12:00 w po\u0142udnie, poniewa\u017c termin up\u0142ywa o 18:00 czasu polskiego.<\/span><\/p>\n<p dir=\"ltr\" style=\"line-height: 1.38; margin-top: 0pt; margin-bottom: 0pt\"><span style=\"color: #000000; font-family: Verdana; font-size: 13.33px; font-style: normal; font-variant: normal; font-weight: 400; text-decoration: none; vertical-align: baseline; background-color: transparent\">Pa\u0144stwowa Komisja Wyborcza r\u00f3wnie\u017c teraz \u201cstan\u0119\u0142a na wysoko\u015bci zadania\u201d i pod\u0142o\u017cy\u0142a nam kilka \u201c\u015bwi\u0144\u201d w postaci zmian, kt\u00f3re mog\u0105 si\u0119 okaza\u0107 zwyk\u0142ymi pu\u0142apkami.<\/span><\/p>\n<p dir=\"ltr\" style=\"line-height: 1.38; margin-top: 0pt; margin-bottom: 0pt\"><span style=\"color: #000000; font-family: Verdana; font-size: 13.33px; font-style: normal; font-variant: normal; font-weight: 400; text-decoration: none; vertical-align: baseline; background-color: transparent\">Pu\u0142apk\u0105 jest ju\u017c to, ze karty maj\u0105 ten sam wygl\u0105d. W Polsce bardzo mocno podkre\u015bla si\u0119, \u017ce \u201cg\u0142osujemy tylko na jedn\u0105 list\u0119\u201d. Mia\u0142a by\u0107 broszurka, zawieraj\u0105ca kartki z listami z ka\u017cdej partii. PiS mia\u0142o mie\u0107 list\u0119 Nr. 1, co mog\u0142o sugerowa\u0107, \u017ce ta lista b\u0119dzie na pierwszej stronie. Ot\u00f3\u017c broszurka ma ok\u0142adk\u0119 (z instrukcj\u0105), potem jest spis tre\u015bci &#8211; nie wiem, komu potrzebny, a dopiero potem, czyli na trzeciej kartce jest lista PiS.<\/span><\/p>\n<p dir=\"ltr\" style=\"line-height: 1.38; margin-top: 0pt; margin-bottom: 0pt\"><span style=\"color: #000000; font-family: Verdana; font-size: 13.33px; font-style: normal; font-variant: normal; font-weight: 400; text-decoration: none; vertical-align: baseline; background-color: transparent\">Prosz\u0119 dok\u0142adnie przeczyta\u0107 tytu\u0142 tej strony i upewni\u0107 si\u0119, \u017ce jest to lista z nazwiskami. <\/span><\/p>\n<p dir=\"ltr\" style=\"line-height: 1.38; margin-top: 0pt; margin-bottom: 0pt\"><span style=\"color: #000000; font-family: Verdana; font-size: 13.33px; font-style: normal; font-variant: normal; font-weight: 400; text-decoration: none; vertical-align: baseline; background-color: transparent\">Robimy iks X, przynajmniej ja zrobi\u0119 X (nie krzy\u017cyk) przy nazwisku z numerem 10 &#8211; <\/span><span style=\"color: #0000ff; font-family: Verdana; font-size: 13.33px; font-style: normal; font-variant: normal; font-weight: 400; text-decoration: none; vertical-align: baseline; background-color: transparent\">Ma\u0142gorzata Wypych<\/span><span style=\"color: #000000; font-family: Verdana; font-size: 13.33px; font-style: normal; font-variant: normal; font-weight: 400; text-decoration: none; vertical-align: baseline; background-color: transparent\">. I koniec g\u0142osowania do Sejmu. Koniec! Ju\u017c nie robimy nigdzie iksa!<\/span><\/p>\n<p dir=\"ltr\" style=\"line-height: 1.38; margin-top: 0pt; margin-bottom: 0pt\"><span style=\"color: #000000; font-family: Verdana; font-size: 13.33px; font-style: normal; font-variant: normal; font-weight: 400; text-decoration: none; vertical-align: baseline; background-color: transparent\">Idziemy do listy do Senatu. I tu znowu lista PiS i ja zakre\u015bl\u0119 X przy nazwisku<\/span><span style=\"color: #0000ff; font-family: Verdana; font-size: 13.33px; font-style: normal; font-variant: normal; font-weight: 400; text-decoration: none; vertical-align: baseline; background-color: transparent\"> Anna Maria Anders<\/span><span style=\"color: #000000; font-family: Verdana; font-size: 13.33px; font-style: normal; font-variant: normal; font-weight: 400; text-decoration: none; vertical-align: baseline; background-color: transparent\">. I koniec!, Ju\u017c nigdzie nie stawiamy iksa!<\/span><\/p>\n<p dir=\"ltr\" style=\"line-height: 1.38; margin-top: 0pt; margin-bottom: 0pt\"><span style=\"color: #000000; font-family: Verdana; font-size: 13.33px; font-style: normal; font-variant: normal; font-weight: 400; text-decoration: none; vertical-align: baseline; background-color: transparent\">Warto te\u017c przejrze\u0107 inne listy, czy przypadkiem kto\u015b wcze\u015bniej nie postawi\u0142 X, albo zwyk\u0142ej kreseczki w jakiej\u015b kratce, na li\u015bcie jakiej\u015b innej partii. Ale zr\u00f3bmy to zanim odejdziemy od stolika komisyjnego, bo potem b\u0119dzie ju\u017c tylko na nas, ze to my zrobili\u015bmy tak, \u017ce g\u0142os jest niewa\u017cny. I, bardzo wa\u017cne: <\/span><span style=\"color: #000000; font-family: Verdana; font-size: 13.33px; font-style: normal; font-variant: normal; font-weight: 700; text-decoration: none; vertical-align: baseline; background-color: transparent\">PRZYJD\u0179MY NA WYBORY Z W\u0141ASNYM D\u0141UGOPISEM<\/span><\/p>\n<p dir=\"ltr\" style=\"line-height: 1.38; margin-top: 0pt; margin-bottom: 0pt\"><span style=\"color: #000000; font-family: Verdana; font-size: 13.33px; font-style: normal; font-variant: normal; font-weight: 400; text-decoration: none; vertical-align: baseline; background-color: transparent\">Pami\u0119tajmy: <\/span><span style=\"color: #000000; font-family: Verdana; font-size: 13.33px; font-style: normal; font-variant: normal; font-weight: 700; text-decoration: none; vertical-align: baseline; background-color: transparent\">G\u0141OSUJEMY TYLKO NA JEDNO NAZWISKO I TYLKO Z JEDNEJ LISTY!!!<\/span><\/p>\n<p dir=\"ltr\" style=\"line-height: 1.38; margin-top: 0pt; margin-bottom: 0pt\"><span style=\"color: #000000; font-family: Verdana; font-size: 13.33px; font-style: normal; font-variant: normal; font-weight: 700; text-decoration: none; vertical-align: baseline; background-color: transparent\">Zar\u00f3wno do Sejmu, jak i do Senatu.<\/span><\/p>\n<p dir=\"ltr\" style=\"line-height: 1.38; margin-top: 0pt; margin-bottom: 0pt\"><span style=\"color: #000000; font-family: Verdana; font-size: 13.33px; font-style: normal; font-variant: normal; font-weight: 400; text-decoration: none; vertical-align: baseline; background-color: transparent\">Jak odda\u0107 wa\u017cny g\u0142os:<\/span><\/p>\n<p dir=\"ltr\" style=\"line-height: 1.38; margin-top: 0pt; margin-bottom: 0pt\"><a href=\"http:\/\/wiadomosci.radiozet.pl\/Wybory-2015\/Wybory-jak-oddac-wazny-glos-Jak-wyglada-karta-do-glosowania-00013116\" style=\"text-decoration: none\"><span style=\"color: #1155cc; font-family: Verdana; font-size: 13.33px; font-style: normal; font-variant: normal; font-weight: 400; text-decoration: underline; vertical-align: baseline; background-color: transparent\">http:\/\/wiadomosci.radiozet.pl\/Wybory-2015\/Wybory-jak-oddac-wazny-glos-Jak-wyglada-karta-do-glosowania-00013116<\/span><\/a><\/p>\n<p dir=\"ltr\" style=\"line-height: 1.38; margin-top: 0pt; margin-bottom: 0pt\"><span style=\"color: #000000; font-family: Verdana; font-size: 13.33px; font-style: normal; font-variant: normal; font-weight: 400; text-decoration: none; vertical-align: baseline; background-color: transparent\">Spot, &#8211; jak g\u0142osowa\u0107? &#8211; Technika g\u0142osowania: <\/span><a href=\"https:\/\/www.youtube.com\/watch?v=7rFWptIsegA\" style=\"text-decoration: none\"><span style=\"color: #1155cc; font-family: Verdana; font-size: 13.33px; font-style: normal; font-variant: normal; font-weight: 400; text-decoration: underline; vertical-align: baseline; background-color: transparent\">https:\/\/www.youtube.com\/watch?v=7rFWptIsegA<\/span><\/a><\/p>\n<p><\/strong><\/p>\n","protected":false},"excerpt":{"rendered":"<p>Wygl\u0105da na to, \u017ce Poloniia nie jest zainteresowana losami kraju, ani rodak\u00f3w zamieszkuj\u0105cych nasz\u0105 Ojczyzn\u0119. Mamy tam tysi\u0105ce krewnych, bliskich, dalszych, mamy przyjaci\u00f3\u0142, znajomych. Jedni s\u0105 biedni, inni bogaci, a jeszcze inni po prostu jako\u015b prz\u0119d\u0105.<\/p>\n","protected":false},"author":2,"featured_media":0,"comment_status":"open","ping_status":"open","sticky":false,"template":"","format":"standard","meta":[],"categories":[4],"tags":[],"_links":{"self":[{"href":"https:\/\/sporek.com\/blog\/index.php?rest_route=\/wp\/v2\/posts\/512"}],"collection":[{"href":"https:\/\/sporek.com\/blog\/index.php?rest_route=\/wp\/v2\/posts"}],"about":[{"href":"https:\/\/sporek.com\/blog\/index.php?rest_route=\/wp\/v2\/types\/post"}],"author":[{"embeddable":true,"href":"https:\/\/sporek.com\/blog\/index.php?rest_route=\/wp\/v2\/users\/2"}],"replies":[{"embeddable":true,"href":"https:\/\/sporek.com\/blog\/index.php?rest_route=%2Fwp%2Fv2%2Fcomments&post=512"}],"version-history":[{"count":0,"href":"https:\/\/sporek.com\/blog\/index.php?rest_route=\/wp\/v2\/posts\/512\/revisions"}],"wp:attachment":[{"href":"https:\/\/sporek.com\/blog\/index.php?rest_route=%2Fwp%2Fv2%2Fmedia&parent=512"}],"wp:term":[{"taxonomy":"category","embeddable":true,"href":"https:\/\/sporek.com\/blog\/index.php?rest_route=%2Fwp%2Fv2%2Fcategories&post=512"},{"taxonomy":"post_tag","embeddable":true,"href":"https:\/\/sporek.com\/blog\/index.php?rest_route=%2Fwp%2Fv2%2Ftags&post=512"}],"curies":[{"name":"wp","href":"https:\/\/api.w.org\/{rel}","templated":true}]}}