{"id":514,"date":"2015-10-25T17:45:52","date_gmt":"2015-10-25T21:45:52","guid":{"rendered":"http:\/\/sporek.com\/blog\/?p=514"},"modified":"2015-10-25T17:48:56","modified_gmt":"2015-10-25T21:48:56","slug":"wybory-wyniki","status":"publish","type":"post","link":"https:\/\/sporek.com\/blog\/?p=514","title":{"rendered":"Wybory &#8211; wyniki"},"content":{"rendered":"<p><font color=\"#555555\"><\/font><\/p>\n<p><font color=\"#555555\"><strong style=\"font-weight: normal\"><\/p>\n<p dir=\"ltr\" style=\"line-height: 1.38; margin-top: 0pt; margin-bottom: 0pt\" id=\"docs-internal-guid-ddaf040c-a0f6-7159-2ae7-ea669cd722dd\"><span style=\"color: #000000; font-family: Verdana; font-size: 13.33px; font-style: normal; font-variant: normal; font-weight: 400; text-decoration: none; vertical-align: baseline; background-color: transparent\">Oczywi\u015bcie wyniki wst\u0119pne. Te oficjalne b\u0119d\u0105 we wtorek. Ale nawet przy tych wst\u0119pnych wynikach, opr\u00f3cz wygranej Prawa i Sprawiedliwo\u015bci, jest jeszcze kilka innych fakt\u00f3w, kt\u00f3re, kto wie, czy nie ciesz\u0105 jeszcze bardziej, ni\u017c wiktoria PiS.<\/span><\/p>\n<ol style=\"margin-top: 0pt; margin-bottom: 0pt\">\n<li dir=\"ltr\" style=\"color: #000000; font-family: Verdana; font-size: 13.33px; font-style: normal; font-variant: normal; font-weight: 400; text-decoration: none; vertical-align: baseline; list-style-type: decimal; background-color: transparent\">\n<p dir=\"ltr\" style=\"line-height: 1.38; margin-top: 0pt; margin-bottom: 0pt\"><span style=\"color: #000000; font-family: Verdana; font-size: 13.33px; font-style: normal; font-variant: normal; font-weight: 400; text-decoration: none; vertical-align: baseline; background-color: transparent\">Polacy mieli do\u015b\u0107 tego, co by\u0142o, &#8211; zrozumieli &#8211; ponad 51% udzia\u0142 wyborach i ogromna przewaga PiS nad pozosta\u0142ymi partiami.<\/span><\/p>\n<\/li>\n<li dir=\"ltr\" style=\"color: #000000; font-family: Verdana; font-size: 13.33px; font-style: normal; font-variant: normal; font-weight: 400; text-decoration: none; vertical-align: baseline; list-style-type: decimal; background-color: transparent\">\n<p dir=\"ltr\" style=\"line-height: 1.38; margin-top: 0pt; margin-bottom: 0pt\"><span style=\"color: #000000; font-family: Verdana; font-size: 13.33px; font-style: normal; font-variant: normal; font-weight: 400; text-decoration: none; vertical-align: baseline; background-color: transparent\">Koniec postkomuny; wreszcie, po 30 latach!<\/span><\/p>\n<\/li>\n<li dir=\"ltr\" style=\"color: #000000; font-family: Verdana; font-size: 13.33px; font-style: normal; font-variant: normal; font-weight: 400; text-decoration: none; vertical-align: baseline; list-style-type: decimal; background-color: transparent\">\n<p dir=\"ltr\" style=\"line-height: 1.38; margin-top: 0pt; margin-bottom: 0pt\"><span style=\"color: #000000; font-family: Verdana; font-size: 13.33px; font-style: normal; font-variant: normal; font-weight: 400; text-decoration: none; vertical-align: baseline; background-color: transparent\">Koniec kariery politycznej najbardziej prymitywnego polityka, jakiego znam, &#8211; Janusza Palikota i utarcie nosa innemu ordynusowi, Niesiolowskiemu.<\/span><\/p>\n<\/li>\n<li dir=\"ltr\" style=\"color: #000000; font-family: Verdana; font-size: 13.33px; font-style: normal; font-variant: normal; font-weight: 400; text-decoration: none; vertical-align: baseline; list-style-type: decimal; background-color: transparent\">\n<p dir=\"ltr\" style=\"line-height: 1.38; margin-top: 0pt; margin-bottom: 0pt\"><span style=\"color: #000000; font-family: Verdana; font-size: 13.33px; font-style: normal; font-variant: normal; font-weight: 400; text-decoration: none; vertical-align: baseline; background-color: transparent\">Odej\u015bcie Kopaczowej, kt\u00f3ra wysy\u0142a Polak\u00f3w 500 lat do ty\u0142u i plecie, jak pijana, \u017ce wtedy w Polsce by\u0142o \u015bredniowiecze. (Kolejny wytrysk intelektu, po tym, jak chcia\u0142a wzmacnia\u0107 granice z Syri\u0105).<\/span><\/p>\n<\/li>\n<\/ol>\n<p dir=\"ltr\" style=\"line-height: 1.38; margin-top: 0pt; margin-bottom: 0pt\"><span style=\"color: #000000; font-family: Verdana; font-size: 13.33px; font-style: normal; font-variant: normal; font-weight: 400; text-decoration: none; vertical-align: baseline; background-color: transparent\">Gratuluj\u0119 Prezesowi, Jaros\u0142awowi Kaczy\u0144skiemu, gratuluj\u0119 wszystkim Polakom, kt\u00f3rzy zrozumieli, \u017ce popieranie PO\/PSL prowadzi\u0142o Polsk\u0119 w przepa\u015b\u0107.<\/span><\/p>\n<p dir=\"ltr\" style=\"line-height: 1.38; margin-top: 0pt; margin-bottom: 0pt\"><span style=\"color: #000000; font-family: Verdana; font-size: 13.33px; font-style: normal; font-variant: normal; font-weight: 400; text-decoration: none; vertical-align: baseline; background-color: transparent\">Modli\u0142em si\u0119 o taki rezultat od kilku miesi\u0119cy. Czy B\u00f3g wys\u0142ucha\u0142 moich modlitw, czy po prostu stwierdzi\u0142, \u017ce Polacy nie mog\u0105 ju\u017c d\u0142u\u017cej by\u0107 tak traktowani? &#8211; nie wiem. A wi\u0119c, Panie Bo\u017ce: z ca\u0142ego serca B\u00d3G ZAP\u0141A\u0106.<\/span><\/p>\n<p><\/strong><\/font><font color=\"#555555\"><\/font><\/p>\n","protected":false},"excerpt":{"rendered":"<p>Oczywi\u015bcie wyniki wst\u0119pne. Te oficjalne b\u0119d\u0105 we wtorek. Ale nawet przy tych wst\u0119pnych wynikach, opr\u00f3cz wygranej Prawa i Sprawiedliwo\u015bci, jest jeszcze kilka innych fakt\u00f3w, kt\u00f3re, kto wie, czy nie ciesz\u0105 jeszcze bardziej, ni\u017c wiktoria PiS. Polacy mieli do\u015b\u0107 tego, co by\u0142o, &#8211; zrozumieli &#8211; ponad 51% udzia\u0142 wyborach i ogromna przewaga PiS nad pozosta\u0142ymi partiami. [&hellip;]<\/p>\n","protected":false},"author":2,"featured_media":0,"comment_status":"open","ping_status":"open","sticky":false,"template":"","format":"standard","meta":[],"categories":[4],"tags":[],"_links":{"self":[{"href":"https:\/\/sporek.com\/blog\/index.php?rest_route=\/wp\/v2\/posts\/514"}],"collection":[{"href":"https:\/\/sporek.com\/blog\/index.php?rest_route=\/wp\/v2\/posts"}],"about":[{"href":"https:\/\/sporek.com\/blog\/index.php?rest_route=\/wp\/v2\/types\/post"}],"author":[{"embeddable":true,"href":"https:\/\/sporek.com\/blog\/index.php?rest_route=\/wp\/v2\/users\/2"}],"replies":[{"embeddable":true,"href":"https:\/\/sporek.com\/blog\/index.php?rest_route=%2Fwp%2Fv2%2Fcomments&post=514"}],"version-history":[{"count":0,"href":"https:\/\/sporek.com\/blog\/index.php?rest_route=\/wp\/v2\/posts\/514\/revisions"}],"wp:attachment":[{"href":"https:\/\/sporek.com\/blog\/index.php?rest_route=%2Fwp%2Fv2%2Fmedia&parent=514"}],"wp:term":[{"taxonomy":"category","embeddable":true,"href":"https:\/\/sporek.com\/blog\/index.php?rest_route=%2Fwp%2Fv2%2Fcategories&post=514"},{"taxonomy":"post_tag","embeddable":true,"href":"https:\/\/sporek.com\/blog\/index.php?rest_route=%2Fwp%2Fv2%2Ftags&post=514"}],"curies":[{"name":"wp","href":"https:\/\/api.w.org\/{rel}","templated":true}]}}