{"id":515,"date":"2015-10-28T22:38:03","date_gmt":"2015-10-29T02:38:03","guid":{"rendered":"http:\/\/sporek.com\/blog\/?p=515"},"modified":"2015-11-01T01:07:39","modified_gmt":"2015-11-01T05:07:39","slug":"dylematy-prawicy-nowojorskiej","status":"publish","type":"post","link":"https:\/\/sporek.com\/blog\/?p=515","title":{"rendered":"Dylematy prawicy nowojorskiej"},"content":{"rendered":"<p><span style=\"color: #000000; font-family: Verdana; font-size: 13.33px; font-style: normal; font-variant: normal; font-weight: 400; text-decoration: none; vertical-align: baseline; background-color: transparent\">Nie od dzi\u015b wiadomo, \u017ce Polonia w USA jest prawicowa w, co najmniej 75 procentach, co od kilku dekad potwierdzaj\u0105 wyniki wybor\u00f3w. Jest te\u017c Polonia si\u0142\u0105, kt\u00f3ra czasem mo\u017ce postawi\u0107 kropk\u0119 na \u201ci\u201d i przewa\u017cy\u0107 szal\u0119 zwyci\u0119stwa jakiego\u015b kandydata do sejmu. <!--more-->Tak si\u0119 na przyk\u0142ad sta\u0142o w przypadku obecnego ministra kancelarii Prezydenta, Adama Kwiatkowskiego. Ale, kiedy on startowa\u0142 w wyborach, to przedtem przylecia\u0142 chyba ze dwa razy do Stan\u00f3w, aby robi\u0107 kampani\u0119. Prowadzony przeze mnie w\u00f3wczas Klub Gazety Polskiej zanga\u017cowa\u0142 si\u0119 ca\u0142kowicie w pomoc kandydatowi Kwiatkowskiemu. Ja osobi\u015bcie poczu\u0142em do niego ogromn\u0105 sympati\u0119, bo mia\u0142 znakomite has\u0142a, a w rozmowach, czy to personalnych, czy z Klubem udowadnia\u0142, \u017ce jest wart pomocy. I kampania wyborcza kandydata Kwiatkowskiego by\u0142a tu naprawd\u0119 osza\u0142amiaj\u0105ca. Do\u015b\u0107 powiedzie\u0107, \u017ce z 40 miejsca wywindowali\u015bmy go tak wysoko, \u017ce uzyska\u0142 mandat. Ale ja sobie z tamtych czas\u00f3w nie przypominam, aby wpycha\u0142 si\u0119 tu jaki\u015b inny kandydat i, aby Polonia musia\u0142a jeszcze dokonywa\u0107 innego wyboru.\u00a0PiS mia\u0142o konkret: Kwiatkowski, jako pose\u0142 Polonii.<\/span><\/p>\n<p><strong style=\"font-weight: normal\"><\/p>\n<p dir=\"ltr\" style=\"line-height: 1.38; margin-top: 0pt; margin-bottom: 0pt\"><span style=\"color: #000000; font-family: Verdana; font-size: 13.33px; font-style: normal; font-variant: normal; font-weight: 400; text-decoration: none; vertical-align: baseline; background-color: transparent\">W tym roku Polonia mia\u0142a problem, z nadmiarem koandydat\u00f3w. Tu\u017c po moim powrocie z urlopu w Polsce, przele\u017canego w jednej trzeciej w szpitalu, dostaj\u0119 telefon z Chicaco, z pro\u015bb\u0105, abym zorganizowa\u0142 w N. Jorku spotkania z cz\u0142owiekiem o nazwisku Fr\u0105ckowiak (dodatkowo poinformowano mnie, \u017ce to syn Haliny Fr\u0105ckowiak). Poniewa\u017c nie by\u0142o \u017cadnego innego kandydata, zgodzi\u0142em si\u0119, ale kiedy zacz\u0105\u0142em si\u0119 ogl\u0105da\u0107 za sal\u0105, okaza\u0142o si\u0119, \u017ce Centrum P-S,\u00a0po pierwsze dosta\u0142o (podobno) z miasta rozporz\u0105dzenie zabraniaj\u0105ce organizowania spotka\u0144 politycznych, zw\u0142aszcza dotycz\u0105cych wybor\u00f3w, a prezeska t\u0142umaczy\u0142a mi, \u017ce \u201cskoro w Centrum jest punkt wyborczy, to tym bardziej nie mo\u017cemy\u201d. Nie wiem, co ma piernik do wiatraka, ale musia\u0142em przyj\u0105\u0107 to t\u0142umaczenie, no, bo c\u00f3\u017c mia\u0142em zrobi\u0107? \u00a0Po drugie, &#8211; jesli ju\u017c, to wynaj\u0119cie b\u0119dzie kosztowa\u0107 minimum 2 tysi\u0105ce. Wi\u0119c nie wiem, czy nie wolno, czy za 2 tysi\u0105ce jednak wolno? Mimo ca\u0142ej sympatii do Haliny Fr\u0105ckowiak, a przez to i\u00a0do jej syna, czarno widzia\u0142em te jego spotkania. Par\u0119 dni p\u00f3\u017aniej wyl\u0105dowa\u0142em w szpitalu. Lekarze ostrzegali: \u017cadnych sytuacji stresogennych! Przyrzek\u0142em, \u017ce zapomn\u0119 o polityce (na razie samemu sobie). Kiedy wyszed\u0142em ze szpitala, na dwa tygodnie przed kolejnym z\u0142o\u017ceniem na szpitalnym \u0142\u00f3\u017cku, z\u0142ama\u0142em obietnic\u0119 i pocz\u0105\u0142em szuka\u0107 informacji, o Fr\u0105ckowiaku. Problem by\u0142 w tym, \u017ce zgubi\u0142em telefon do cz\u0142owieka z Chicago, kt\u00f3ry prosi\u0142 o te spotkania. Ale par\u0119 dni p\u00f3\u017aniej zapyta\u0142em samego siebie: dlaczego dzwoni do ciebie, jaki\u015b go\u015b\u0107 z Chicago, a nie kto\u015b z biura pana Fr\u0105ckowiaka, albo on, osobi\u015bcie? Potraktowa\u0142em to, jako znak, \u017ce nie powinienem si\u0119 w t\u0119 kampani\u0119 anga\u017cowa\u0107. Jako\u017c dwa tygodnie p\u00f3\u017aniej znowu szpital, kardiowersja i zn\u00f3w do domu. Kampania nabiera\u0142a rumie\u0144c\u00f3w. Zacz\u0119\u0142y si\u0119 pojawia\u0107, jakie\u015b informacje o kandydacie, o nazwisku Gugulski, a ja pocz\u0105\u0142em si\u0119 zastanawia\u0107, czy PiS w og\u00f3le ma kogo\u015b, kogo chce desygnowa\u0107 do pracy z Poloni\u0105? \u00a026 wrze\u015bnia przylecia\u0142 Pan Prezydent, a to da\u0142o asumpt do spotkania z moim \u201cstarym\u201d przyjacielem, Adamem Kwiatkowskim. I podczas kr\u00f3ciutkiego spotkania, obecny minister kancelarii poprosi\u0142 mnie, abym pom\u00f3g\u0142 w kampanii na rzecz Ma\u0142gorzaty Wypych. Poczyta\u0142em o niej, gdzie si\u0119 da\u0142o, a fakt, \u017ce straci\u0142a m\u0119\u017ca w katastrofie smole\u0144skiej, tylko dope\u0142ni\u0142 sympatii do niej i ju\u017c wiedzia\u0142em, \u017ce si\u0119 w to zaanga\u017cuj\u0119. I by\u0142em pewien, \u017ce to jest oficjalny \u201ctyp\u201d PiSu na pos\u0142a \u201cdla Polonii\u201d. W tydzie\u0144 po wizycie Prezydenta dzieje si\u0119 co\u015b dziwnego; Oto Antoni Macierewicz \u201cprzywozi\u201d \u00a0kandydata Gugulskiego, a ko\u0142o obydwu tych pan\u00f3w, skacze przewodnicz\u0105cy Solidarnych 2010, i jednocze\u015bnie Klubu Gazety Polskiej (to najdziwniejszy klub na \u015bwiecie, ale o tym na razie nie), organizuj\u0105c spotkanie w tzw. Domu Narodowym, czyli Warsaw Club. Udziela\u0142 g\u0142osu tylko tym, kt\u00f3rych zna i wie, \u017ce nie b\u0119d\u0105 zadawa\u0107 trudnych pyta\u0144. Mojemu znajomemu akurat nie udzieli\u0142, a cz\u0142owiek mia\u0142 zasadnicze pytanie, chcia\u0142 mianowicie zapyta\u0107, czy pan Gugulski jest oficjalnym kandydatem PiS do wsp\u00f3\u0142pracy z Poloni\u0105? Jako si\u0119 rzek\u0142o nie by\u0142o pytania, nie by\u0142o wi\u0119c odpowiedzi. Skontaktowa\u0142em si\u0119 z m\u0142odziutkim dzia\u0142aczem, niejakim Patrykiem Czerwonym, kt\u00f3remu postanowi\u0142em, w imi\u0119 wi\u0119kszej sprawy podarowa\u0107 zasz\u0142e porachunki i zadeklarowa\u0142em pomoc w kwestii rozdawania ulotek pani Ma\u0142gorzaty przed ko\u015bcio\u0142em, potem stworzy\u0142em specjaln\u0105 ulotk\u0119 na Facebook, napisa\u0142em jaki\u015b artyku\u0142 na moim blogu, wywiesi\u0142em jej plakaty w oknach mojesz szko\u0142y i kampania zacz\u0119\u0142a hula\u0107.<\/span><\/p>\n<p dir=\"ltr\" style=\"line-height: 1.38; margin-top: 0pt; margin-bottom: 0pt\"><span style=\"color: #000000; font-family: Verdana; font-size: 13.33px; font-style: normal; font-variant: normal; font-weight: 400; text-decoration: none; vertical-align: baseline; background-color: transparent\">Nie oby\u0142o si\u0119 bez incydent\u00f3w, bo jednak w\u0142a\u015bnie, niestety na prawej stronie te\u017c znajduj\u0105 si\u0119 ludzie z ogromnymi kompleksami i naklejane przez nas plakaty pani Wypych bardzo przeszkadza\u0142y tym kilku cz\u0142onkom Solidarnych 2010, wi\u0119c przykrywane by\u0142y plakatami Gugulskiego. Robiono to na rozkaz wodza Solidarnych, kto\u015b nawet zrobi\u0142 zdj\u0119cie takiej \u201cprzylepki\u201d, a sam w\u00f3dz napisa\u0142 by\u0142 do swoich cz\u0142onk\u00f3w (wszystkich trzech), \u017ce Sporek i Patryk Czerwony rozdawali ulotki Wypych pod ko\u015bcio\u0142em St. Kostki i on ju\u017c teraz wie, sk\u0105d jest ten \u201cdesant\u201d&#8230; Tak nas okre\u015bli\u0142 &#8211; desant, cokolwiek to znaczy. Cokolwiek by znaczy\u0142o, ale \u015bwiadczy przede wszystkim o tym, \u017ce ten cz\u0142owiek nie rozumie ani demokracji, ani pracy drugiego cz\u0142owieka. I, je\u017celi kto\u015b ma inny pogl\u0105d, to oczywi\u015bcie jest to z\u0142y pogl\u0105d. <\/span><\/p>\n<p dir=\"ltr\" style=\"line-height: 1.38; margin-top: 0pt; margin-bottom: 0pt\"><span style=\"color: #000000; font-family: Verdana; font-size: 13.33px; font-style: normal; font-variant: normal; font-weight: 400; text-decoration: none; vertical-align: baseline; background-color: transparent\">Coraz wi\u0119cej ludzi zastanawia si\u0119, sk\u0105d ten w\u00f3dz Solidarnych2010 si\u0119 wzi\u0105\u0142? Bo robi on rzeczy zgo\u0142a nielicuj\u0105ce ani z godno\u015bci\u0105 cz\u0142owieka, ani z charakterem partii, z kt\u00f3r\u0105 deklaruje si\u0119 sympatyzowa\u0107.<\/span><\/p>\n<p dir=\"ltr\" style=\"line-height: 1.38; margin-top: 0pt; margin-bottom: 0pt\"><span style=\"color: #000000; font-family: Verdana; font-size: 13.33px; font-style: normal; font-variant: normal; font-weight: 400; text-decoration: none; vertical-align: baseline; background-color: transparent\">I nagle porobi\u0142o si\u0119 tak, \u017ce mieli\u015bmy tu tr\u00f3jk\u0119 kandydat\u00f3w: Wypych, Fr\u0105ckowiak, Gugulski, a tu\u017c przed wyborami na s\u0142upach pojawi\u0142y si\u0119 kartki o tre\u015bci: G\u0141OSOUJEMY NA MARIUSZA KOMI\u0143SKIEGO. No, i cholern\u0105 konsternacj\u0119 wyborc\u00f3w. Wiedzia\u0142em, \u017ce je\u015bli mam pom\u00f3c pani Wypych, to musz\u0119 by\u0107 niesamowicie aktywny. Rozk\u0142ada\u0142em ulotki po sklepach, przychodniach, wr\u0119cza\u0142em ludziom do r\u0105k. Pisa\u0142em na blogu, wkleja\u0142em \u201cposty\u201d na Facebook, a wreszcie odpowiada\u0142em na pytanie zadawane telefonicznie. Tak, tak,mia\u0142em mn\u00f3stwo telefon\u00f3w typu: \u201cPanie Januszu, na kogo najlepiej zag\u0142osowa\u0107? Trudno si\u0119 dziwi\u0107, przecie\u017c, tak na dobr\u0105 spraw\u0119 \u017caden z tych czterech ju\u017c kandydat\u00f3w nie przedstawi\u0142 si\u0119 Polonii, tak, jak zrobi\u0142 to cztery lata temu Adam Kwiatkowski. Patryk, jest m\u0142odziutkim dzia\u0142aczem i jego wysi\u0142ki, cho\u0107 pewnie du\u017ce, to jednak nie doprowadzi\u0142y do jakiego\u015b spektakularnego spotkania z pani\u0105 Wypych. Spotkania, o kt\u00f3rym pisa\u0142aby prasa, pokaza\u0142a telewizja, czy m\u00f3wi\u0142o radio. Nawet nie zdawa\u0142em sobie sprawy, jak niekt\u00f3rzy ludzie byli przej\u0119ci kwesti\u0105 kogo wybra\u0107. Zarejestrowa\u0142em ponad 160 os\u00f3b, Sporo z nich te\u017c pyta\u0142o, na kogo odda\u0107 g\u0142os? Oczywi\u015bcie, na pani\u0105 Wypych, a do Senatu na Ann\u0119 Mari\u0119 Anders.<\/span><\/p>\n<p><\/strong><strong style=\"font-weight: normal\"><span style=\"color: #000000; font-family: Verdana; font-size: 13.33px; font-style: normal; font-variant: normal; font-weight: 400; text-decoration: none; vertical-align: baseline; background-color: transparent\">Ostatecznie c\u00f3rka Genera\u0142a Andersa wygra\u0142a bezdyskusyjnie w Stanach, niestety zabrak\u0142o g\u0142os\u00f3w w Polsce. A, czy Ma\u0142gorzata Wypych wygra\u0142a g\u0142osami Polonii, czy nie, to si\u0119 pewnie niebawem dowiemy. W ka\u017cdym razie z tej\u00a0czw\u00f3rki, o\u00a0kt\u00f3rej, jako\u015b tam Polonia wiedzia\u0142a tylko\u00a0Pani Ma\u0142gorzata\u00a0zdoby\u0142a mandat, czego jej serdecznie gratuluj\u0119 i \u017cycz\u0119 jak najwi\u0119cej sukces\u00f3w, zar\u00f3wno w pracy dla Ojczyzny, jak i w \u017cyciu prywatnym.<\/span><br \/>\n<\/strong><\/p>\n","protected":false},"excerpt":{"rendered":"<p>Nie od dzi\u015b wiadomo, \u017ce Polonia w USA jest prawicowa w, co najmniej 75 procentach, co od kilku dekad potwierdzaj\u0105 wyniki wybor\u00f3w. Jest te\u017c Polonia si\u0142\u0105, kt\u00f3ra czasem mo\u017ce postawi\u0107 kropk\u0119 na \u201ci\u201d i przewa\u017cy\u0107 szal\u0119 zwyci\u0119stwa jakiego\u015b kandydata do sejmu.<\/p>\n","protected":false},"author":2,"featured_media":0,"comment_status":"open","ping_status":"open","sticky":false,"template":"","format":"standard","meta":[],"categories":[4],"tags":[],"_links":{"self":[{"href":"https:\/\/sporek.com\/blog\/index.php?rest_route=\/wp\/v2\/posts\/515"}],"collection":[{"href":"https:\/\/sporek.com\/blog\/index.php?rest_route=\/wp\/v2\/posts"}],"about":[{"href":"https:\/\/sporek.com\/blog\/index.php?rest_route=\/wp\/v2\/types\/post"}],"author":[{"embeddable":true,"href":"https:\/\/sporek.com\/blog\/index.php?rest_route=\/wp\/v2\/users\/2"}],"replies":[{"embeddable":true,"href":"https:\/\/sporek.com\/blog\/index.php?rest_route=%2Fwp%2Fv2%2Fcomments&post=515"}],"version-history":[{"count":0,"href":"https:\/\/sporek.com\/blog\/index.php?rest_route=\/wp\/v2\/posts\/515\/revisions"}],"wp:attachment":[{"href":"https:\/\/sporek.com\/blog\/index.php?rest_route=%2Fwp%2Fv2%2Fmedia&parent=515"}],"wp:term":[{"taxonomy":"category","embeddable":true,"href":"https:\/\/sporek.com\/blog\/index.php?rest_route=%2Fwp%2Fv2%2Fcategories&post=515"},{"taxonomy":"post_tag","embeddable":true,"href":"https:\/\/sporek.com\/blog\/index.php?rest_route=%2Fwp%2Fv2%2Ftags&post=515"}],"curies":[{"name":"wp","href":"https:\/\/api.w.org\/{rel}","templated":true}]}}