{"id":516,"date":"2015-10-29T22:51:44","date_gmt":"2015-10-30T02:51:44","guid":{"rendered":"http:\/\/sporek.com\/blog\/?p=516"},"modified":"2015-11-01T01:08:54","modified_gmt":"2015-11-01T05:08:54","slug":"geniusz","status":"publish","type":"post","link":"https:\/\/sporek.com\/blog\/?p=516","title":{"rendered":"Geniusz?"},"content":{"rendered":"<p><strong style=\"font-weight: normal\"><\/p>\n<p dir=\"ltr\" style=\"line-height: 1.38; margin-top: 0pt; margin-bottom: 0pt\" id=\"docs-internal-guid-5fa7e130-b6a7-d95c-6dde-07d25d628504\"><span style=\"color: #000000; font-family: Arial; font-size: 13.33px; font-style: normal; font-variant: normal; font-weight: 400; text-decoration: none; vertical-align: baseline; background-color: transparent\">Oczywi\u015bcie, \u017ce tak. I czas najwy\u017cszy, \u017ceby Polacy wreszcie zdali sobie spraw\u0119 z tego faktu: <\/span><span style=\"color: #000000; font-family: Arial; font-size: 13.33px; font-style: normal; font-variant: normal; font-weight: 400; text-decoration: none; vertical-align: baseline; background-color: transparent\">Jaros\u0142aw Kaczy\u0144ski jest politycznym geniuszem. <!--more-->Sp\u00f3jrzmy na chwil\u0119 w przesz\u0142o\u015b\u0107: zrobi\u0142 Wa\u0142\u0119s\u0119 prezydentem, sam by\u0142 premierem, do prezydentury pchn\u0105\u0142 swojego brata i Andrzeja Dud\u0119, do funkcji premiera doprowadzi\u0142 dwulicowego, jak si\u0119 p\u00f3\u017aniej okaza\u0142o Marcinkiewicza, a teraz Beat\u0119 Szyd\u0142o, a wreszcie, po chyba najci\u0119\u017cszym momencie w \u017cyciu, utracie ukochanego brata, bli\u017aniaka, kiedy wydawa\u0142o si\u0119, &#8211; \u017cycie sko\u0144czy\u0142o si\u0119 dla Jaros\u0142awa, &#8211; nie z\u0142ama\u0142 si\u0119, potrzebowa\u0142 pi\u0119ciu lat, \u017ceby kompletnie rozmontowa\u0107 rz\u0105dz\u0105c\u0105 koalicj\u0119 i dokona\u0107 rzeczy, kt\u00f3ra nie uda\u0142a si\u0119 nikomu dotychczas: doprowadzi\u0142 swoj\u0105 parti\u0119 do samodzielnego rz\u0105dzenia Polsk\u0105. To, co Jaros\u0142aw Kaczy\u0144ski zrobi\u0142 w tym roku, to polityczny hat trick: prezydentura Andrzeja Dudy, bezdyskusyjna wygrana w wyborach do parlamentu i Beata Szyd\u0142o &#8211; premierem. <\/span><\/p>\n<p dir=\"ltr\" style=\"line-height: 1.38; margin-top: 0pt; margin-bottom: 0pt\"><span style=\"color: #000000; font-family: Arial; font-size: 13.33px; font-style: normal; font-variant: normal; font-weight: 400; text-decoration: none; vertical-align: baseline; background-color: transparent\">To Lewandowski i Radwa\u0144ska razem wzi\u0119ci, w polityce.<\/span><\/p>\n<p dir=\"ltr\" style=\"line-height: 1.38; margin-top: 0pt; margin-bottom: 0pt\"><span style=\"color: #000000; font-family: Arial; font-size: 13.33px; font-style: normal; font-variant: normal; font-weight: 400; text-decoration: none; vertical-align: baseline; background-color: transparent\">Kopaczowa straszy\u0142a, \u017ce Polska cofnie si\u0119 o 500 lat, i doda\u0142a, \u017ce to by\u0142o \u015bredniowiecze. Akurat by\u0142 to Renesans, a mniej wi\u0119cej te 500 lat temu \u017cy\u0142 Jan Zamoyski, wielki hetman koronny 1542 &#8211; 1605. Oto, co wtedy ten wielki polski patriota powiedzia\u0142:<\/span><\/p>\n<p dir=\"ltr\" style=\"line-height: 1.38; margin-top: 0pt; margin-bottom: 0pt\"><span style=\"color: #000000; font-family: Arial; font-size: 13.33px; font-style: normal; font-variant: normal; font-weight: 700; text-decoration: none; vertical-align: baseline; background-color: transparent\">\u201cSp\u00f3jrzmy tylko na kr\u00f3lestwo nasze, jedno z pierwszych w Europie, sp\u00f3jrzmy na jego si\u0142y i \u015brodki obronne, na jego dostatki, bogactwa, na wszystko, co ludziom jest potrzebne. Czeg\u00f3\u017c nam brakuje? Oto rz\u0105du silnego i ustalonego \u0142adu prawnego, a wtedy wszystko b\u0119dziemy mieli i sta\u0107 b\u0119dziemy silni i pewni siebie\u201d.<\/span><\/p>\n<p dir=\"ltr\" style=\"line-height: 1.38; margin-top: 0pt; margin-bottom: 0pt\"><span style=\"color: #000000; font-family: Arial; font-size: 13.33px; font-style: normal; font-variant: normal; font-weight: 400; text-decoration: none; vertical-align: baseline; background-color: transparent\">Jak\u017cesz aktualny tekst.<\/span><\/p>\n<p dir=\"ltr\" style=\"line-height: 1.38; margin-top: 0pt; margin-bottom: 0pt\"><span style=\"color: #000000; font-family: Arial; font-size: 13.33px; font-style: normal; font-variant: normal; font-weight: 400; text-decoration: none; vertical-align: baseline; background-color: transparent\">A teraz kilka pyta\u0144 do Pa\u0144stwowej Komisji Wyborczej:<\/span><\/p>\n<p dir=\"ltr\" style=\"line-height: 1.38; margin-top: 0pt; margin-bottom: 0pt\"><span style=\"color: #000000; font-family: Arial; font-size: 13.33px; font-style: normal; font-variant: normal; font-weight: 400; text-decoration: none; vertical-align: baseline; background-color: transparent\">Po doliczeniu g\u0142os\u00f3w z Londynu, gdzie wygra\u0142 Kukiz, <\/span><span style=\"color: #000000; font-family: Arial; font-size: 13.33px; font-style: normal; font-variant: normal; font-weight: 700; text-decoration: none; vertical-align: baseline; background-color: transparent\">spad\u0142y mu procenty<\/span><span style=\"color: #000000; font-family: Arial; font-size: 13.33px; font-style: normal; font-variant: normal; font-weight: 400; text-decoration: none; vertical-align: baseline; background-color: transparent\"> &#8211; <\/span><span style=\"color: #000000; font-family: Arial; font-size: 12px; font-style: normal; font-variant: normal; font-weight: 700; text-decoration: none; vertical-align: baseline; background-color: transparent\">DLACZEGO?<\/span><\/p>\n<p dir=\"ltr\" style=\"line-height: 1.38; margin-top: 0pt; margin-bottom: 0pt\"><span style=\"color: #000000; font-family: Arial; font-size: 13.33px; font-style: normal; font-variant: normal; font-weight: 400; text-decoration: none; vertical-align: baseline; background-color: transparent\">Po doliczeniu g\u0142os\u00f3w z Londynu i Warszawy, w kt\u00f3rych PO by\u0142o gorsze od PIS-u, <\/span><span style=\"color: #000000; font-family: Arial; font-size: 13.33px; font-style: normal; font-variant: normal; font-weight: 700; text-decoration: none; vertical-align: baseline; background-color: transparent\">PIS-owi spad\u0142o<\/span><span style=\"color: #000000; font-family: Arial; font-size: 13.33px; font-style: normal; font-variant: normal; font-weight: 400; text-decoration: none; vertical-align: baseline; background-color: transparent\"> &#8211; <\/span><span style=\"color: #000000; font-family: Arial; font-size: 12px; font-style: normal; font-variant: normal; font-weight: 700; text-decoration: none; vertical-align: baseline; background-color: transparent\">DLACZEGO?<\/span><\/p>\n<p dir=\"ltr\" style=\"line-height: 1.38; margin-top: 0pt; margin-bottom: 0pt\"><span style=\"color: #000000; font-family: Arial; font-size: 13.33px; font-style: normal; font-variant: normal; font-weight: 400; text-decoration: none; vertical-align: baseline; background-color: transparent\">Po doliczeniu g\u0142os\u00f3w z Londynu i Warszawy, w kt\u00f3rych PO by\u0142o gorsze od PIS-u, <\/span><span style=\"color: #000000; font-family: Arial; font-size: 13.33px; font-style: normal; font-variant: normal; font-weight: 700; text-decoration: none; vertical-align: baseline; background-color: transparent\">PO wzros\u0142o<\/span><span style=\"color: #000000; font-family: Arial; font-size: 13.33px; font-style: normal; font-variant: normal; font-weight: 400; text-decoration: none; vertical-align: baseline; background-color: transparent\"> &#8211; <\/span><span style=\"color: #000000; font-family: Arial; font-size: 12px; font-style: normal; font-variant: normal; font-weight: 700; text-decoration: none; vertical-align: baseline; background-color: transparent\">DLACZEGO?<\/span><\/p>\n<p dir=\"ltr\" style=\"line-height: 1.38; margin-top: 0pt; margin-bottom: 0pt\"><span style=\"color: #000000; font-family: Arial; font-size: 13.33px; font-style: normal; font-variant: normal; font-weight: 400; text-decoration: none; vertical-align: baseline; background-color: transparent\">Og\u00f3lnie: Po doliczeniu g\u0142os\u00f3w ca\u0142ej Polonii i Warszawy w kt\u00f3rych to okr\u0119gach PO by\u0142o gorsze od PIS-u, <\/span><span style=\"color: #000000; font-family: Arial; font-size: 13.33px; font-style: normal; font-variant: normal; font-weight: 700; text-decoration: none; vertical-align: baseline; background-color: transparent\">PIS-owi spad\u0142o<\/span><span style=\"color: #000000; font-family: Arial; font-size: 13.33px; font-style: normal; font-variant: normal; font-weight: 400; text-decoration: none; vertical-align: baseline; background-color: transparent\"> a <\/span><span style=\"color: #000000; font-family: Arial; font-size: 13.33px; font-style: normal; font-variant: normal; font-weight: 700; text-decoration: none; vertical-align: baseline; background-color: transparent\">PO wzros\u0142o<\/span><span style=\"color: #000000; font-family: Arial; font-size: 13.33px; font-style: normal; font-variant: normal; font-weight: 400; text-decoration: none; vertical-align: baseline; background-color: transparent\">. <\/span><span style=\"color: #000000; font-family: Arial; font-size: 12px; font-style: normal; font-variant: normal; font-weight: 700; text-decoration: none; vertical-align: baseline; background-color: transparent\">DLACZEGO?<\/span><\/p>\n<p dir=\"ltr\" style=\"line-height: 1.38; margin-top: 0pt; margin-bottom: 0pt\"><span style=\"color: #000000; font-family: Arial; font-size: 13.33px; font-style: normal; font-variant: normal; font-weight: 400; text-decoration: none; vertical-align: baseline; background-color: transparent\">Zauwa\u017cyli\u015bcie te komunikaty? Czy kto\u015b na te pytania odpowie?<\/span><\/p>\n<p dir=\"ltr\" style=\"line-height: 1.38; margin-top: 0pt; margin-bottom: 0pt\"><span style=\"color: #000000; font-family: Arial; font-size: 13.33px; font-style: normal; font-variant: normal; font-weight: 400; text-decoration: none; vertical-align: baseline; background-color: transparent\">Mo\u017ce w\u0142a\u015bnie te kombinacje sprawi\u0142y,ze PIS + Kukiz&#8217;15 stracili wi\u0119kszo\u015b\u0107 konstytucyjn\u0105&#8230;?<\/span><\/p>\n<p dir=\"ltr\" style=\"line-height: 1.38; margin-top: 0pt; margin-bottom: 0pt\"><span style=\"color: #000000; font-family: Arial; font-size: 13.33px; font-style: normal; font-variant: normal; font-weight: 400; text-decoration: none; vertical-align: baseline; background-color: transparent\">Nie dajmy si\u0119 nabra\u0107, \u017ce skoro Duda i PiS wygrali, to nie ma tematu fa\u0142szowania wybor\u00f3w.<\/span><\/p>\n<p dir=\"ltr\" style=\"line-height: 1.38; margin-top: 0pt; margin-bottom: 0pt\"><span style=\"color: #000000; font-family: Arial; font-size: 13.33px; font-style: normal; font-variant: normal; font-weight: 400; text-decoration: none; vertical-align: baseline; background-color: transparent\">Nie wiemy, jakby wygrali, gdyby wszystko by\u0142o w porz\u0105dku.<\/span><\/p>\n<p dir=\"ltr\" style=\"line-height: 1.38; margin-top: 0pt; margin-bottom: 0pt\"><span style=\"color: #000000; font-family: Arial; font-size: 13.33px; font-style: normal; font-variant: normal; font-weight: 400; text-decoration: none; vertical-align: baseline; background-color: transparent\">I konkluzja nt udzia\u0142u w wyborach: je\u015bli do wybor\u00f3w posz\u0142o 51%, to w domach zosta\u0142o 49%. Te 49 procent Polak\u00f3w maj\u0105cych w d.. losy w\u0142asnego kraju nie powinno korzysta\u0107 z \u017cadnych dobrodziejstw proponowanych spo\u0142ecze\u0144stwu przez rz\u0105d. W Belgii s\u0105 wysokie kary za uchylanie si\u0119 od g\u0142osowania, podobnie w Szwecji. Mo\u017ce by\u0142oby dobrze, gdyby parlament pochyli\u0142 si\u0119 nad t\u0105 kwesti\u0105. Natomiast na pewno nikt z tych 49% nie ma prawa, wypowiada\u0107 si\u0119 na temat sposobu rz\u0105dzenia Polsk\u0105. <\/span><\/p>\n<p dir=\"ltr\" style=\"line-height: 1.38; margin-top: 0pt; margin-bottom: 0pt\"><span style=\"color: #000000; font-family: Arial; font-size: 13.33px; font-style: normal; font-variant: normal; font-weight: 400; text-decoration: none; vertical-align: baseline; background-color: transparent\">No i jeszcze taki drobiazg o \u201cMakreli\u201d, jak j\u0105 nazywaj\u0105 internauci, czyli o Angeli. Ot\u00f3\u017c do sprawy imigrant\u00f3w potrzebowa\u0142a solidarno\u015bci wszystkich kraj\u00f3w-cz\u0142onk\u00f3w Unii Europejskiej, ale do gazoci\u0105gu od Putina ju\u017c ma te kraje, a szczeg\u00f3lnie Polsk\u0119, w g\u0142\u0119bokim powa\u017caniu. Ciekaw jestem, czy \u201cgor\u0105cy patriota\u201d, by\u0142y premier RP wstawi si\u0119 za swoj\u0105 Ojczyzn\u0105. Przecie\u017c z jego funkcji w Europie mieli\u015bmy mie\u0107 same korzy\u015bci. Jak na razie, nie ma \u017cadnej. Korzy\u015bci ma tylko on, tyle, \u017ce Europie wystarczy\u0142o kilka miesi\u0119cy, \u017ceby si\u0119 na nim pozna\u0107, Polacy potrzebowali o\u015bmiu lat. (nie wszyscy, ale ci, co g\u0142osowali).<\/span><\/p>\n<p><\/strong><\/p>\n","protected":false},"excerpt":{"rendered":"<p>Oczywi\u015bcie, \u017ce tak. I czas najwy\u017cszy, \u017ceby Polacy wreszcie zdali sobie spraw\u0119 z tego faktu: Jaros\u0142aw Kaczy\u0144ski jest politycznym geniuszem.<\/p>\n","protected":false},"author":2,"featured_media":0,"comment_status":"open","ping_status":"open","sticky":false,"template":"","format":"standard","meta":[],"categories":[4],"tags":[],"_links":{"self":[{"href":"https:\/\/sporek.com\/blog\/index.php?rest_route=\/wp\/v2\/posts\/516"}],"collection":[{"href":"https:\/\/sporek.com\/blog\/index.php?rest_route=\/wp\/v2\/posts"}],"about":[{"href":"https:\/\/sporek.com\/blog\/index.php?rest_route=\/wp\/v2\/types\/post"}],"author":[{"embeddable":true,"href":"https:\/\/sporek.com\/blog\/index.php?rest_route=\/wp\/v2\/users\/2"}],"replies":[{"embeddable":true,"href":"https:\/\/sporek.com\/blog\/index.php?rest_route=%2Fwp%2Fv2%2Fcomments&post=516"}],"version-history":[{"count":0,"href":"https:\/\/sporek.com\/blog\/index.php?rest_route=\/wp\/v2\/posts\/516\/revisions"}],"wp:attachment":[{"href":"https:\/\/sporek.com\/blog\/index.php?rest_route=%2Fwp%2Fv2%2Fmedia&parent=516"}],"wp:term":[{"taxonomy":"category","embeddable":true,"href":"https:\/\/sporek.com\/blog\/index.php?rest_route=%2Fwp%2Fv2%2Fcategories&post=516"},{"taxonomy":"post_tag","embeddable":true,"href":"https:\/\/sporek.com\/blog\/index.php?rest_route=%2Fwp%2Fv2%2Ftags&post=516"}],"curies":[{"name":"wp","href":"https:\/\/api.w.org\/{rel}","templated":true}]}}