{"id":52,"date":"2008-01-18T11:20:04","date_gmt":"2008-01-18T15:20:04","guid":{"rendered":"http:\/\/sporek.com\/blog\/?p=52"},"modified":"2008-01-18T11:39:54","modified_gmt":"2008-01-18T15:39:54","slug":"ze-wsi-jestes-na-wies-wrocisz","status":"publish","type":"post","link":"https:\/\/sporek.com\/blog\/?p=52","title":{"rendered":"&#8230;Ze wsi jeste\u015b, na wie\u015b wr\u00f3cisz."},"content":{"rendered":"<p><span style=\"font-size: 11pt; font-family: Arial\" lang=\"PL\">Przys\u0142owia s\u0105 m\u0105dro\u015bci\u0105 narod\u00f3w. Powy\u017csze sprawdzi\u0142o si\u0119 w przypadku by\u0142ego -po\u017cal si\u0119 Bo\u017ce &#8211; vice-premiera, ministra rolnictwa, w skr\u00f3cie A. L. Zachodzi prawdopodobie\u0144stwo, \u017ce sprawdzi si\u0119 w przypadku obecnego &#8211; po\u017cal si\u0119 Bo\u017ce -vice-premiera, ministra od gospodarki, w skr\u00f3cie W. P. A ja zachodz\u0119 w g\u0142ow\u0119, jak to si\u0119 dzieje&#8230;? Wykszta\u0142cony nar\u00f3d, niby rozje\u017cd\u017cony po ca\u0142ym \u015bwiecie, tyle widzia\u0142, tyle wie, jeszcze wi\u0119cej przeszed\u0142, a tu kto\u015b, kto kompletnie nie ma pomys\u0142u na polityk\u0119 dochodzi do premierowskich stanowisk. Jeszcze mog\u0119, &#8211; dodam, \u017ce przy sporym wysi\u0142ku umys\u0142owym &#8211; zrozumie\u0107 jego awans w 1992, kt\u00f3ry nast\u0105pi\u0142 po &#8222;nocnej zmianie&#8221;, czyli obaleniu rz\u0105du Jana Olszewskiego. Wa\u0142\u0119sie by\u0142 potrzebny kto\u015b potulny i zupe\u0142nie nie maj\u0105cy poj\u0119cia, czym jest polityka. Ale teraz <!--more-->zaczynam si\u0119 obawia\u0107 o\u00a0poziom mojego IQ, bo nijak poj\u0105\u0107 tego awansu nie mog\u0119. Co\u015b mi jednak za\u015bwita\u0142o i zacz\u0105\u0142em kojarzy\u0107 fakty; przecie\u017c obydwaj panowie &#8211;\u00a0i premier DT i vice-premier WP siedzieli owej czerwcowej nocy razem przy tym samym, obalaj\u0105cym rz\u0105d Olszewskiego, stoliku. Obaj panowie wjechali na aren\u0119 polityczn\u0105 w\u0142a\u015bnie na plecach &#8222;zlinczowanego&#8221; politycznie Olszewskiego. Obaj nie mieli \u017cadnego pomys\u0142u na Polsk\u0119, opr\u00f3cz przytakiwania Wa\u0142\u0119sie, kt\u00f3ry zreszt\u0105 te\u017c pomys\u0142u nie mia\u0142 poza tym, \u017ce chcia\u0142 wykopa\u0107 urz\u0119duj\u0105cego premiera. Nie wysz\u0142a mu ani Japonia w Polsce, ani \u017caden inny\u00a0&#8222;genialny&#8221; pomys\u0142. Wysz\u0142y mu intrygi i rozbicie Solidarno\u015bci, czego mu prywatnie nie mog\u0119 darowa\u0107, bo zakocha\u0142em si\u0119 w tym ruchu bez reszty i to od pierwszego wejrzenia. <\/span><span style=\"font-size: 11pt; font-family: Arial\" lang=\"PL\">Obawiam si\u0119, &#8211; co ja gadam -&#8230;mam tak\u0105 nadziej\u0119, \u017ce Pana Tuskowy rz\u0105d nie dotrwa do ko\u0144ca kadencji, ju\u015bci dlatego, \u017ce nie wie co robi\u0107, jako te\u017c i dlatego, \u017ce nar\u00f3d,\u00a0 prze\u017carty przedwyborcz\u0105 kie\u0142bas\u0105\u00a0mo\u017ce dosta\u0107 powyborczych torsji i rzygn\u0105\u0107 pretensj\u0105, z kt\u00f3r\u0105 wiecznie p\u0142ac\u0105cy premier DT nie da sobie ju\u017c kompletnie rady. A propos, to czemu ten facet ci\u0105gle\u00a0p\u0142acze? A to,\u00a0\u017ce Prezydent by\u0142 niemi\u0142y, a to, \u017ce Prezydent by\u0142 niecierpliwy, \u017ce Prezydent nie by\u0142 zainteresowany, naromiast ani raz nie powie, co konkretnie proponuje on sam, &#8211;\u00a0premier RP (nie pami\u0119tam, czy og\u0142asza\u0142 jakis numer tej naszej RP&#8230;?) <\/span><\/p>\n<p><span style=\"font-size: 11pt; font-family: Arial\" lang=\"PL\">A ja si\u0119 Prezydentowi nie dziwi\u0119. Jego Ekscelencja Prezydent RP jest cz\u0142owiekiem konkretnym, wymagaj\u0105cym (od siebie i innych) i maj\u0105cym dobro pa\u0144stwa w swoich trzewiach tak samo, jak sienkiewiczowscy bohaterowie od Zag\u0142oby, przez Wo\u0142odyjowskiego, do Kmicica i innych Podbipi\u0119t\u00f3w. Nic wi\u0119c dziwnego, \u017ce chce slysze\u0107 konkrety, a nie reklamowe teksty z gatunku PR &#8211; (czytaj &#8222;pi-ar&#8221; &#8211; to takie zapo\u017cyczenie z angielskiego&#8230;Jasiu, w\u0119\u017cykeim). To jest facet, kt\u00f3ry ma na g\u0142owie troch\u0119 wi\u0119cej,. ni\u017c przeci\u0119tny cz\u0142owiek i tak na dobr\u0105 spraw\u0119 niegrzeczno\u015bci\u0105 jest zabiera\u0107 mu czas na ja\u0142owe gadki. Mam tu koleg\u0119 w Stanach, kt\u00f3ry czasem zaprasza na jakie\u015b spotkania, w kt\u00f3rych chcia\u0142by osi\u0105gn\u0105\u0107 co\u015b w rodzaju wsp\u00f3lnego celu (chodzi o biznes). On po kilku zdaniach ju\u017c wie, \u017ce czlowiek, kt\u00f3ry mu co\u015b referuje jest, albo nie jest do tematu przygotowany i po dw\u00f3ch minutach m\u00f3wi: niech pan si\u0119 nie wysila, pan w og\u00f3le nie ma poj\u0119cia o co chodzi. Dziwi\u0119 si\u0119 zatem Prezydentowi, \u017ce wytrzyma\u0142 45 minut. Wyj\u0105tkowo cierpliwy. Jak na d\u0142oni wida\u0107 bowiem, \u017ce ekipa DT nie ma \u017cadnej koncepcji na rz\u0105dzenie. Jej podstawow\u0105 dewiz\u0105 jest nadal krytyka PiS-u. A najdziwniejsze jest to, \u017ce przedstawiciele tej ekipy upominaj\u0105 si\u0119 o czas, prosz\u0105 o cierpliwo\u015b\u0107, kompletnie zapominaj\u0105c, \u017ce CUD nia\u0142 si\u0119 zdarzy\u0107 tu\u017c po wyborach, \u017ce wieszali wszystkie wiejskie psy na PiS-ie, \u017ce upajali si\u0119 krytyk\u0105 rz\u0105d\u00f3w Bli\u017aniak\u00f3w i na wszystko mieli w\u00f3wczas recept\u0119, &#8211; przypomnijmy sobie debat\u0119 Tusk &#8211; Kaczy\u0144ski. Nie czarujmy si\u0119,- nie chodzi\u0142o o nar\u00f3d, ani jego dobro. Chodzi\u0142o o pokazanie, \u017ce oto my &#8211; przewrotowcy z 1992 roku &#8211; mo\u017cemy powr\u00f3ci\u0107 do wladzy. Chodzi\u0142o o to, by jeszcze raz pokaza\u0107, \u017ce ten nar\u00f3d da si\u0119 wyrolowa\u0107. Chodzi\u0142o o to, by przez cztery lata\u00a0 \u017cy\u0107 na wysokich pensjach i przez to podwy\u017cszy\u0107 sobie emerytaln\u0105 egzystencj\u0119. Nar\u00f3d po raz kolejny odsuni\u0119to na boczny tor.<\/span><span style=\"font-size: 11pt; font-family: Arial\"><\/span><span style=\"font-size: 11pt; font-family: Arial\" lang=\"PL\">\u00a0<\/span><\/p>\n","protected":false},"excerpt":{"rendered":"<p>Przys\u0142owia s\u0105 m\u0105dro\u015bci\u0105 narod\u00f3w. Powy\u017csze sprawdzi\u0142o si\u0119 w przypadku by\u0142ego -po\u017cal si\u0119 Bo\u017ce &#8211; vice-premiera, ministra rolnictwa, w skr\u00f3cie A. L. Zachodzi prawdopodobie\u0144stwo, \u017ce sprawdzi si\u0119 w przypadku obecnego &#8211; po\u017cal si\u0119 Bo\u017ce -vice-premiera, ministra od gospodarki, w skr\u00f3cie W. P. A ja zachodz\u0119 w g\u0142ow\u0119, jak to si\u0119 dzieje&#8230;? Wykszta\u0142cony nar\u00f3d, niby rozje\u017cd\u017cony po [&hellip;]<\/p>\n","protected":false},"author":2,"featured_media":0,"comment_status":"open","ping_status":"open","sticky":false,"template":"","format":"standard","meta":[],"categories":[4],"tags":[],"_links":{"self":[{"href":"https:\/\/sporek.com\/blog\/index.php?rest_route=\/wp\/v2\/posts\/52"}],"collection":[{"href":"https:\/\/sporek.com\/blog\/index.php?rest_route=\/wp\/v2\/posts"}],"about":[{"href":"https:\/\/sporek.com\/blog\/index.php?rest_route=\/wp\/v2\/types\/post"}],"author":[{"embeddable":true,"href":"https:\/\/sporek.com\/blog\/index.php?rest_route=\/wp\/v2\/users\/2"}],"replies":[{"embeddable":true,"href":"https:\/\/sporek.com\/blog\/index.php?rest_route=%2Fwp%2Fv2%2Fcomments&post=52"}],"version-history":[{"count":0,"href":"https:\/\/sporek.com\/blog\/index.php?rest_route=\/wp\/v2\/posts\/52\/revisions"}],"wp:attachment":[{"href":"https:\/\/sporek.com\/blog\/index.php?rest_route=%2Fwp%2Fv2%2Fmedia&parent=52"}],"wp:term":[{"taxonomy":"category","embeddable":true,"href":"https:\/\/sporek.com\/blog\/index.php?rest_route=%2Fwp%2Fv2%2Fcategories&post=52"},{"taxonomy":"post_tag","embeddable":true,"href":"https:\/\/sporek.com\/blog\/index.php?rest_route=%2Fwp%2Fv2%2Ftags&post=52"}],"curies":[{"name":"wp","href":"https:\/\/api.w.org\/{rel}","templated":true}]}}