{"id":522,"date":"2015-12-21T23:52:25","date_gmt":"2015-12-22T03:52:25","guid":{"rendered":"http:\/\/sporek.com\/blog\/?p=522"},"modified":"2015-12-22T00:54:36","modified_gmt":"2015-12-22T04:54:36","slug":"placz-%e2%80%9cniewiniatek%e2%80%9d","status":"publish","type":"post","link":"https:\/\/sporek.com\/blog\/?p=522","title":{"rendered":"P\u0142acz \u201cNiewini\u0105tek\u201d"},"content":{"rendered":"<p><strong style=\"font-weight: normal\"><span style=\"color: #000000; font-family: Verdana; font-size: 13.33px; font-style: normal; font-variant: normal; font-weight: 400; text-decoration: none; vertical-align: baseline; background-color: transparent\">Widzia\u0142em dzi\u015b w Telewizji Republika, jak panowie z PO omal nie pop\u0142akali si\u0119, bo nie posz\u0142o im w komisji ustawodawczej tak, jakby chcieli i oczywi\u015bcie zarzucili PiSowi, \u017ce ich ignoruje, \u017ce nie zgadza si\u0119 na prze\u0142o\u017cenie posiedzenia, itd, itp. <!--more-->Ot\u00f3\u017c Panowie z PO przypomnijcie sobie, co wyprawia\u0142 w Komisji Hazardowej, w 2010 roku niejaki Miros\u0142aw Seku\u0142a, bo wy macie jako\u015b dziwnie kiepsk\u0105 pami\u0119\u0107 do w\u0142asnej przesz\u0142o\u015bci. Wiecie dobrze, o czym m\u00f3wi\u0119, wi\u0119c nie b\u0119d\u0119 opisywa\u0142 tendencyjnego chamstwa, jakie prezentowa\u0142 ten pan.<\/span><\/strong><\/p>\n<p><strong style=\"font-weight: normal\"><\/p>\n<p dir=\"ltr\" style=\"line-height: 1.38; margin-top: 0pt; margin-bottom: 10pt\"><span style=\"color: #000000; font-family: Verdana; font-size: 13.33px; font-style: normal; font-variant: normal; font-weight: 400; text-decoration: none; vertical-align: baseline; background-color: transparent\">Wasze przeprosiny za czerwcowy szfindel z dwoma s\u0119dziami w TK, to jaki\u015b nie\u015bmieszny \u017cart. Zakpili\u015bcie z Konstytucji, a teraz macie czelno\u015b\u0107, z wyra\u017anymi oznakami braku honoru, \u0142ama\u0107 tradycyjne 100 dni i skar\u017cy\u0107 si\u0119 Europie? Ile zap\u0142acili\u015bcie ludziom, \u017ceby pojechali do Berlina manifestowa\u0107 w waszej sprawie? Nigdy wi\u0119cej nie powinni\u015bcie powr\u00f3ci\u0107 do w\u0142adzy w tym kraju.<\/span><\/p>\n<p dir=\"ltr\" style=\"line-height: 1.38; margin-top: 0pt; margin-bottom: 10pt\"><span style=\"color: #000000; font-family: Verdana; font-size: 13.33px; font-style: normal; font-variant: normal; font-weight: 400; text-decoration: none; vertical-align: baseline; background-color: transparent\">Ani w 2010 roku nikt nie zareagowa\u0142 na post\u0119powanie Seku\u0142y, ani w czerwcu br. nikt nie zareagowa\u0142 na to, co pomajstrowali\u015bcie przy Trybunale Konstytucyjnym. Efekty bronienia kolesi\u00f3w przez komisj\u0119 hazardow\u0105 poskutkowa\u0142y uniewinnieniem kumpli, a gdyby tym razem PiS nie wni\u00f3s\u0142 sprawy odno\u015bnie TK, to nadal mieliby\u015bcie dw\u00f3ch swoich s\u0119dzi\u00f3w wybranych wbrew Konstytucji i nic by si\u0119 nie zmieni\u0142o. Kto z was by\u0142by w stanie powiedzie\u0107 g\u0142o\u015bno, \u017ce tych dw\u00f3ch wybrano bezprawnie? I my\u015blicie, \u017ce przeprosiny wystarcz\u0105? Wy naprawd\u0119 macie Nar\u00f3d polski za stado baran\u00f3w. <\/span><\/p>\n<p dir=\"ltr\" style=\"line-height: 1.38; margin-top: 0pt; margin-bottom: 10pt\"><span style=\"color: #000000; font-family: Verdana; font-size: 13.33px; font-style: normal; font-variant: normal; font-weight: 400; text-decoration: none; vertical-align: baseline; background-color: transparent\">Uwierzcie w ko\u0144cu, \u017ce Nar\u00f3d zdecydowa\u0142 inaczej, ni\u017c wam si\u0119 marzy\u0142o.<\/span><\/p>\n<p style=\"margin: 0in 0in 10pt\">&nbsp;<\/p>\n<p><\/strong><\/p>\n<p style=\"margin: 0in 0in 10pt\">&nbsp;<\/p>\n<p><span lang=\"PL\"><\/span><\/p>\n<p style=\"margin: 0in 0in 10pt\">&nbsp;<\/p>\n<p><font face=\"Calibri\"><\/p>\n<p style=\"margin: 0in 0in 10pt\">&nbsp;<\/p>\n<p style=\"margin: 0in 0in 10pt\"><font face=\"Times New Roman\"><br \/>\n<\/font><\/p>\n<p style=\"margin: 0in 0in 10pt\"><span lang=\"PL\"><br \/>\n<\/span><\/p>\n<p style=\"margin: 0in 0in 10pt\"><font face=\"Times New Roman\">  <\/font><\/p>\n<p style=\"margin: 0in 0in 10pt\"><span lang=\"PL\"><br \/>\n<\/span><\/p>\n<p style=\"margin: 0in 0in 10pt\"><font face=\"Times New Roman\">  <\/font><\/p>\n<p><\/font><\/p>\n<p style=\"margin: 0in 0in 10pt\">&nbsp;<\/p>\n<p style=\"margin: 0in 0in 10pt\">&nbsp;<\/p>\n<p><font face=\"Times New Roman\">  <\/font><\/p>\n","protected":false},"excerpt":{"rendered":"<p>Widzia\u0142em dzi\u015b w Telewizji Republika, jak panowie z PO omal nie pop\u0142akali si\u0119, bo nie posz\u0142o im w komisji ustawodawczej tak, jakby chcieli i oczywi\u015bcie zarzucili PiSowi, \u017ce ich ignoruje, \u017ce nie zgadza si\u0119 na prze\u0142o\u017cenie posiedzenia, itd, itp.<\/p>\n","protected":false},"author":2,"featured_media":0,"comment_status":"open","ping_status":"open","sticky":false,"template":"","format":"standard","meta":[],"categories":[2,1,4],"tags":[],"_links":{"self":[{"href":"https:\/\/sporek.com\/blog\/index.php?rest_route=\/wp\/v2\/posts\/522"}],"collection":[{"href":"https:\/\/sporek.com\/blog\/index.php?rest_route=\/wp\/v2\/posts"}],"about":[{"href":"https:\/\/sporek.com\/blog\/index.php?rest_route=\/wp\/v2\/types\/post"}],"author":[{"embeddable":true,"href":"https:\/\/sporek.com\/blog\/index.php?rest_route=\/wp\/v2\/users\/2"}],"replies":[{"embeddable":true,"href":"https:\/\/sporek.com\/blog\/index.php?rest_route=%2Fwp%2Fv2%2Fcomments&post=522"}],"version-history":[{"count":0,"href":"https:\/\/sporek.com\/blog\/index.php?rest_route=\/wp\/v2\/posts\/522\/revisions"}],"wp:attachment":[{"href":"https:\/\/sporek.com\/blog\/index.php?rest_route=%2Fwp%2Fv2%2Fmedia&parent=522"}],"wp:term":[{"taxonomy":"category","embeddable":true,"href":"https:\/\/sporek.com\/blog\/index.php?rest_route=%2Fwp%2Fv2%2Fcategories&post=522"},{"taxonomy":"post_tag","embeddable":true,"href":"https:\/\/sporek.com\/blog\/index.php?rest_route=%2Fwp%2Fv2%2Ftags&post=522"}],"curies":[{"name":"wp","href":"https:\/\/api.w.org\/{rel}","templated":true}]}}