{"id":523,"date":"2015-12-24T00:33:28","date_gmt":"2015-12-24T04:33:28","guid":{"rendered":"http:\/\/sporek.com\/blog\/?p=523"},"modified":"2015-12-24T01:00:03","modified_gmt":"2015-12-24T05:00:03","slug":"tego-juz-za-wiele","status":"publish","type":"post","link":"https:\/\/sporek.com\/blog\/?p=523","title":{"rendered":"Tego ju\u017c za wiele"},"content":{"rendered":"<p><span style=\"color: #000000; font-family: Verdana; font-size: 13.33px; font-style: normal; font-variant: normal; font-weight: 400; text-decoration: none; vertical-align: baseline; background-color: transparent\">Czy Euro parlamentowi co\u015b si\u0119 przypadkiem nie popl\u0105ta\u0142o? Frans Timmermans, holenderski wice-przewodnicz\u0105cy Komisji Europejskiej \u017c\u0105da od Polski wyja\u015bnie\u0144 w sprawie zmian w Trybunale Konstytucyjnym. <!--more-->To ju\u017c naprawd\u0119 skandal i mocny policzek w polsk\u0105 demokracj\u0119, w wyborc\u00f3w i w pa\u0144stwo polskie w og\u00f3le. Holenderski bubek by\u0142by do zniesienia, bo w ko\u0144cu co nas kiedykolwiek uzale\u017cnia\u0142o, albo \u0142\u0105czy\u0142o z \u201cTulipanami\u201d? &#8211; Nic. Sk\u0105d jednak tyle \u015bmia\u0142ej bezczelno\u015bci? I to w\u0142a\u015bnie boli, bo ten pan karmiony jest negatywnymi informacjami o Polsce przez euro-pos\u0142\u00f3w, polskich euro-pos\u0142\u00f3w. A najbardziej chyba przez Tuska, kt\u00f3ry postanowi\u0142, jakie, takie umiej\u0119tno\u015bci pos\u0142ugiwania si\u0119 j\u0119zykiem angielskim (po d\u0142ugich m\u0119czarniach edukacyjnych) spo\u017cytkowa\u0107 na \u00a0&#8211; powiem prosto z mostu: &#8211; sranie we w\u0142asne gniazdo. Dosta\u0142em odruch\u00f3w wymiotnych czytaj\u0105c jego ocen\u0119 sytuacji w Polsce. <a href=\"http:\/\/wsensie.pl\/dummy-category-5\/item\/10085-hipokryta-tusk\"><font size=\"3\" face=\"Calibri\" color=\"#0000ff\">http:\/\/wsensie.pl\/dummy-category-5\/item\/10085-hipokryta-tusk<\/font><\/a><\/p>\n<p><font size=\"3\" face=\"Times New Roman\">  <\/font><\/p>\n<p><\/span><span style=\"color: #000000; font-family: Verdana; font-size: 13.33px; font-style: normal; font-variant: normal; font-weight: 400; text-decoration: none; vertical-align: baseline; background-color: transparent\">Chc\u0119 przypomnie\u0107 Tuskowi, ale przede wszystkim Timmermansowi, \u017ce w Polsce demokracja ma si\u0119 zupe\u0142nie dobrze\u00a0i policja nie zatrzymuje manifestuj\u0105cych. Zupe\u0142nie przeciwnie do tego, co robi\u0142a policja holenderska w ub. roku zatrzymuj\u0105c dziesi\u0105tki Holendr\u00f3w protestuj\u0105cych w Goldemalsen przeciwko budowie o\u015brodka dla uchod\u017ac\u00f3w. To taka demokracja po holendersku, Mr. Timmermans&#8230;? Miasteczko liczy 27 tysi\u0119cy mieszka\u0144c\u00f3w, z czego ponad 2 tysi\u0105ce wysz\u0142o na ulice. <\/span><\/p>\n<p><strong style=\"font-weight: normal\"><\/p>\n<p dir=\"ltr\" style=\"line-height: 1.38; margin-top: 0pt; margin-bottom: 0pt\"><span style=\"color: #000000; font-family: Verdana; font-size: 13.33px; font-style: normal; font-variant: normal; font-weight: 400; text-decoration: none; vertical-align: baseline; background-color: transparent\">Apeluj\u0119 do Klub\u00f3w Gazety Polskiej w Holandii: id\u017acie pod parlament europejski, macie z Holandii blisko, albo pod dom Timmermansa i powiedzcie, co my\u015blicie o tym cz\u0142owieku. <\/span><\/p>\n<p dir=\"ltr\" style=\"line-height: 1.38; margin-top: 0pt; margin-bottom: 0pt\"><span style=\"color: #000000; font-family: Verdana; font-size: 13.33px; font-style: normal; font-variant: normal; font-weight: 400; text-decoration: none; vertical-align: baseline; background-color: transparent\">Ten socjaldemokrata zosta\u0142 przez \u201cBula\u201d odznaczony, w 2014 roku Krzy\u017cem Wielkim Zas\u0142ugi Rzeczypospolitej Polskiej. No, to nie ma si\u0119 co dziwi\u0107 \u017ce uk\u0142ad Komorowski, Tusk i Sp-ka jest mu bli\u017cszy, ni\u017c zapowiedzi zmian. <\/span><\/p>\n<p dir=\"ltr\" style=\"line-height: 1.38; margin-top: 0pt; margin-bottom: 0pt\"><span style=\"color: #000000; font-family: Verdana; font-size: 13.33px; font-style: normal; font-variant: normal; font-weight: 400; text-decoration: none; vertical-align: baseline; background-color: transparent\">Rzecz najbole\u015bniejsza, to jednak ta, \u017ce Europa coraz bardziej si\u0119 ods\u0142ania, jako system totalitarny pr\u00f3buj\u0105cy ujarzmi\u0107 i podporz\u0105dkowa\u0107 pa\u0144stwa cz\u0142onkowskie (przynajmniej te, o kt\u00f3rych my\u015bl\u0105, \u017ce s\u0105 s\u0142abe, patrz Grecja). Ale, Panowie, Polska, to zupe\u0142nie inny rodzaj \u201cs\u0142abego\u201d pa\u0144stwa. Przekona\u0142 si\u0119 o tym Hitler, Stalin, a przed nimi bolszewickie hordy rozgromione przez wojsko polskie pod dow\u00f3dztwem Pi\u0142sudzkiego, a potem Gomu\u0142ka, Gierek, Ochab, Kiszczak, Jaruzelski, Kocio\u0142ek, a i zaborcy z XIX wieku, ale te\u017c i Turcy i Krzy\u017cacy i Szwedzi.<\/span><\/p>\n<p><\/strong><strong style=\"font-weight: normal\"><span style=\"color: #000000; font-family: Verdana; font-size: 13.33px; font-style: normal; font-variant: normal; font-weight: 400; text-decoration: none; vertical-align: baseline; background-color: transparent\">Ej, panie Holender\u2026 nie doprowadzaj pan Polak\u00f3w do z\u0142o\u015bci.<\/span><br \/>\n<\/strong><\/p>\n","protected":false},"excerpt":{"rendered":"<p>Czy Euro parlamentowi co\u015b si\u0119 przypadkiem nie popl\u0105ta\u0142o? Frans Timmermans, holenderski wice-przewodnicz\u0105cy Komisji Europejskiej \u017c\u0105da od Polski wyja\u015bnie\u0144 w sprawie zmian w Trybunale Konstytucyjnym.<\/p>\n","protected":false},"author":2,"featured_media":0,"comment_status":"open","ping_status":"open","sticky":false,"template":"","format":"standard","meta":[],"categories":[4],"tags":[],"_links":{"self":[{"href":"https:\/\/sporek.com\/blog\/index.php?rest_route=\/wp\/v2\/posts\/523"}],"collection":[{"href":"https:\/\/sporek.com\/blog\/index.php?rest_route=\/wp\/v2\/posts"}],"about":[{"href":"https:\/\/sporek.com\/blog\/index.php?rest_route=\/wp\/v2\/types\/post"}],"author":[{"embeddable":true,"href":"https:\/\/sporek.com\/blog\/index.php?rest_route=\/wp\/v2\/users\/2"}],"replies":[{"embeddable":true,"href":"https:\/\/sporek.com\/blog\/index.php?rest_route=%2Fwp%2Fv2%2Fcomments&post=523"}],"version-history":[{"count":0,"href":"https:\/\/sporek.com\/blog\/index.php?rest_route=\/wp\/v2\/posts\/523\/revisions"}],"wp:attachment":[{"href":"https:\/\/sporek.com\/blog\/index.php?rest_route=%2Fwp%2Fv2%2Fmedia&parent=523"}],"wp:term":[{"taxonomy":"category","embeddable":true,"href":"https:\/\/sporek.com\/blog\/index.php?rest_route=%2Fwp%2Fv2%2Fcategories&post=523"},{"taxonomy":"post_tag","embeddable":true,"href":"https:\/\/sporek.com\/blog\/index.php?rest_route=%2Fwp%2Fv2%2Ftags&post=523"}],"curies":[{"name":"wp","href":"https:\/\/api.w.org\/{rel}","templated":true}]}}