{"id":524,"date":"2016-01-23T22:44:25","date_gmt":"2016-01-24T02:44:25","guid":{"rendered":"http:\/\/sporek.com\/blog\/?p=524"},"modified":"2016-01-23T22:53:56","modified_gmt":"2016-01-24T02:53:56","slug":"donisiciele-zdrajcy","status":"publish","type":"post","link":"https:\/\/sporek.com\/blog\/?p=524","title":{"rendered":"Donisiciele &#8211; zdrajcy"},"content":{"rendered":"<p><strong style=\"font-weight: normal\"><\/p>\n<p dir=\"ltr\" style=\"line-height: 1.38; margin-top: 0pt; margin-bottom: 0pt\" id=\"docs-internal-guid-a7500125-7183-c18e-45e1-fed63acf62c4\"><span style=\"color: #000000; font-family: Verdana; font-size: 13.33px; font-style: normal; font-variant: normal; font-weight: 400; text-decoration: none; vertical-align: baseline; background-color: transparent\">No, c\u00f3\u017c, nie mo\u017cna ich nazwa\u0107 inaczej. Panowie Schetyna, Petru, Lewandowski i im podobni, w tym niestety m\u00f3j dawny kolega Jan Olbrycht, s\u0105 po prostu zdrajcami. Jest takie stare powiedzenie: \u201cna matk\u0119 i ojczyzn\u0119 si\u0119 nie donosi\u201d. Donie\u015bli.<\/span><\/p>\n<p dir=\"ltr\" style=\"line-height: 1.38; margin-top: 0pt; margin-bottom: 0pt\"><span style=\"color: #000000; font-family: Verdana; font-size: 13.33px; font-style: normal; font-variant: normal; font-weight: 400; text-decoration: none; vertical-align: baseline; background-color: transparent\">Europa sp\u0142uka\u0142a im ich zdradzieckie, fa\u0142szywe \u0142by, ale pozostaje pytanie: co oni jeszcze robi\u0105 w Polsce? Powinni wyjecha\u0107. Jak najszybciej i jak najdalej. <!--more--><\/span><\/p>\n<p dir=\"ltr\" style=\"line-height: 1.38; margin-top: 0pt; margin-bottom: 0pt\"><span style=\"color: #000000; font-family: Verdana; font-size: 13.33px; font-style: normal; font-variant: normal; font-weight: 400; text-decoration: none; vertical-align: baseline; background-color: transparent\">Premier Szyd\u0142o da\u0142a popis opanowania i dyplomatycznego spokoju. By\u0142a znakomicie przygotowana i wypunktowa\u0142a g\u0142osicieli braku demokracji w Polsce. G\u0142osiciele, w przeciwie\u0144stwie do polskiej Pani Premier byli kompletnie nieprzygotowani do lekcji, jak\u0105 chcieli udzieli\u0107 Polsce. Sprawiali wra\u017cenie, jakby kto\u015b nauczy\u0142 ich kilku nieporadnych zda\u0144 oskar\u017caj\u0105cych polski rz\u0105d, ale nie przygotowa\u0142 ich do dyskusji, w kt\u00f3rej ju\u017c nie potrafili rozwin\u0105\u0107 tych zarzut\u00f3w. Kompromitacja zdrajc\u00f3w i donosicieli. Oczywi\u015bcie, \u017ce b\u0119d\u0105 dalej ujada\u0107 i utrudnia\u0107 \u017cycie PiSowskiemu rz\u0105dowi. Maj\u0105 takie prawo, ale z biegiem czasu argument\u00f3w b\u0119dzie coraz mniej, a rozpocznie si\u0119 &#8211; oby jak najpr\u0119dzej &#8211; karnawa\u0142 zarzut\u00f3w pod adresem by\u0142ych zarz\u0105dc\u00f3w Polski. Dlaczego donie\u015bli? Strach, nic innego, jak tylko strach przed konsekwencjami sta\u0142 si\u0119 powodem ich donosicielskiego procederu. A jest ich z czego rozlicza\u0107 i dlatego tak straszliwie nie chc\u0105 tego rz\u0105du. Okradali Nar\u00f3d, oszukiwali w ka\u017cdej sekundzie swojego rz\u0105dzenia i za to wszystko powinni ponie\u015b\u0107 kar\u0119. Najl\u017cejsz\u0105 byloby odsuni\u0119cie i do\u017cywotni zakaz pe\u0142nienia funkcji spo\u0142ecznych, ale oni powinni jednak pooddawa\u0107, co nakradli. To dzi\u0119ki nim s\u0105 w Polsce g\u0142odne dzieci, s\u0105 ludzie \u017cyj\u0105cy na granicy ub\u00f3stwa i to jest niewybaczalne. Europejski atak Polak\u00f3w na Polsk\u0119 powinien, moim zdaniem, zako\u0144czy\u0107 kariery wy\u017cej wymienionych polityk\u00f3w. Podw\u00f3jne twarze, to wielka tragedia Polski.<\/span><\/p>\n<p dir=\"ltr\" style=\"line-height: 1.38; margin-top: 0pt; margin-bottom: 0pt\"><span style=\"color: #000000; font-family: Verdana; font-size: 13.33px; font-style: normal; font-variant: normal; font-weight: 400; text-decoration: none; vertical-align: baseline; background-color: transparent\">A propos podw\u00f3jne twarze:<\/span><\/p>\n<p dir=\"ltr\" style=\"line-height: 1.38; margin-top: 0pt; margin-bottom: 0pt\"><span style=\"color: #000000; font-family: Verdana; font-size: 13.33px; font-style: normal; font-variant: normal; font-weight: 400; text-decoration: none; vertical-align: baseline; background-color: transparent\">Zrobi\u0142em wielk\u0105 demonstracj\u0119 pod konsulatem niemieckim, w niedziel\u0119, 17 stycznia. Do kilkusetosobowej demonstracji do\u0142\u0105czy\u0142 niejaki Rosowski, przewodnicz\u0105cy Klubu Gazety Polskiej i Solidarni2010, w Nowym Jorku, z dziesi\u0119ciorgiem cz\u0142onk\u00f3w obydwu organizacji. W\u0142a\u015bciwie z o\u015bmiorgiem, bo dziewi\u0105tym i dziesi\u0105tym byli dwaj cz\u0142onkowie Kongresu Polonii Ameryka\u0144skiej w New Jersey. Pikietowali pod ONZ, 500 metr\u00f3w od nas. Widz\u0105c bezsens swojej pikiety do\u0142\u0105czyli do nas. Da\u0142em im mikrofon, mogli przemawia\u0107. Wszystko by\u0142oby fajnie, gdyby\u2026<\/span><\/p>\n<ol style=\"margin-top: 0pt; margin-bottom: 0pt\">\n<li dir=\"ltr\" style=\"color: #000000; font-family: Verdana; font-size: 13.33px; font-style: normal; font-variant: normal; font-weight: 400; text-decoration: none; vertical-align: baseline; list-style-type: decimal; background-color: transparent\">\n<p dir=\"ltr\" style=\"line-height: 1.38; margin-top: 0pt; margin-bottom: 0pt\"><span style=\"color: #000000; font-family: Verdana; font-size: 13.33px; font-style: normal; font-variant: normal; font-weight: 400; text-decoration: none; vertical-align: baseline; background-color: transparent\">Na dwa tygodnie przed demonstracj\u0105 Rosowski dosta\u0142, z mpojej sugestii, propozycj\u0119 od ludzi wsp\u00f3\u0142pracuj\u0105cych ze mn\u0105 do w\u0142\u0105czenia si\u0119 w nasz\u0105 demonstracj\u0119. Nie skorzysta\u0142. Wr\u0119cz da\u0142 na Bazarynce og\u0142oszenie, \u017ce zwo\u0142uje ludzi na pikiet\u0119 pod ONZ. Wprowadzi\u0142o to troch\u0119 zamieszania, bo ludzie widzieli dwa miejsca manifestacji.<\/span><\/p>\n<\/li>\n<li dir=\"ltr\" style=\"color: #000000; font-family: Verdana; font-size: 13.33px; font-style: normal; font-variant: normal; font-weight: 400; text-decoration: none; vertical-align: baseline; list-style-type: decimal; background-color: transparent\">\n<p dir=\"ltr\" style=\"line-height: 1.38; margin-top: 0pt; margin-bottom: 0pt\"><span style=\"color: #000000; font-family: Verdana; font-size: 13.33px; font-style: normal; font-variant: normal; font-weight: 400; text-decoration: none; vertical-align: baseline; background-color: transparent\">Ju\u017c podczas swojego przem\u00f3wienia Rosowski wskaza\u0142, \u017ce do\u0142\u0105czy\u0142 do naszej demonstracji w wyniku wsp\u00f3\u0142pracy z parafianami od \u015aw. Marcina, z Ridgewood. (Tymi parafianami byli w\u0142a\u015bnie moi wsp\u00f3\u0142pracownicy, kt\u00f3rym odm\u00f3wi\u0142 wsp\u00f3\u0142udzia\u0142u w naszej demonstracji). Druga twarz Rosowskiego.<\/span><\/p>\n<\/li>\n<li dir=\"ltr\" style=\"color: #000000; font-family: Verdana; font-size: 13.33px; font-style: normal; font-variant: normal; font-weight: 400; text-decoration: none; vertical-align: baseline; list-style-type: decimal; background-color: transparent\">\n<p dir=\"ltr\" style=\"line-height: 1.38; margin-top: 0pt; margin-bottom: 0pt\"><span style=\"color: #000000; font-family: Verdana; font-size: 13.33px; font-style: normal; font-variant: normal; font-weight: 400; text-decoration: none; vertical-align: baseline; background-color: transparent\">Nastrzelali sobie zdj\u0119\u0107 na tle kilkuset ludzi i ju\u017c tej samej nocy mo\u017cna by\u0142o przeczyta\u0107 o sukcesie organizacyjnym Klubu GP w Nowym Jorku, a w poniedzia\u0142ek rano w sklepach pojawi\u0142a si\u0119 \u201cPolska Gazeta\u201d (nowojorski dziennik z przestawionymi s\u0142owami w stosunku do Gazety Polskiej, tygodnika z W-wy), kt\u00f3ra na drugiej stronie opublikowa\u0142a tekst i zdj\u0119cia autorstwa Rosowskiego o jego wielkim demonstrowaniu pod konsulatem niemieckim. Trzecia twarz Rosowskiego. <\/span><\/p>\n<\/li>\n<\/ol>\n<p dir=\"ltr\" style=\"line-height: 1.38; margin-top: 0pt; margin-bottom: 0pt\"><span style=\"color: #000000; font-family: Verdana; font-size: 13.33px; font-style: normal; font-variant: normal; font-weight: 400; text-decoration: none; vertical-align: baseline; background-color: transparent\">Przy okazji, wygl\u0105da na to, \u017ce do Polskiej Gazety wystarczy wys\u0142a\u0107 jaki\u015b tekst; &#8211; opublikuj\u0105 bez sprawdzenia jego prawdziwo\u015bci. Takie to mamy dziennikarstwo-amatorstwo.<\/span><\/p>\n<ol start=\"4\" style=\"margin-top: 0pt; margin-bottom: 0pt\">\n<li dir=\"ltr\" style=\"color: #000000; font-family: Verdana; font-size: 13.33px; font-style: normal; font-variant: normal; font-weight: 400; text-decoration: none; vertical-align: baseline; list-style-type: decimal; background-color: transparent\">\n<p dir=\"ltr\" style=\"line-height: 1.38; margin-top: 0pt; margin-bottom: 0pt\"><span style=\"color: #000000; font-family: Verdana; font-size: 13.33px; font-style: normal; font-variant: normal; font-weight: 400; text-decoration: none; vertical-align: baseline; background-color: transparent\">W ten\u017ce poniedzia\u0142ek, wieczorem Wiadomo\u015bci pokaza\u0142y relacj\u0119 red. Leszka Krawczyka z demonstracji pod niemieckim konsulatem, w kt\u00f3rej dziennikarz przeprowadzi\u0142 kr\u00f3tk\u0105 rozmow\u0119 ze mn\u0105, jako organizatorem demonstracji.<\/span><\/p>\n<\/li>\n<li dir=\"ltr\" style=\"color: #000000; font-family: Verdana; font-size: 13.33px; font-style: normal; font-variant: normal; font-weight: 400; text-decoration: none; vertical-align: baseline; list-style-type: decimal; background-color: transparent\">\n<p dir=\"ltr\" style=\"line-height: 1.38; margin-top: 0pt; margin-bottom: 0pt\"><span style=\"color: #000000; font-family: Verdana; font-size: 13.33px; font-style: normal; font-variant: normal; font-weight: 400; text-decoration: none; vertical-align: baseline; background-color: transparent\">We wtorek w nocy przeczytali\u015bmy na gazetapolskacodziennie.pl, \u017ce Kluby Gazety Polskiej wystosowa\u0142y do prezesa Telewizji, Jacka Kurskiego ostry protest przeciwko pokazywaniu w Wiadomo\u015bciach \u201cosoby\u201d (to o mnie), kt\u00f3ra bezpodstawnie podawa\u0142a si\u0119 za organizatora demonstracji. Podpisane przez Ryszarda Kapu\u015bci\u0144skiego. Teraz nie wiem, czy to czwarta twarz Rosowskiego, czy drugie twarze Tomasza Sakiewicza i Ryszarda Kapu\u015bci\u0144skiego, niegdy\u015b moich serdecznych koleg\u00f3w, nie mog\u0105cych si\u0119 mnie nachwali\u0107 za powo\u0142anie do \u017cycia Klubu Gazety Polskiej, tu\u017c po katastrofie smole\u0144skiej. Nastawienie do mnie zmieni\u0142o si\u0119 diametralnie, gdy stan\u0105\u0142em w obronie Klubu GP w Filadelfii. (bardzo d\u0142uga historia, ale obna\u017caj\u0105ca charaktery niekt\u00f3rych dzia\u0142aczy \u201dprawicowych\u201d, nie myli\u0107 z prawymi). A\u017c dosz\u0142o do oddania przez m\u00f3j klub loga GP i samorozwi\u0105zania. Oczywi\u015bcie twarze Rosowskiego i Sakiewicza m\u00f3wi\u0142y, \u017ce to oni rozwi\u0105zali klub.<\/span><\/p>\n<\/li>\n<\/ol>\n<p dir=\"ltr\" style=\"line-height: 1.38; margin-top: 0pt; margin-bottom: 0pt\"><span style=\"color: #000000; font-family: Verdana; font-size: 13.33px; font-style: normal; font-variant: normal; font-weight: 400; text-decoration: none; vertical-align: baseline; background-color: transparent\">Kluby w Polsce same nie wpad\u0142y na pomys\u0142 protestu. Jestem tego pewien, wi\u0119c we wtorek zadzwoni\u0142em do R. Kapu\u015bci\u0144skiego, z pytaniem, po co si\u0119 wyg\u0142upia, a on oznajmi\u0142 mi, \u017ce wcale nie chodzi\u0142o o mnie, tylko o jakie\u015b ustalenia z telewizj\u0105, \u017ce b\u0119dzie ona pokazywa\u0107 demonstracj\u0119 Klubu GP. <\/span><span style=\"color: #000000; font-family: Verdana; font-size: 13.33px; font-style: italic; font-variant: normal; font-weight: 400; text-decoration: none; vertical-align: baseline; background-color: transparent\">\u201cCiebie mogli pokazywa\u0107, ile chcieli, ale dlaczego nie pokazali tamtej demonstracji?\u201d<\/span><\/p>\n<p dir=\"ltr\" style=\"line-height: 1.38; margin-top: 0pt; margin-bottom: 0pt\"><span style=\"color: #000000; font-family: Verdana; font-size: 13.33px; font-style: normal; font-variant: normal; font-weight: 400; text-decoration: none; vertical-align: baseline; background-color: transparent\">-O, tak? To dlaczego protestujecie przeciwko <\/span><span style=\"color: #000000; font-family: Verdana; font-size: 13.33px; font-style: italic; font-variant: normal; font-weight: 400; text-decoration: none; vertical-align: baseline; background-color: transparent\">\u201cosobie, kt\u00f3ra podawa\u0142a si\u0119 za organizatora\u201d? <\/span><\/p>\n<p dir=\"ltr\" style=\"line-height: 1.38; margin-top: 0pt; margin-bottom: 0pt\"><span style=\"color: #000000; font-family: Verdana; font-size: 13.33px; font-style: normal; font-variant: normal; font-weight: 400; text-decoration: none; vertical-align: baseline; background-color: transparent\">To pytanie pozosta\u0142o jednak bez odpowiedzi.<\/span><\/p>\n<p dir=\"ltr\" style=\"line-height: 1.38; margin-top: 0pt; margin-bottom: 0pt\"><span style=\"color: #000000; font-family: Verdana; font-size: 13.33px; font-style: normal; font-variant: normal; font-weight: 400; text-decoration: none; vertical-align: baseline; background-color: transparent\">Chc\u0119 zwr\u00f3ci\u0107 Tomaszowi Sakiewiczowi uwag\u0119, \u017ce otrzymuj\u0119 ostatnio coraz wi\u0119cej telefon\u00f3w z pytaniem, czy mo\u017cna zwr\u00f3ci\u0107 Kart\u0119 TV Republika, bo nie da si\u0119 ogl\u0105da\u0107. Kiedy\u015b by\u0142y to argumenty o niepolskim akcentowaniu s\u0142\u00f3w (niewiele si\u0119 zmieni\u0142o), dzi\u015b argumenty dotycz\u0105 bezustannego pokazywania Petru i ludzi z PO. A oto cytat z dzisiejszego maila, jaki otrzyma\u0142em z Polski: <\/span><span style=\"color: #000000; font-family: Verdana; font-size: 13.33px; font-style: italic; font-variant: normal; font-weight: 400; text-decoration: none; vertical-align: baseline; background-color: transparent\">\u201cPisalem tez, ze teraz jeste\u015b zaj\u0119ty organizacja demonstracji, a miales sie zaczac oszczedzac, ale nie doczeka\u0142em si\u0119 odpowiedzi. \u00a0Z F-B dowiedzia\u0142em si\u0119 jak poszlo, Wiadomosci nie ogl\u0105dam (stare nawyki, ale teraz po zmianach b\u0119dzie trzeba) Ogladalem Republike, ale zapraszaj\u0105 szczujnie z PO i od Petru. Nie da si\u0119 sluchac i ogladac bez nerwow.\u201d<\/span><\/p>\n<p><\/strong><strong style=\"font-weight: normal\"><span style=\"color: #000000; font-family: Verdana; font-size: 13.33px; font-style: normal; font-variant: normal; font-weight: 400; text-decoration: none; vertical-align: baseline; background-color: transparent\">Pozostawiam bez komentarza.<\/span><br \/>\n<\/strong><\/p>\n","protected":false},"excerpt":{"rendered":"<p>No, c\u00f3\u017c, nie mo\u017cna ich nazwa\u0107 inaczej. Panowie Schetyna, Petru, Lewandowski i im podobni, w tym niestety m\u00f3j dawny kolega Jan Olbrycht, s\u0105 po prostu zdrajcami. Jest takie stare powiedzenie: \u201cna matk\u0119 i ojczyzn\u0119 si\u0119 nie donosi\u201d. Donie\u015bli. Europa sp\u0142uka\u0142a im ich zdradzieckie, fa\u0142szywe \u0142by, ale pozostaje pytanie: co oni jeszcze robi\u0105 w Polsce? Powinni [&hellip;]<\/p>\n","protected":false},"author":2,"featured_media":0,"comment_status":"open","ping_status":"open","sticky":false,"template":"","format":"standard","meta":[],"categories":[4],"tags":[],"_links":{"self":[{"href":"https:\/\/sporek.com\/blog\/index.php?rest_route=\/wp\/v2\/posts\/524"}],"collection":[{"href":"https:\/\/sporek.com\/blog\/index.php?rest_route=\/wp\/v2\/posts"}],"about":[{"href":"https:\/\/sporek.com\/blog\/index.php?rest_route=\/wp\/v2\/types\/post"}],"author":[{"embeddable":true,"href":"https:\/\/sporek.com\/blog\/index.php?rest_route=\/wp\/v2\/users\/2"}],"replies":[{"embeddable":true,"href":"https:\/\/sporek.com\/blog\/index.php?rest_route=%2Fwp%2Fv2%2Fcomments&post=524"}],"version-history":[{"count":0,"href":"https:\/\/sporek.com\/blog\/index.php?rest_route=\/wp\/v2\/posts\/524\/revisions"}],"wp:attachment":[{"href":"https:\/\/sporek.com\/blog\/index.php?rest_route=%2Fwp%2Fv2%2Fmedia&parent=524"}],"wp:term":[{"taxonomy":"category","embeddable":true,"href":"https:\/\/sporek.com\/blog\/index.php?rest_route=%2Fwp%2Fv2%2Fcategories&post=524"},{"taxonomy":"post_tag","embeddable":true,"href":"https:\/\/sporek.com\/blog\/index.php?rest_route=%2Fwp%2Fv2%2Ftags&post=524"}],"curies":[{"name":"wp","href":"https:\/\/api.w.org\/{rel}","templated":true}]}}