{"id":525,"date":"2016-02-05T00:32:42","date_gmt":"2016-02-05T04:32:42","guid":{"rendered":"http:\/\/sporek.com\/blog\/?p=525"},"modified":"2016-02-05T00:33:30","modified_gmt":"2016-02-05T04:33:30","slug":"smieszne-glupie-i-zalosne","status":"publish","type":"post","link":"https:\/\/sporek.com\/blog\/?p=525","title":{"rendered":"\u015amieszne, g\u0142upie i \u017ca\u0142osne"},"content":{"rendered":"<p><strong style=\"font-weight: normal\"><\/p>\n<p dir=\"ltr\" style=\"line-height: 1.38; margin-top: 0pt; margin-bottom: 0pt\" id=\"docs-internal-guid-5eb2947b-afaa-2b7a-7cb4-a7da4939f492\"><span style=\"color: #000000; font-family: Verdana; font-size: 13.33px; font-style: normal; font-variant: normal; font-weight: 400; text-decoration: none; vertical-align: baseline; background-color: transparent\">Opozycja w Polsce si\u0119ga szczyt\u00f3w g\u0142upoty. Komentarze polityk\u00f3w PO i innych frakcji (Nowoczesna, na ten przyk\u0142ad) daj\u0105 popis absolutnej indolencji politycznej. Oczywi\u015bcie wszystko podyktowane jest w\u015bciek\u0142o\u015bci\u0105, z powodu przegranych wybor\u00f3w, ale, \u017ceby a\u017c tak odbiera\u0142o to rozum, to naprawd\u0119 trudne do wyt\u0142umaczenia. <!--more-->Oto s\u0142ucham komentarzy oceniaj\u0105cych europejsk\u0105 \u201ceskapad\u0119\u201d premier Szyd\u0142o. Decyzja ze wszech miar s\u0142uszna: je\u017adzi\u0107, rozmawia\u0107, budowa\u0107 dobre relacje. Ogl\u0105dam \u00a0sprawozdania z tych wizyt i nie zauwa\u017cam ani jednego m\u0119\u017ca stanu obcego pa\u0144stwa, w kt\u00f3rym na dzie\u0144, czy dwa zago\u015bci\u0142a nasza pani Premier, kt\u00f3ry pyta\u0142by pani\u0105 Szyd\u0142o: \u201cCo\u015bcie to porobili z tym trybuna\u0142em stanu?\u201d, albo, \u201cDlaczego zwalniacie ludzi z medi\u00f3w?\u201d. I zaraz telewizornia, zw\u0142aszcza ta \u201cniezale\u017cna\u201d, Republika wrzuca na ekran jakiego\u015b m\u0105dral\u0119 z PO, kt\u00f3ry dostaje wytrysku intelektualnego i m\u00f3wi, <\/span><span style=\"color: #000000; font-family: Verdana; font-size: 13.33px; font-style: italic; font-variant: normal; font-weight: 400; text-decoration: none; vertical-align: baseline; background-color: transparent\">\u017ce je\u017adzi\u0107, to jeszcze nie wszystko, bo pani Szyd\u0142o omija takie tematy, jak trybuna\u0142, jak czystki w mediach<\/span><span style=\"color: #000000; font-family: Verdana; font-size: 13.33px; font-style: normal; font-variant: normal; font-weight: 400; text-decoration: none; vertical-align: baseline; background-color: transparent\">, i tym podobne bzdury.<\/span><\/p>\n<p dir=\"ltr\" style=\"line-height: 1.38; margin-top: 0pt; margin-bottom: 0pt\"><span style=\"color: #000000; font-family: Verdana; font-size: 13.33px; font-style: normal; font-variant: normal; font-weight: 400; text-decoration: none; vertical-align: baseline; background-color: transparent\">Czy kto\u015b kiedy\u015b s\u0142ysza\u0142, \u017ceby Obama gdzie\u015b pojecha\u0142 i dyskutowa\u0142 we Francji, Niemczech, Anglii o problemach wewn\u0119trznych USA? Czy kto\u015b kiedy\u015b s\u0142ysza\u0142 jakiego\u015b innego przyw\u00f3dc\u0119, aby roztrz\u0105sa\u0142 sprawy swojego kraju podczas wizyty w innym kraju? Ta zgraja zdrajc\u00f3w ju\u017c nawet bardzo chcia\u0142aby, aby rz\u0105dz\u0105cy mowili ich g\u0142osem. Kiedy widzia\u0142em Schetyn\u0119 umizguj\u0105cego si\u0119 do absolwenta si\u00f3dmej klasy, Schulza, naprawd\u0119 zbiera\u0142o mi si\u0119 na wymioty. Ci ludzie powinni by\u0107 raz na zawsze usuni\u0119ci z kr\u0119g\u00f3w politycznych.<\/span><\/p>\n<p dir=\"ltr\" style=\"line-height: 1.38; margin-top: 0pt; margin-bottom: 0pt\"><span style=\"color: #000000; font-family: Verdana; font-size: 13.33px; font-style: normal; font-variant: normal; font-weight: 400; text-decoration: none; vertical-align: baseline; background-color: transparent\">Szczyty, Himalaje b\u0142yskotliwo\u015bci pos\u0142owie PO osi\u0105gn\u0119li natomiast podczas sejmowej debaty o Mieszku I, o 1050-ej rocznicy Chrztu Polski. Oto \u017cona by\u0142ego szefa Ministerstwa Kultury i Dziedzictwa Narodowego, Barbara Zdrojewska zakomunikowa\u0142a wszem i wobec, \u017ce \u201cMieszko I pali\u0142, gwa\u0142ci\u0142 i rabowa\u0142 i \u017caden z niego katolik\u201d. No, szkoda, \u017ce nie doda\u0142a, i\u017c zna\u0142a go osobi\u015bcie, mo\u017ce kto\u015b by si\u0119 zastanowi\u0142, czy babsko nie ma racji. W\u0142adca, kt\u00f3rego najwi\u0119kszym repektem darzyli w\u0142adcy ca\u0142ej Europy, kt\u00f3ry zagwarantowa\u0142 swojemu pa\u0144stwu i swojemu Narodowi bezpiecze\u0144stwo i na tysi\u0105clecia ustanowi\u0142 ten Nar\u00f3d Chrze\u015bcija\u0144skim, zostaje podsumowany, jako przest\u0119pca, bandyta prawie, bo pani Basia sk\u0105de\u015b tam zaczerpn\u0119\u0142a jakowe\u015b dziwne informacje. Wi\u0119c do\u0142\u00f3\u017cmy mu jeszcze, pani Basiu: by\u0142 peda\u0142em, pedofilem, przerywa\u0142 ci\u0105\u017ce i wprowadza\u0142 in vitro, \u00a0a przede wszystkim by\u0142 kobiet\u0105 z du\u017cymi cyckami i okropnie brzydk\u0105 g\u0119b\u0105. Brawo pani ministrowa!<\/span><\/p>\n<p dir=\"ltr\" style=\"line-height: 1.38; margin-top: 0pt; margin-bottom: 0pt\"><span style=\"color: #000000; font-family: Verdana; font-size: 13.33px; font-style: normal; font-variant: normal; font-weight: 400; text-decoration: none; vertical-align: baseline; background-color: transparent\">By\u0142 \u201cBul\u201d, by\u0142a \u201cnadziejia\u201d i inne popisy cz\u0142owieka pe\u0142ni\u0105cego obowi\u0105zki prezydenta, by\u0142o \u201cw Bydgoszczu\u201d, lorda Rostowskiego, a teraz mamy \u201csze\u015bciu kr\u00f3li\u201d, wed\u0142ug specjalisty od po\u017cyczek frankowych, kt\u00f3ry do Kukiza m\u00f3wi \u201cpanie Kukizie\u201d, czyli pana Petru\u2026, a mo\u017ce Petrusa\u2026? No, i mamy Mieszka, przest\u0119pc\u0119. Opozycja nie jest, ani \u015bmieszna, ani weso\u0142a, jest \u017cenuj\u0105co g\u0142upia; z\u0142o\u015b\u0107, w\u015bciek\u0142o\u015b\u0107, rozczarowanie decyzj\u0105 wyborcz\u0105 Polak\u00f3w odbiera jej rozum. To mo\u017ce niech ju\u017c jej odbierze na amen. <\/span><\/p>\n<p><\/strong><\/p>\n","protected":false},"excerpt":{"rendered":"<p>Opozycja w Polsce si\u0119ga szczyt\u00f3w g\u0142upoty. Komentarze polityk\u00f3w PO i innych frakcji (Nowoczesna, na ten przyk\u0142ad) daj\u0105 popis absolutnej indolencji politycznej. Oczywi\u015bcie wszystko podyktowane jest w\u015bciek\u0142o\u015bci\u0105, z powodu przegranych wybor\u00f3w, ale, \u017ceby a\u017c tak odbiera\u0142o to rozum, to naprawd\u0119 trudne do wyt\u0142umaczenia.<\/p>\n","protected":false},"author":2,"featured_media":0,"comment_status":"open","ping_status":"open","sticky":false,"template":"","format":"standard","meta":[],"categories":[4],"tags":[],"_links":{"self":[{"href":"https:\/\/sporek.com\/blog\/index.php?rest_route=\/wp\/v2\/posts\/525"}],"collection":[{"href":"https:\/\/sporek.com\/blog\/index.php?rest_route=\/wp\/v2\/posts"}],"about":[{"href":"https:\/\/sporek.com\/blog\/index.php?rest_route=\/wp\/v2\/types\/post"}],"author":[{"embeddable":true,"href":"https:\/\/sporek.com\/blog\/index.php?rest_route=\/wp\/v2\/users\/2"}],"replies":[{"embeddable":true,"href":"https:\/\/sporek.com\/blog\/index.php?rest_route=%2Fwp%2Fv2%2Fcomments&post=525"}],"version-history":[{"count":0,"href":"https:\/\/sporek.com\/blog\/index.php?rest_route=\/wp\/v2\/posts\/525\/revisions"}],"wp:attachment":[{"href":"https:\/\/sporek.com\/blog\/index.php?rest_route=%2Fwp%2Fv2%2Fmedia&parent=525"}],"wp:term":[{"taxonomy":"category","embeddable":true,"href":"https:\/\/sporek.com\/blog\/index.php?rest_route=%2Fwp%2Fv2%2Fcategories&post=525"},{"taxonomy":"post_tag","embeddable":true,"href":"https:\/\/sporek.com\/blog\/index.php?rest_route=%2Fwp%2Fv2%2Ftags&post=525"}],"curies":[{"name":"wp","href":"https:\/\/api.w.org\/{rel}","templated":true}]}}