{"id":526,"date":"2016-02-06T23:13:21","date_gmt":"2016-02-07T03:13:21","guid":{"rendered":"http:\/\/sporek.com\/blog\/?p=526"},"modified":"2016-02-06T23:16:40","modified_gmt":"2016-02-07T03:16:40","slug":"czekali-8-lat%e2%80%a6","status":"publish","type":"post","link":"https:\/\/sporek.com\/blog\/?p=526","title":{"rendered":"Czekali 8 lat\u2026,"},"content":{"rendered":"<p><strong style=\"font-weight: normal\"><span style=\"color: #000000; font-family: Verdana; font-size: 13.33px; font-style: normal; font-variant: normal; font-weight: 400; text-decoration: none; vertical-align: baseline; background-color: transparent\"><\/span><\/strong><span style=\"color: #000000; font-family: Verdana; font-size: 13.33px; font-style: normal; font-variant: normal; font-weight: 400; text-decoration: none; vertical-align: baseline; background-color: transparent\">\u017ceby na jednej konferencji prasowej zrobi\u0107 z siebie idiot\u00f3w. <!--more-->Schetyna, Kidawa-B\u0142o\u0144ska i Neuman wyst\u0105pili, jako reprezentanci PO na zorganizowanej przez siebie konferencji prasowej i ju\u017c w pierwszych minutach zrobili z siebie kompletnie niekumatych, nieprofesjonalnych tzw. \u201cpolityk\u00f3w\u201d. Groteska, jakiej nie widzia\u0142em ju\u017c dawno. Konferencja po\u015bwi\u0119cona by\u0142a rzekomemu <\/span><span style=\"color: #000000; font-family: Verdana; font-size: 13.33px; font-style: italic; font-variant: normal; font-weight: 400; text-decoration: none; vertical-align: baseline; background-color: transparent\">\u201cprzest\u0119pstwu wyborczemu<\/span><span style=\"color: #000000; font-family: Verdana; font-size: 13.33px; font-style: normal; font-variant: normal; font-weight: 400; text-decoration: none; vertical-align: baseline; background-color: transparent\">\u201d, pope\u0142nionemu przez PiS, a polegaj\u0105cemu na obietnicy 500 zl na dziecko. Konferencja mia\u0142a has\u0142o przewodnie: \u201cPrezentujemy uczciwy, sprawiedliwy, odpowiedzialny projekt\u201d<\/span><\/p>\n<p><strong style=\"font-weight: normal\"><strong style=\"font-weight: normal\"><\/p>\n<p dir=\"ltr\" style=\"line-height: 1.44; margin-top: 0pt; margin-bottom: 0pt\"><span style=\"color: #000000; font-family: Verdana; font-size: 13.33px; font-style: normal; font-variant: normal; font-weight: 400; text-decoration: none; vertical-align: baseline; background-color: transparent\">Okaza\u0142o si\u0119, \u017ce oni od kilku lat (tak dos\u0142ownie powiedzia\u0142 Neuman, pokazuj\u0105c jakie\u015b zapiski), pracowali nad ustaw\u0105 dot. pomocy rodzinom utrzymuj\u0105cym dzieci. Nie powiedzia\u0142 by\u0142 Neuman od ilu lat, ale ja mam tutaj do\u015b\u0107 druzgoc\u0105ce dane. Oto, jak kszta\u0142towa\u0142 si\u0119 zasi\u0142ek rodzinny pod rz\u0105dami koalicji PO\/PSL:<\/span><\/p>\n<p dir=\"ltr\" style=\"line-height: 1.44; margin-top: 0pt; margin-bottom: 0pt\"><span style=\"color: #000000; font-family: Verdana; font-size: 13.33px; font-style: normal; font-variant: normal; font-weight: 400; text-decoration: none; vertical-align: baseline; background-color: transparent\">Z opracowa\u0144 Min. Pracy i PS:<\/span><\/p>\n<p dir=\"ltr\" style=\"line-height: 1.44; margin-top: 0pt; margin-bottom: 0pt\"><span style=\"color: #000000; font-family: Verdana; font-size: 13.33px; font-style: normal; font-variant: normal; font-weight: 400; text-decoration: none; vertical-align: baseline; background-color: transparent\">\u00a0\u00a0\u00a0 <\/span><span style=\"color: #000000; font-family: Verdana; font-size: 13.33px; font-style: normal; font-variant: normal; font-weight: 400; text-decoration: none; vertical-align: baseline; background-color: transparent\">\u00a0\u00a0\u00a0 <\/span><span style=\"color: #000000; font-family: Verdana; font-size: 13.33px; font-style: normal; font-variant: normal; font-weight: 400; text-decoration: none; vertical-align: baseline; background-color: transparent\">\u00a0\u00a0\u00a0 <\/span><span style=\"color: #000000; font-family: Verdana; font-size: 13.33px; font-style: normal; font-variant: normal; font-weight: 400; text-decoration: none; vertical-align: baseline; background-color: transparent\">\u00a0\u00a0\u00a0\u00a0\u00a0\u00a0\u00a0\u00a0\u00a0\u00a0\u00a0\u00a0\u00a0\u00a0\u00a0\u00a0\u00a0\u00a0\u00a0\u00a0\u00a0\u00a0\u00a0\u00a0\u00a0\u00a0\u00a0 \u00a0\u00a0<\/span><span style=\"color: #000000; font-family: Verdana; font-size: 13.33px; font-style: normal; font-variant: normal; font-weight: 700; text-decoration: none; vertical-align: baseline; background-color: transparent\">2007<\/span><span style=\"color: #000000; font-family: Verdana; font-size: 13.33px; font-style: normal; font-variant: normal; font-weight: 700; text-decoration: none; vertical-align: baseline; background-color: transparent\">\u00a0\u00a0\u00a0 <\/span><span style=\"color: #000000; font-family: Verdana; font-size: 13.33px; font-style: normal; font-variant: normal; font-weight: 700; text-decoration: none; vertical-align: baseline; background-color: transparent\">\u00a0\u00a0\u00a0 <\/span><span style=\"color: #000000; font-family: Verdana; font-size: 13.33px; font-style: normal; font-variant: normal; font-weight: 700; text-decoration: none; vertical-align: baseline; background-color: transparent\">\u00a0\u00a0\u00a0 <\/span><span style=\"color: #000000; font-family: Verdana; font-size: 13.33px; font-style: normal; font-variant: normal; font-weight: 700; text-decoration: none; vertical-align: baseline; background-color: transparent\">2014<\/span><\/p>\n<p dir=\"ltr\" style=\"line-height: 1.44; margin-top: 0pt; margin-bottom: 0pt\"><span style=\"color: #000000; font-family: Verdana; font-size: 13.33px; font-style: normal; font-variant: normal; font-weight: 400; text-decoration: none; vertical-align: baseline; background-color: transparent\">Dzieci 0 &#8211; 5 lat \u00a0\u00a0\u00a0\u00a0\u00a0\u00a0\u00a0\u00a0\u00a0<\/span><span style=\"color: #000000; font-family: Verdana; font-size: 13.33px; font-style: normal; font-variant: normal; font-weight: 400; text-decoration: none; vertical-align: baseline; background-color: transparent\">\u00a0\u00a0\u00a0\u00a0\u00a0\u00a0\u00a0\u00a0\u00a0 \u00a0<\/span><span style=\"color: #000000; font-family: Verdana; font-size: 13.33px; font-style: normal; font-variant: normal; font-weight: 400; text-decoration: none; vertical-align: baseline; background-color: transparent\">45z\u0142<\/span><span style=\"color: #000000; font-family: Verdana; font-size: 13.33px; font-style: normal; font-variant: normal; font-weight: 400; text-decoration: none; vertical-align: baseline; background-color: transparent\">\u00a0\u00a0\u00a0 <\/span><span style=\"color: #000000; font-family: Verdana; font-size: 13.33px; font-style: normal; font-variant: normal; font-weight: 400; text-decoration: none; vertical-align: baseline; background-color: transparent\">\u00a0\u00a0\u00a0 <\/span><span style=\"color: #000000; font-family: Verdana; font-size: 13.33px; font-style: normal; font-variant: normal; font-weight: 400; text-decoration: none; vertical-align: baseline; background-color: transparent\">\u00a0\u00a0\u00a0\u00a0\u00a0 <\/span><span style=\"color: #000000; font-family: Verdana; font-size: 13.33px; font-style: normal; font-variant: normal; font-weight: 400; text-decoration: none; vertical-align: baseline; background-color: transparent\">77z\u0142<\/span><\/p>\n<p dir=\"ltr\" style=\"line-height: 1.44; margin-top: 0pt; margin-bottom: 0pt\"><span style=\"color: #000000; font-family: Verdana; font-size: 13.33px; font-style: normal; font-variant: normal; font-weight: 400; text-decoration: none; vertical-align: baseline; background-color: transparent\">Dzieci 6 &#8211; 18 lat<\/span><span style=\"color: #000000; font-family: Verdana; font-size: 13.33px; font-style: normal; font-variant: normal; font-weight: 400; text-decoration: none; vertical-align: baseline; background-color: transparent\">\u00a0\u00a0\u00a0 <\/span><span style=\"color: #000000; font-family: Verdana; font-size: 13.33px; font-style: normal; font-variant: normal; font-weight: 400; text-decoration: none; vertical-align: baseline; background-color: transparent\">\u00a0\u00a0\u00a0\u00a0\u00a0\u00a0\u00a0\u00a0\u00a0\u00a0\u00a0\u00a0 \u00a0\u00a0<\/span><span style=\"color: #000000; font-family: Verdana; font-size: 13.33px; font-style: normal; font-variant: normal; font-weight: 400; text-decoration: none; vertical-align: baseline; background-color: transparent\">64z\u0142<\/span><span style=\"color: #000000; font-family: Verdana; font-size: 13.33px; font-style: normal; font-variant: normal; font-weight: 400; text-decoration: none; vertical-align: baseline; background-color: transparent\">\u00a0\u00a0\u00a0\u00a0<\/span><span style=\"color: #000000; font-family: Verdana; font-size: 13.33px; font-style: normal; font-variant: normal; font-weight: 400; text-decoration: none; vertical-align: baseline; background-color: transparent\">\u00a0\u00a0\u00a0\u00a0<\/span><span style=\"color: #000000; font-family: Verdana; font-size: 13.33px; font-style: normal; font-variant: normal; font-weight: 400; text-decoration: none; vertical-align: baseline; background-color: transparent\">\u00a0\u00a0\u00a0\u00a0\u00a0\u00a0<\/span><span style=\"color: #000000; font-family: Verdana; font-size: 13.33px; font-style: normal; font-variant: normal; font-weight: 400; text-decoration: none; vertical-align: baseline; background-color: transparent\">106z\u0142<\/span><\/p>\n<p dir=\"ltr\" style=\"line-height: 1.44; margin-top: 0pt; margin-bottom: 0pt\"><span style=\"color: #000000; font-family: Verdana; font-size: 13.33px; font-style: normal; font-variant: normal; font-weight: 400; text-decoration: none; vertical-align: baseline; background-color: transparent\">Dzieci 19 &#8211; 24 lata\u00a0\u00a0\u00a0\u00a0\u00a0\u00a0\u00a0\u00a0\u00a0\u00a0\u00a0\u00a0 \u00a0\u00a0\u00a068z\u0142<\/span><span style=\"color: #000000; font-family: Verdana; font-size: 13.33px; font-style: normal; font-variant: normal; font-weight: 400; text-decoration: none; vertical-align: baseline; background-color: transparent\">\u00a0\u00a0\u00a0 <\/span><span style=\"color: #000000; font-family: Verdana; font-size: 13.33px; font-style: normal; font-variant: normal; font-weight: 400; text-decoration: none; vertical-align: baseline; background-color: transparent\">\u00a0\u00a0\u00a0 <\/span><span style=\"color: #000000; font-family: Verdana; font-size: 13.33px; font-style: normal; font-variant: normal; font-weight: 400; text-decoration: none; vertical-align: baseline; background-color: transparent\">\u00a0\u00a0\u00a0\u00a0 \u00a0<\/span><span style=\"color: #000000; font-family: Verdana; font-size: 13.33px; font-style: normal; font-variant: normal; font-weight: 400; text-decoration: none; vertical-align: baseline; background-color: transparent\">115z\u0142<\/span><\/p>\n<p dir=\"ltr\" style=\"line-height: 1.44; margin-top: 0pt; margin-bottom: 0pt\"><span style=\"color: #000000; font-family: Verdana; font-size: 13.33px; font-style: normal; font-variant: normal; font-weight: 400; text-decoration: none; vertical-align: baseline; background-color: transparent\">Pr\u00f3g dochodowy: \u00a0\u00a0\u00a0\u00a0\u00a0\u00a0\u00a0\u00a0\u00a0\u00a0\u00a0\u00a0 \u00a0\u00a0\u00a0504z\u0142\u00a0\u00a0\u00a0\u00a0\u00a0\u00a0\u00a0\u00a0\u00a0\u00a0\u00a0\u00a0\u00a0574z\u0142<\/span><\/p>\n<p dir=\"ltr\" style=\"line-height: 1.44; margin-top: 0pt; margin-bottom: 0pt\"><span style=\"color: #000000; font-family: Verdana; font-size: 13.33px; font-style: normal; font-variant: normal; font-weight: 400; text-decoration: none; vertical-align: baseline; background-color: transparent\">Najni\u017csza p\u0142aca:<\/span><span style=\"color: #000000; font-family: Verdana; font-size: 13.33px; font-style: normal; font-variant: normal; font-weight: 400; text-decoration: none; vertical-align: baseline; background-color: transparent\">\u00a0\u00a0\u00a0\u00a0<\/span><span style=\"color: #000000; font-family: Verdana; font-size: 13.33px; font-style: normal; font-variant: normal; font-weight: 400; text-decoration: none; vertical-align: baseline; background-color: transparent\">\u00a0\u00a0\u00a0\u00a0\u00a0\u00a0\u00a0\u00a0\u00a0\u00a0 \u00a0\u00a0 \u00a0<\/span><span style=\"color: #000000; font-family: Verdana; font-size: 13.33px; font-style: normal; font-variant: normal; font-weight: 400; text-decoration: none; vertical-align: baseline; background-color: transparent\">936\u00a0\u00a0\u00a0\u00a0\u00a0\u00a0\u00a0\u00a0\u00a0<\/span><span style=\"color: #000000; font-family: Verdana; font-size: 13.33px; font-style: normal; font-variant: normal; font-weight: 400; text-decoration: none; vertical-align: baseline; background-color: transparent\">\u00a0\u00a0\u00a0<\/span><span style=\"color: #000000; font-family: Verdana; font-size: 13.33px; font-style: normal; font-variant: normal; font-weight: 400; text-decoration: none; vertical-align: baseline; background-color: transparent\">\u00a0\u00a0\u00a01680<\/span><\/p>\n<p dir=\"ltr\" style=\"line-height: 1.44; margin-top: 0pt; margin-bottom: 0pt\"><span style=\"color: #000000; font-family: Verdana; font-size: 13.33px; font-style: normal; font-variant: normal; font-weight: 400; text-decoration: none; vertical-align: baseline; background-color: transparent\">Liczba rodzin korzystaj\u0105cych<\/span><\/p>\n<p dir=\"ltr\" style=\"line-height: 1.44; margin-top: 0pt; margin-bottom: 0pt\"><span style=\"color: #000000; font-family: Verdana; font-size: 13.33px; font-style: normal; font-variant: normal; font-weight: 400; text-decoration: none; vertical-align: baseline; background-color: transparent\">ze \u015bwiadcze\u0144: \u00a0\u00a0\u00a0\u00a0\u00a0\u00a0\u00a0\u00a0\u00a0\u00a0\u00a0\u00a0\u00a0\u00a0\u00a0\u00a0\u00a0\u00a0 \u00a0\u00a04,266mln \u00a0\u00a0\u00a0\u00a01,887mln<\/span><\/p>\n<p dir=\"ltr\" style=\"line-height: 1.44; margin-top: 0pt; margin-bottom: 0pt\"><span style=\"color: #000000; font-family: Verdana; font-size: 13.33px; font-style: normal; font-variant: normal; font-weight: 400; text-decoration: none; vertical-align: baseline; background-color: transparent\">Zatem kwota \u015bwiadczenia, to mniej wi\u0119cej 100z\u0142; coroczna weryfikacja uprawnionych, zamro\u017cony pr\u00f3g dochodowy, a w efekcie zmniejszenie liczby rodzin uprawnionych o oko\u0142o 56%.<\/span><\/p>\n<p dir=\"ltr\" style=\"line-height: 1.44; margin-top: 0pt; margin-bottom: 0pt\"><span style=\"color: #000000; font-family: Verdana; font-size: 13.33px; font-style: normal; font-variant: normal; font-weight: 400; text-decoration: none; vertical-align: baseline; background-color: transparent\">A oto, co faktycznie prominentni pos\u0142owie PO my\u015bleli i m\u00f3wili na temat g\u0142odnych dzieci:<\/span><\/p>\n<p dir=\"ltr\" style=\"line-height: 1.44; margin-top: 0pt; margin-bottom: 0pt\"><span style=\"color: #000000; font-family: Verdana; font-size: 13.33px; font-style: normal; font-variant: normal; font-weight: 400; text-decoration: none; vertical-align: baseline; background-color: transparent\">Niesio\u0142owski:<\/span><span style=\"color: #000000; font-family: Verdana; font-size: 13.33px; font-style: italic; font-variant: normal; font-weight: 400; text-decoration: none; vertical-align: baseline; background-color: transparent\">Je\u015bli s\u0105 g\u0142odne, niech jedz\u0105 szczaw z nasypu kolejowego<\/span><\/p>\n<p dir=\"ltr\" style=\"line-height: 1.44; margin-top: 0pt; margin-bottom: 0pt\"><span style=\"color: #000000; font-family: Verdana; font-size: 13.33px; font-style: normal; font-variant: normal; font-weight: 400; text-decoration: none; vertical-align: baseline; background-color: transparent\">Mucha, o starszych ludziach: <\/span><span style=\"color: #000000; font-family: Verdana; font-size: 13.33px; font-style: italic; font-variant: normal; font-weight: 400; text-decoration: none; vertical-align: baseline; background-color: transparent\">Starsi ludzie, to k\u0142opot, bo chodz\u0105 do lekarza dla rozrywki.<\/span><\/p>\n<p dir=\"ltr\" style=\"line-height: 1.44; margin-top: 0pt; margin-bottom: 0pt\"><span style=\"color: #000000; font-family: Verdana; font-size: 13.33px; font-style: normal; font-variant: normal; font-weight: 400; text-decoration: none; vertical-align: baseline; background-color: transparent\">Pitera:<\/span><span style=\"color: #000000; font-family: Verdana; font-size: 13.33px; font-style: italic; font-variant: normal; font-weight: 400; text-decoration: none; vertical-align: baseline; background-color: transparent\"> Dzieci wychodz\u0105 bez \u015bniadania do szko\u0142y, bo w Polsce nie istnieje kultura jedzenia \u015bniada\u0144.<\/span><\/p>\n<p dir=\"ltr\" style=\"line-height: 1.44; margin-top: 0pt; margin-bottom: 0pt\"><span style=\"color: #000000; font-family: Verdana; font-size: 13.33px; font-style: normal; font-variant: normal; font-weight: 400; text-decoration: none; vertical-align: baseline; background-color: transparent\">Wspomnie\u0107 wypada, \u017ce za czas\u00f3w mi\u0142o\u015bciwie panuj\u0105cego Tuska koalicja przecisn\u0119\u0142a przez sejm 13 ustaw podnosz\u0105cych 21 podatk\u00f3w, w tym VAT na ubranka dzieci\u0119ce. Komorowski podpisa\u0142 wszystko, a teraz krzycz\u0105, \u017ce PiS chce okra\u015b\u0107 spo\u0142ecze\u0144stwo.<\/span><\/p>\n<p dir=\"ltr\" style=\"line-height: 1.44; margin-top: 0pt; margin-bottom: 0pt\"><span style=\"color: #000000; font-family: Verdana; font-size: 13.33px; font-style: normal; font-variant: normal; font-weight: 400; text-decoration: none; vertical-align: baseline; background-color: transparent\">To, co napawa mnie g\u0142\u0119bokim smutkiem, to fakt, \u017ce ca\u0142e z\u0142o, niestety idzie od nich, g\u0142\u00f3wnie PO, do tego KOD, Nowoczesna. I, \u017ce to si\u0119 raczej nie sko\u0144czy szybko.<\/span><\/p>\n<p dir=\"ltr\" style=\"line-height: 1.44; margin-top: 0pt; margin-bottom: 0pt\"><span style=\"color: #000000; font-family: Verdana; font-size: 13.33px; font-style: normal; font-variant: normal; font-weight: 400; text-decoration: none; vertical-align: baseline; background-color: transparent\">Przypomnijmy sobie s\u0142owa Komorowskiego: <\/span><span style=\"color: #000000; font-family: Verdana; font-size: 13.33px; font-style: italic; font-variant: normal; font-weight: 400; text-decoration: none; vertical-align: baseline; background-color: transparent\">co za snajper, kt\u00f3ry z 30 metr\u00f3w nie trafi\u0142? Jaki prezydent, taki zamach. Prezydent gdzie\u015b poleci i wszystko mo\u017ce si\u0119 zmieni\u0107.<\/span><\/p>\n<p dir=\"ltr\" style=\"line-height: 1.44; margin-top: 0pt; margin-bottom: 0pt\"><span style=\"color: #000000; font-family: Verdana; font-size: 13.33px; font-style: normal; font-variant: normal; font-weight: 400; text-decoration: none; vertical-align: baseline; background-color: transparent\">A dzisiaj s\u0142yszymy pod pa\u0142acem prezydenckim: <\/span><span style=\"color: #000000; font-family: Verdana; font-size: 13.33px; font-style: italic; font-variant: normal; font-weight: 400; text-decoration: none; vertical-align: baseline; background-color: transparent\">Duda na Wawel<\/span><\/p>\n<p dir=\"ltr\" style=\"line-height: 1.44; margin-top: 0pt; margin-bottom: 0pt\"><span style=\"color: #000000; font-family: Verdana; font-size: 13.33px; font-style: normal; font-variant: normal; font-weight: 400; text-decoration: none; vertical-align: baseline; background-color: transparent\">Nikogo nie spa\u0142owano, nie by\u0142o aresztowa\u0144. Z dw\u00f3ch powod\u00f3w:<\/span><\/p>\n<p dir=\"ltr\" style=\"line-height: 1.44; margin-top: 0pt; margin-bottom: 0pt\"><span style=\"color: #000000; font-family: Verdana; font-size: 13.33px; font-style: normal; font-variant: normal; font-weight: 400; text-decoration: none; vertical-align: baseline; background-color: transparent\">-W Polsce demokracja jest naprawd\u0119 wzorcowa.<\/span><\/p>\n<p dir=\"ltr\" style=\"line-height: 1.44; margin-top: 0pt; margin-bottom: 0pt\"><span style=\"color: #000000; font-family: Verdana; font-size: 13.33px; font-style: normal; font-variant: normal; font-weight: 400; text-decoration: none; vertical-align: baseline; background-color: transparent\">-Tymi krzykami ju\u017c nie ma si\u0119 co przejmowa\u0107.<\/span><\/p>\n<p dir=\"ltr\" style=\"line-height: 1.44; margin-top: 0pt; margin-bottom: 0pt\"><span style=\"color: #000000; font-family: Verdana; font-size: 13.33px; font-style: normal; font-variant: normal; font-weight: 400; text-decoration: none; vertical-align: baseline; background-color: transparent\">Coraz bardziej jasnym zaczyna by\u0107, dlaczego tak zaciekle walcz\u0105 o powr\u00f3t do w\u0142adzy. Bo coraz bardziej si\u0119 boj\u0105. Je\u015bli prawd\u0105 jest, \u017ce zniszczono ponad 400 stron dokumentacji zwi\u0105zanej z katastrof\u0105 smole\u0144sk\u0105, to s\u0142usznie si\u0119 boj\u0105; je\u015bli jest projekt zmniejszenia uposa\u017ce\u0144 kat\u00f3w, a zwi\u0119kszenia uposa\u017ce\u0144 ofiar, to s\u0142usznie si\u0119 boj\u0105. Nade wszystko jednak boj\u0105 si\u0119 rozliczenia z odpowiedzialno\u015bci za niegospodarno\u015b\u0107, bo by\u0142a ona najwy\u017cszych lot\u00f3w.<\/span><\/p>\n<p dir=\"ltr\" style=\"line-height: 1.44; margin-top: 0pt; margin-bottom: 0pt\"><span style=\"color: #000000; font-family: Verdana; font-size: 13.33px; font-style: normal; font-variant: normal; font-weight: 400; text-decoration: none; vertical-align: baseline; background-color: transparent\">I na koniec: &#8211; kiedy\u015b Polacy zw\u0142aszcza ci rz\u0105dz\u0105cy mieli owe trzy s\u0142ynne, g\u0142\u0119bokie w tre\u015bci s\u0142owa: B\u00f3g, Honor, Ojczyzna.<\/span><\/p>\n<p dir=\"ltr\" style=\"line-height: 1.44; margin-top: 0pt; margin-bottom: 0pt\"><span style=\"color: #000000; font-family: Verdana; font-size: 13.33px; font-style: normal; font-variant: normal; font-weight: 400; text-decoration: none; vertical-align: baseline; background-color: transparent\">Przedstawiciele niedawnego obozu w\u0142adzy mieli i nadal maj\u0105, cztery:<\/span><\/p>\n<p dir=\"ltr\" style=\"line-height: 1.44; margin-top: 0pt; margin-bottom: 0pt\"><span style=\"color: #000000; font-family: Verdana; font-size: 13.33px; font-style: normal; font-variant: normal; font-weight: 400; text-decoration: none; vertical-align: baseline; background-color: transparent\">Ch.., d\u2026 i kamieni kupa.<\/span><\/p>\n<p dir=\"ltr\" style=\"line-height: 1.2; margin-top: 0pt; margin-bottom: 0pt\"><span style=\"color: #000000; font-family: Verdana; font-size: 13.33px; font-style: normal; font-variant: normal; font-weight: 400; text-decoration: none; vertical-align: baseline; background-color: transparent\">I to jest w\u0142a\u015bnie wyk\u0142adnik elity z ostatnich o\u015bmiu lat. Ukradli Polsce osiem lat z jej przepi\u0119knej karty historycznej i za to te\u017c powinni stan\u0105\u0107 przed Trybuna\u0142em Stanu.<\/span><\/p>\n<p dir=\"ltr\" style=\"line-height: 1.2; margin-top: 0pt; margin-bottom: 0pt\" id=\"docs-internal-guid-77fbe470-b9b2-c29f-b5a0-d28f02916230\">&nbsp;<\/p>\n<p><\/strong><\/p>\n<p dir=\"ltr\" style=\"line-height: 1.2; margin-top: 0pt; margin-bottom: 0pt\" id=\"docs-internal-guid-77fbe470-b9b2-c29f-b5a0-d28f02916230\">&nbsp;<\/p>\n<p dir=\"ltr\" style=\"line-height: 1.2; margin-top: 0pt; margin-bottom: 0pt\" id=\"docs-internal-guid-77fbe470-b9b2-c29f-b5a0-d28f02916230\">&nbsp;<\/p>\n<p><\/strong><\/p>\n","protected":false},"excerpt":{"rendered":"<p>\u017ceby na jednej konferencji prasowej zrobi\u0107 z siebie idiot\u00f3w.<\/p>\n","protected":false},"author":2,"featured_media":0,"comment_status":"open","ping_status":"open","sticky":false,"template":"","format":"standard","meta":[],"categories":[4],"tags":[],"_links":{"self":[{"href":"https:\/\/sporek.com\/blog\/index.php?rest_route=\/wp\/v2\/posts\/526"}],"collection":[{"href":"https:\/\/sporek.com\/blog\/index.php?rest_route=\/wp\/v2\/posts"}],"about":[{"href":"https:\/\/sporek.com\/blog\/index.php?rest_route=\/wp\/v2\/types\/post"}],"author":[{"embeddable":true,"href":"https:\/\/sporek.com\/blog\/index.php?rest_route=\/wp\/v2\/users\/2"}],"replies":[{"embeddable":true,"href":"https:\/\/sporek.com\/blog\/index.php?rest_route=%2Fwp%2Fv2%2Fcomments&post=526"}],"version-history":[{"count":0,"href":"https:\/\/sporek.com\/blog\/index.php?rest_route=\/wp\/v2\/posts\/526\/revisions"}],"wp:attachment":[{"href":"https:\/\/sporek.com\/blog\/index.php?rest_route=%2Fwp%2Fv2%2Fmedia&parent=526"}],"wp:term":[{"taxonomy":"category","embeddable":true,"href":"https:\/\/sporek.com\/blog\/index.php?rest_route=%2Fwp%2Fv2%2Fcategories&post=526"},{"taxonomy":"post_tag","embeddable":true,"href":"https:\/\/sporek.com\/blog\/index.php?rest_route=%2Fwp%2Fv2%2Ftags&post=526"}],"curies":[{"name":"wp","href":"https:\/\/api.w.org\/{rel}","templated":true}]}}