{"id":527,"date":"2016-02-16T02:00:27","date_gmt":"2016-02-16T06:00:27","guid":{"rendered":"http:\/\/sporek.com\/blog\/?p=527"},"modified":"2016-02-16T02:03:26","modified_gmt":"2016-02-16T06:03:26","slug":"list-otwarty-do-senatorow-usa","status":"publish","type":"post","link":"https:\/\/sporek.com\/blog\/?p=527","title":{"rendered":"List otwarty do Senator\u00f3w USA"},"content":{"rendered":"<p><font face=\"Times New Roman\"><br \/>\n<\/font><span style=\"line-height: 115%; font-family: 'Times New Roman','serif'; font-size: 12pt\">Honorary<\/span><\/p>\n<p><span style=\"line-height: 115%; font-family: 'Times New Roman','serif'; font-size: 12pt\"><\/span><span style=\"line-height: 115%; font-family: 'Times New Roman','serif'; font-size: 12pt\">Senators of the United States<\/span><\/p>\n<p><span style=\"color: #222222; line-height: 115%; font-family: 'Times New Roman','serif'; font-size: 12pt\" lang=\"EN\">John McCain III <\/span><\/p>\n<p><span style=\"color: #222222; line-height: 115%; font-family: 'Times New Roman','serif'; font-size: 12pt\" lang=\"EN\">Ben Cardin<\/span><\/p>\n<p><span style=\"color: #222222; line-height: 115%; font-family: 'Times New Roman','serif'; font-size: 12pt\" lang=\"EN\">Richard Durbin\u00a0\u00a0\u00a0\u00a0\u00a0\u00a0\u00a0\u00a0\u00a0\u00a0\u00a0\u00a0\u00a0\u00a0\u00a0\u00a0\u00a0\u00a0\u00a0\u00a0\u00a0\u00a0\u00a0\u00a0\u00a0\u00a0\u00a0\u00a0\u00a0\u00a0\u00a0\u00a0\u00a0\u00a0\u00a0\u00a0\u00a0\u00a0\u00a0\u00a0\u00a0\u00a0\u00a0\u00a0\u00a0\u00a0\u00a0\u00a0\u00a0\u00a0\u00a0\u00a0\u00a0\u00a0\u00a0\u00a0\u00a0\u00a0\u00a0\u00a0\u00a0\u00a0 <\/span><span style=\"line-height: 115%; font-family: 'Times New Roman','serif'; font-size: 12pt\"><span>\u00a0\u00a0\u00a0\u00a0\u00a0\u00a0\u00a0\u00a0\u00a0\u00a0\u00a0\u00a0\u00a0\u00a0\u00a0\u00a0\u00a0\u00a0\u00a0\u00a0\u00a0\u00a0 <\/span>New York, February 15, 2016<\/span><font face=\"Times New Roman\"><br \/>\n<\/font><\/p>\n<p><font face=\"Times New Roman\"> <\/font><span style=\"line-height: 115%; font-family: 'Times New Roman','serif'; font-size: 12pt\">Dear Senators:<\/span><\/p>\n<p><font face=\"Times New Roman\"> <\/font><span style=\"line-height: 115%; font-family: 'Times New Roman','serif'; font-size: 12pt\">\u00a0\u00a0\u00a0\u00a0 I am a producer of classical music concerts and a promoter of classical artists cooperating with prestigious venues such as Carnegie Hall, Lincoln Center, St. Patrick\u2019s Cathedral, just to name a few; formerly General Music Director of the Polish Singers Alliance of America and Canada. I have owned and run Music Education Center for the last 25 years and I currently work with two Polish choruses in New York and Philadelphia.<\/span><\/p>\n<p><font face=\"Times New Roman\"> <\/font><span style=\"line-height: 115%; font-family: 'Times New Roman','serif'; font-size: 12pt\">\u00a0\u00a0\u00a0\u00a0 As a citizen of the United States with Polish origins and almost thirty years of hard work for the Polish-American community in New York, I would like to ask you all: \u201cW<em>hat kind of democracy do you preach?\u201d<\/em><\/span><\/p>\n<p><font face=\"Times New Roman\"> <\/font><span style=\"line-height: 115%; font-family: 'Times New Roman','serif'; font-size: 12pt\">\u00a0\u00a0\u00a0\u00a0 Senator McCain, in 2008 I voted for you believing that as the President you will defend democracy and the Constitution and now I see that you attack the newly and very democratically elected government of Poland.<\/span><\/p>\n<p><font face=\"Times New Roman\">  <\/font><span style=\"line-height: 115%; font-family: 'Times New Roman','serif'; font-size: 12pt\">Your letter to the Prime Minister of Poland proves three things:<\/span><\/p>\n<p><font face=\"Times New Roman\">  <\/font><span style=\"line-height: 115%; font-family: 'Times New Roman','serif'; font-size: 12pt\">1 \u2013 You have no idea what happened in Poland in the fall of 2015 (<em>lawfully and democratically elected new Polish Government).<\/em><\/span><\/p>\n<p><font face=\"Times New Roman\">  <\/font><span style=\"line-height: 115%; font-family: 'Times New Roman','serif'; font-size: 12pt\">2 &#8211; You have no idea what was happening in Poland within the last eight years.<\/span><\/p>\n<p><font face=\"Times New Roman\">  <\/font><span style=\"line-height: 115%; font-family: 'Times New Roman','serif'; font-size: 12pt\">3 &#8211; You are being manipulated by people of KOD (The Committee for the Defense of Democracy), which is one of the most paranoid organizations. If there was no democracy in Poland, those people would not be allowed to protest on the streets and would be arrested and repressed. Nothing like that happens to them. So, what they are actually defending\u2026?<\/span><\/p>\n<p><font face=\"Times New Roman\"> <\/font><span style=\"line-height: 115%; font-family: 'Times New Roman','serif'; font-size: 12pt\">\u00a0\u00a0\u00a0\u00a0 Senators, I want to put it very simple:<span>\u00a0 <\/span>If you did not react to what the former government did about the Constitutional Tribunal in June 2015, you should not lecture Madam Prime Minister, Beata Szyd\u0142o about democracy; if you did not do anything regarding the Smolensk Crash investigation, you should leave Poland\u2019s Government alone and let it do what it should do.<\/span><\/p>\n<p><font face=\"Times New Roman\"> <\/font><span style=\"line-height: 115%; font-family: 'Times New Roman','serif'; font-size: 12pt\">\u00a0\u00a0\u00a0\u00a0 I deeply believe that you will withdraw your letter and will not interfere with the actions of the lawfully and democratically elected Polish Government, whose aim is to realize all the promises given to \u201cThe People\u201d during the election campaign.<\/span><\/p>\n<p><font face=\"Times New Roman\">  <\/font><span style=\"line-height: 115%; font-family: 'Times New Roman','serif'; font-size: 12pt\">Respectfully,<\/span><\/p>\n<p><font face=\"Times New Roman\">  <\/font><span style=\"line-height: 115%; font-family: 'Times New Roman','serif'; font-size: 12pt\">Jan Sporek<\/span><\/p>\n<p><font face=\"Times New Roman\">  <\/font><span><em><span style=\"line-height: 115%; font-family: open-sans; font-size: 10.5pt\">Founder and Director of Music Education Center<\/span><\/em><\/span><\/p>\n<p><font face=\"Times New Roman\">  <\/font><span><em><span style=\"line-height: 115%; font-family: open-sans; font-size: 10.5pt\">Founder of Ruch Prawicowy (Right-Wing Movement) in N. Y.<\/span><\/em><\/span><\/p>\n<p><font face=\"Times New Roman\">  <\/font><span style=\"line-height: 115%; font-family: 'Times New Roman','serif'; font-size: 12pt\"><a href=\"http:\/\/www.sporek.com\">www.sporek.com<\/a><\/span><\/p>\n<p><font face=\"Times New Roman\"> ********************************************************* <\/font><\/p>\n<p style=\"margin: 0in 0in 0pt\"><span style=\"line-height: 115%; font-family: 'Times New Roman','serif'; font-size: 12pt\" lang=\"PL\">Szanowni Panowie Senatorzy<\/span><\/p>\n<p><font face=\"Times New Roman\">  <\/font><span style=\"color: #222222; line-height: 115%; font-family: 'Times New Roman','serif'; font-size: 12pt\" lang=\"PL\">John Sidney McCain III <\/span><\/p>\n<p><span style=\"color: #222222; line-height: 115%; font-family: 'Times New Roman','serif'; font-size: 12pt\" lang=\"EN\">Ben Cardin<\/span><\/p>\n<p style=\"margin: 0in 0in 0pt\"><span style=\"color: #222222; line-height: 115%; font-family: 'Times New Roman','serif'; font-size: 12pt\" lang=\"EN\"><\/span><span style=\"color: #222222; line-height: 115%; font-family: 'Times New Roman','serif'; font-size: 12pt\" lang=\"EN\">Richard Durbin<\/span><span style=\"color: #222222; line-height: 115%; font-family: 'Times New Roman','serif'; font-size: 12pt\"><span>\u00a0\u00a0\u00a0\u00a0\u00a0\u00a0\u00a0\u00a0\u00a0\u00a0\u00a0\u00a0\u00a0\u00a0\u00a0\u00a0\u00a0\u00a0\u00a0\u00a0\u00a0\u00a0\u00a0\u00a0\u00a0\u00a0\u00a0\u00a0\u00a0\u00a0\u00a0\u00a0\u00a0\u00a0\u00a0\u00a0\u00a0\u00a0\u00a0\u00a0\u00a0\u00a0\u00a0\u00a0\u00a0\u00a0\u00a0\u00a0\u00a0\u00a0\u00a0\u00a0\u00a0\u00a0\u00a0\u00a0\u00a0\u00a0\u00a0\u00a0\u00a0\u00a0\u00a0\u00a0\u00a0\u00a0\u00a0\u00a0\u00a0\u00a0\u00a0\u00a0\u00a0\u00a0\u00a0\u00a0\u00a0\u00a0\u00a0\u00a0\u00a0\u00a0\u00a0\u00a0\u00a0 <\/span>Nowy Jork, 15 lutego, 2016<\/span><\/p>\n<p style=\"margin: 0in 0in 0pt; text-align: center\" align=\"center\">&nbsp;<\/p>\n<p style=\"margin: 0in 0in 0pt; text-align: center\" align=\"center\"><span style=\"line-height: 115%; font-family: 'Times New Roman','serif'; font-size: 12pt\" lang=\"PL\">Drodzy Panie Senatorzy<\/span><\/p>\n<p style=\"margin: 0in 0in 0pt\"><span style=\"line-height: 115%; font-family: 'Times New Roman','serif'; font-size: 12pt\" lang=\"PL\">\u00a0<\/span><\/p>\n<p style=\"margin: 0in 0in 0pt\"><span style=\"line-height: 115%; font-family: 'Times New Roman','serif'; font-size: 12pt\" lang=\"PL\"><span>\u00a0\u00a0\u00a0\u00a0\u00a0\u00a0\u00a0\u00a0\u00a0\u00a0\u00a0 <\/span>Jestem producentem koncert\u00f3w muzyki klasycznej i promotorem artyst\u00f3w klasycznych w tak presti\u017cowych salach, jak Carnegie Hall, Lincoln Center, Katedra \u015aw. Patryka, \u017ce wymieni\u0119 tylko kilka. By\u0142em Generalnym Dyrygentem Zwi\u0105zku \u015apiewak\u00f3w Polskich w Ameryce i Kanadzie. 25 lat temu za\u0142o\u017cy\u0142em i do dzi\u015b prowadz\u0119 Music Education Center.<\/span><\/p>\n<p style=\"margin: 0in 0in 0pt; text-indent: 0.5in\"><span style=\"line-height: 115%; font-family: 'Times New Roman','serif'; font-size: 12pt\" lang=\"PL\">Jako obywatel USA, kt\u00f3ry od prawie 30 lat prowadzi aktywn\u0105 i wyt\u0119\u017con\u0105 dzia\u0142alno\u015b\u0107 kulturaln\u0105 w\u015br\u00f3d spo\u0142eczno\u015bci polsko-ameryka\u0144skiej w Nowym Jorku, chcia\u0142bym Pan\u00f3w zapyta\u0107, <em>jakiego rodzaju demokracj\u0119 Panowie wyznajecie?<\/em><\/span><\/p>\n<p style=\"margin: 0in 0in 0pt; text-indent: 0.5in\"><span style=\"line-height: 115%; font-family: 'Times New Roman','serif'; font-size: 12pt\" lang=\"PL\">Senatorze McCain in 2008 roku, gdy by\u0142 Pan kandydatem na Prezydenta USA, odda\u0142em na Pana m\u00f3j g\u0142os, maj\u0105c nadziej\u0119, \u017ce b\u0119dzie Pan broni\u0142 demokracji i Konstytucji, a teraz widz\u0119, \u017ce atakuje Pan legalnie i demokratycznie wybrany rz\u0105d w Polsce.<\/span><\/p>\n<p style=\"margin: 0in 0in 0pt; text-indent: 0.5in\"><span style=\"line-height: 115%; font-family: 'Times New Roman','serif'; font-size: 12pt\" lang=\"PL\">List Pan\u00f3w udowadnia trzy rzeczy:<\/span><\/p>\n<p style=\"margin: 0in 0in 0pt\"><span style=\"line-height: 115%; font-family: 'Times New Roman','serif'; font-size: 12pt\" lang=\"PL\">1 \u2013 Nie maj\u0105 Panowie \u017cadnego rozeznania, co si\u0119 sta\u0142o w Polsce jesieni\u0105, 2015 roku. (<em>demokratycznie i w poszanowaniu prawa wybrano nowy rz\u0105d<\/em>).<\/span><\/p>\n<p style=\"margin: 0in 0in 0pt\"><span style=\"line-height: 115%; font-family: 'Times New Roman','serif'; font-size: 12pt\" lang=\"PL\">2 \u2013 Nie maj\u0105 Panowie \u017cadnego rozeznania, co si\u0119 dzia\u0142o w Polsce przez ostatnie osiem lat.<\/span><\/p>\n<p style=\"margin: 0in 0in 0pt\"><span style=\"line-height: 115%; font-family: 'Times New Roman','serif'; font-size: 12pt\" lang=\"PL\">3 \u2013 Jeste\u015bcie, Panowie manipulowani przez ludzi z KOD, &#8211; jednej z najbardziej paranoidalnych organizacji. Je\u015bli w Polsce nie by\u0142oby demokracji, to ci ludzie nie mieliby prawa demonstrowa\u0107 na ulicach; byliby aresztowani i represjonowani. Nic takiego si\u0119 im nie dzieje. Wi\u0119c czego oni w\u0142a\u015bciwie broni\u0105\u2026? <\/span><\/p>\n<p style=\"margin: 0in 0in 0pt\"><span style=\"line-height: 115%; font-family: 'Times New Roman','serif'; font-size: 12pt\" lang=\"PL\"><span>\u00a0\u00a0\u00a0\u00a0\u00a0\u00a0\u00a0\u00a0\u00a0\u00a0\u00a0 <\/span>Szanowni Senatorzy, chc\u0119 wyrazi\u0107 to jak najpro\u015bciej: <\/span><\/p>\n<p style=\"margin: 0in 0in 0pt\"><span style=\"line-height: 115%; font-family: 'Times New Roman','serif'; font-size: 12pt\" lang=\"PL\">-Je\u015bli nie reagowali\u015bcie Panowie na to, co poprzedni rz\u0105d zrobi\u0142 z Trybuna\u0142em Konstytucyjnym w czerwcu, 2015 roku, to nie powinni\u015bcie teraz poucza\u0107 Pani Premier, Beaty Szyd\u0142o na temat demokracji;<\/span><\/p>\n<p style=\"margin: 0in 0in 0pt\"><span style=\"line-height: 115%; font-family: 'Times New Roman','serif'; font-size: 12pt\" lang=\"PL\">&#8211; Je\u015bli nie reagowali\u015bcie Panowie na to, co dzia\u0142o si\u0119 ze \u015bledztwem dot. Katastrofy Smole\u0144skiej, to powinni\u015bcie zostawi\u0107 polski rz\u0105d w spokoju i pozwoli\u0107 mu robi\u0107 to, co robi\u0107 powinien i zamierza.<\/span><\/p>\n<p style=\"margin: 0in 0in 0pt\"><span style=\"line-height: 115%; font-family: 'Times New Roman','serif'; font-size: 12pt\" lang=\"PL\"><span>\u00a0\u00a0\u00a0\u00a0\u00a0\u00a0\u00a0\u00a0\u00a0\u00a0\u00a0 <\/span>G\u0142\u0119boko wierz\u0119, \u017ce wycofaj\u0105 Panowie Ich list i nie b\u0119d\u0105 si\u0119 wtr\u0105ca\u0107 w dzia\u0142ania legalnie i demokratycznie wybranego rz\u0105du, pozwalaj\u0105c mu realizowa\u0107 przedwyborcze obietnice, kt\u00f3re z\u0142o\u017cy\u0142 Polakom w czasie kampanii wyborczej.<\/span><\/p>\n<p><font face=\"Times New Roman\">  <\/font><span style=\"line-height: 115%; font-family: 'Times New Roman','serif'; font-size: 12pt\" lang=\"PL\">Z szacunkiem<\/span><\/p>\n<p><font face=\"Times New Roman\">  <\/font><span style=\"line-height: 115%; font-family: 'Times New Roman','serif'; font-size: 12pt\" lang=\"PL\">Jan Sporek<\/span><\/p>\n<p><font face=\"Times New Roman\">  <\/font><em><span style=\"line-height: 115%; font-family: 'Times New Roman','serif'; font-size: 10pt\" lang=\"PL\">Za\u0142o\u017cyciel i dyrektor Music Education Center <\/span><\/em><\/p>\n<p><em><span style=\"line-height: 115%; font-family: 'Times New Roman','serif'; font-size: 10pt\" lang=\"PL\"><\/span><\/em><em><span style=\"line-height: 115%; font-family: 'Times New Roman','serif'; font-size: 10pt\" lang=\"PL\">Za\u0142o\u017cyciel Ruchu Prawicowego w Nowym Jorku<\/span><\/em><\/p>\n<p>www.sporek.com<\/p>\n<p><font face=\"Times New Roman\"><br \/>\n<\/font><\/p>\n<p style=\"margin: 0in 0in 0pt\"><span style=\"line-height: 115%; font-size: 10pt\" lang=\"PL\"><font face=\"Calibri\">\u00a0<\/font><\/span><\/p>\n<p><font face=\"Times New Roman\"><br \/>\n<\/font><\/p>\n<p><font face=\"Times New Roman\"><br \/>\n<\/font><\/p>\n","protected":false},"excerpt":{"rendered":"<p>Honorary Senators of the United States John McCain III Ben Cardin Richard Durbin\u00a0\u00a0\u00a0\u00a0\u00a0\u00a0\u00a0\u00a0\u00a0\u00a0\u00a0\u00a0\u00a0\u00a0\u00a0\u00a0\u00a0\u00a0\u00a0\u00a0\u00a0\u00a0\u00a0\u00a0\u00a0\u00a0\u00a0\u00a0\u00a0\u00a0\u00a0\u00a0\u00a0\u00a0\u00a0\u00a0\u00a0\u00a0\u00a0\u00a0\u00a0\u00a0\u00a0\u00a0\u00a0\u00a0\u00a0\u00a0\u00a0\u00a0\u00a0\u00a0\u00a0\u00a0\u00a0\u00a0\u00a0\u00a0\u00a0\u00a0\u00a0\u00a0 \u00a0\u00a0\u00a0\u00a0\u00a0\u00a0\u00a0\u00a0\u00a0\u00a0\u00a0\u00a0\u00a0\u00a0\u00a0\u00a0\u00a0\u00a0\u00a0\u00a0\u00a0\u00a0 New York, February 15, 2016 Dear Senators: \u00a0\u00a0\u00a0\u00a0 I am a producer of classical music concerts and a promoter of classical artists cooperating with prestigious venues such as Carnegie Hall, Lincoln Center, St. Patrick\u2019s Cathedral, just to name a few; formerly [&hellip;]<\/p>\n","protected":false},"author":2,"featured_media":0,"comment_status":"open","ping_status":"open","sticky":false,"template":"","format":"standard","meta":[],"categories":[4],"tags":[],"_links":{"self":[{"href":"https:\/\/sporek.com\/blog\/index.php?rest_route=\/wp\/v2\/posts\/527"}],"collection":[{"href":"https:\/\/sporek.com\/blog\/index.php?rest_route=\/wp\/v2\/posts"}],"about":[{"href":"https:\/\/sporek.com\/blog\/index.php?rest_route=\/wp\/v2\/types\/post"}],"author":[{"embeddable":true,"href":"https:\/\/sporek.com\/blog\/index.php?rest_route=\/wp\/v2\/users\/2"}],"replies":[{"embeddable":true,"href":"https:\/\/sporek.com\/blog\/index.php?rest_route=%2Fwp%2Fv2%2Fcomments&post=527"}],"version-history":[{"count":0,"href":"https:\/\/sporek.com\/blog\/index.php?rest_route=\/wp\/v2\/posts\/527\/revisions"}],"wp:attachment":[{"href":"https:\/\/sporek.com\/blog\/index.php?rest_route=%2Fwp%2Fv2%2Fmedia&parent=527"}],"wp:term":[{"taxonomy":"category","embeddable":true,"href":"https:\/\/sporek.com\/blog\/index.php?rest_route=%2Fwp%2Fv2%2Fcategories&post=527"},{"taxonomy":"post_tag","embeddable":true,"href":"https:\/\/sporek.com\/blog\/index.php?rest_route=%2Fwp%2Fv2%2Ftags&post=527"}],"curies":[{"name":"wp","href":"https:\/\/api.w.org\/{rel}","templated":true}]}}