{"id":528,"date":"2016-02-22T22:40:50","date_gmt":"2016-02-23T02:40:50","guid":{"rendered":"http:\/\/sporek.com\/blog\/?p=528"},"modified":"2016-02-22T23:02:33","modified_gmt":"2016-02-23T03:02:33","slug":"czas-jakmiotla","status":"publish","type":"post","link":"https:\/\/sporek.com\/blog\/?p=528","title":{"rendered":"Czas, jak&#8230;miot\u0142a"},"content":{"rendered":"<p><strong style=\"font-weight: normal\"><\/strong><\/p>\n<p><strong style=\"font-weight: normal\"><strong style=\"font-weight: normal\"><\/p>\n<p dir=\"ltr\" style=\"line-height: 1.38; margin-top: 0pt; margin-bottom: 0pt\" id=\"docs-internal-guid-b13b67f4-0bfe-40c4-a28a-544ccc3d4b10\"><span style=\"color: #000000; font-family: Verdana; font-size: 13.33px; font-style: normal; font-variant: normal; font-weight: 400; text-decoration: none; vertical-align: baseline; background-color: transparent\">B\u0119dzie o Wa\u0142\u0119sie i troch\u0119 o konsulacie.<\/span><\/p>\n<p dir=\"ltr\" style=\"line-height: 1.38; margin-top: 0pt; margin-bottom: 0pt\"><span style=\"color: #000000; font-family: Verdana; font-size: 13.33px; font-style: normal; font-variant: normal; font-weight: 400; text-decoration: none; vertical-align: baseline; background-color: transparent\">\u201cwszystko jest kwesti\u0105 czasu\u201d, powiedzia\u0142 kto\u015b m\u0105dry. Kto\u015b inny uku\u0142 powiedzenie, \u201cczas poka\u017ce\u201d, jest jeszcze \u201cczas, to pieni\u0105dz\u201d, \u201cczas, jak rzeka\u201d, no i jest te\u017c \u201ccza sie napi\u0107\u201d; taka chyba by\u0142aby pisownia by\u0142ego prezydenta RP, kt\u00f3rego, niestety bieg czasu dopad\u0142 do\u015b\u0107 bole\u015bnie (to od imienia Bolek). <!--more-->I, pozamiatane. Ale kto\u015b te\u017c powiedzia\u0142, \u017ce \u201cdobro, jakie rozdajesz, kiedy\u015b do ciebie wr\u00f3ci, &#8211; z\u0142o te\u017c\u201d. Nigdy nie zapomn\u0119 spotkania z Ann\u0105 Walentynowicz w Centrum Polsko-S\u0142owia\u0144skim, &#8211; \u00a0kobiet\u0105, kt\u00f3ra dla wielu jest i pozostanie du\u017co wi\u0119kszym, ni\u017c Wa\u0142\u0119sa symbolem Solidarno\u015bci, wolno\u015bci i protest\u00f3w antykomunistycznych. Dzi\u015b, gdy wspomn\u0119 o Jej relacjach dotycz\u0105cych \u017cycia po Solidarno\u015bci, po tym, jak zgnoi\u0142 J\u0105 Wa\u0142\u0119sa, po pr\u00f3bach otrucia przez komunist\u00f3w, po \u015bmierci syna, stracie pracy, ubogiej emeryturze, i gdy na to na\u0142o\u017c\u0119 wizerunek Wa\u0142\u0119sy, to widz\u0119 jeszcze wyra\u017aniej, przepa\u015b\u0107 intelektualn\u0105, patriotyczn\u0105, i zwyczajnie, cz\u0142owiecz\u0105, mi\u0119dzy tymi dwoma postaciami.<\/span><\/p>\n<p dir=\"ltr\" style=\"line-height: 1.38; margin-top: 0pt; margin-bottom: 0pt\"><span style=\"color: #000000; font-family: Verdana; font-size: 13.33px; font-style: normal; font-variant: normal; font-weight: 400; text-decoration: none; vertical-align: baseline; background-color: transparent\">Ju\u017c wtedy, wiele lat temu, w Centrum Polsko-S\u0142owia\u0144skim wsp\u00f3\u0142czu\u0142em Annie Walentynowicz najbardziej w\u0142a\u015bnie z powodu tego, jak potraktowa\u0142 J\u0105 Lech Wa\u0142\u0119sa. Ale Lech Wa\u0142\u0119sa w ten sam spos\u00f3b potraktowa\u0142 Polak\u00f3w, Polsk\u0119, urz\u0105d Prezydenta. Osobi\u015bcie nie mam \u017cadnych w\u0105tpliwo\u015bci, \u017ce Wa\u0142\u0119sa wsp\u00f3\u0142pracowa\u0142. Zreszt\u0105, kto ma ochot\u0119 niech sobie obejrzy film na tym linku: <\/span><a href=\"https:\/\/www.youtube.com\/watch?v=-0-N3AyeQV0\" style=\"text-decoration: none\"><span style=\"color: #1155cc; font-family: Verdana; font-size: 13.33px; font-style: normal; font-variant: normal; font-weight: 400; text-decoration: underline; vertical-align: baseline; background-color: transparent\">https:\/\/www.youtube.com\/watch?v=-0-N3AyeQV0<\/span><\/a><\/p>\n<p dir=\"ltr\" style=\"line-height: 1.38; margin-top: 0pt; margin-bottom: 0pt\"><span style=\"color: #000000; font-family: Verdana; font-size: 13.33px; font-style: normal; font-variant: normal; font-weight: 400; text-decoration: none; vertical-align: baseline; background-color: transparent\">Prosz\u0119 uwa\u017cnie czyta\u0107 napisy w \u017c\u00f3\u0142tym kolorze. S\u0105 to komentarze, kt\u00f3re niezwykle trafnie ukazuj\u0105 t\u0119 nieznan\u0105 og\u00f3\u0142owi twarz Wa\u0142\u0119sy.<\/span><\/p>\n<p dir=\"ltr\" style=\"line-height: 1.38; margin-top: 0pt; margin-bottom: 0pt\"><span style=\"color: #000000; font-family: Verdana; font-size: 13.33px; font-style: normal; font-variant: normal; font-weight: 400; text-decoration: none; vertical-align: baseline; background-color: transparent\">\u0179le, bardo \u017ale, dla Wa\u0142\u0119sy si\u0119 sta\u0142o, \u017ce wdowie po Kiszczaku pomyli\u0142y si\u0119 instytuty, i zamiast uda\u0107 si\u0119 do Instytutu Wa\u0142\u0119sy, gdzie dosta\u0142aby du\u017co wi\u0119cej szmalu, uda\u0142a si\u0119 do \u00a0Instytutu Pami\u0119ci Narodowej. Rol\u0105 IPN, jak sama nazwa wskazuje jest chronienie pami\u0119ci narodowej, jest wydobywanie na \u015bwiat\u0142o dzienne spraw wznios\u0142ych i spraw kompromituj\u0105cych, czy to odno\u015bnie os\u00f3b indywidualnych, czy te\u017c ca\u0142ych \u015brodowisk, organizacji i z tymi \u201cteczkami\u201d musi co\u015b zrobi\u0107. \u0179le dodatkowo dzieje si\u0119 jeszcze dlatego, \u017ce Wa\u0142\u0119sa, jak znam \u017cycie, p\u00f3jdzie w zaparte i b\u0119dzie brn\u0105\u0142 z jednego wyg\u0142upu w drugi, bo niestety jego wypowiedzi s\u0105 tak beznadziejne intelektualne, \u017ce przeci\u0119tny cz\u0142owiek ma problemy, \u017ceby je zrozumie\u0107. Zachowuje si\u0119 nie, jak by\u0142y przyw\u00f3dca pot\u0119\u017cnej organizacji, nie, jak by\u0142y prezydent Polski, ale, jak podpity prostak, bredz\u0105cy co\u015b, o p\u0142acz\u0105cycm EsBeku (ju\u017c widz\u0119, jak EsBek p\u0142acze). Czas dokona\u0142 swego dzie\u0142a. Jeszcze dwa tygodnie temu Wa\u0142\u0119sa pozywa\u0142 historyk\u00f3w na s\u0142owny pojedynek &#8211; pokaz\u00f3wk\u0119, podczas kt\u00f3rej mia\u0142 udowadnia\u0107, \u017ce by\u0142 czysty. Jak sam pozwa\u0142, tak sam si\u0119 wycofa\u0142 &#8211; dla mnie wielce znamienne. A przecie\u017c historycy nie mieli wtedy jeszcze teczek od pani Kiszczakowej.<\/span><\/p>\n<p dir=\"ltr\" style=\"line-height: 1.38; margin-top: 0pt; margin-bottom: 0pt\"><span style=\"color: #000000; font-family: Verdana; font-size: 13.33px; font-style: normal; font-variant: normal; font-weight: 400; text-decoration: none; vertical-align: baseline; background-color: transparent\">A swoj\u0105 drog\u0105, to jestem strasznie ciekaw, jak Wa\u0142\u0119sa poucza Wenezuelczyk\u00f3w, co to jest demokracja, opozycja i w og\u00f3le, co on ma im do powiedzenia?<\/span><\/p>\n<p dir=\"ltr\" style=\"line-height: 1.38; margin-top: 0pt; margin-bottom: 0pt\"><span style=\"color: #000000; font-family: Verdana; font-size: 13.33px; font-style: normal; font-variant: normal; font-weight: 400; text-decoration: none; vertical-align: baseline; background-color: transparent\">Rulewski, kt\u00f3remu si\u0119 strasznie dziwi\u0119, opowiada jakie\u015b bana\u0142y, \u017ce komuna robi\u0142a z nami straszne rzeczy, \u017ce zmusza\u0142a ludzi do wsp\u00f3\u0142pracy, do sprzeniewierzenia si\u0119 przyjacio\u0142om, znajomym, Ojczy\u017anie. A\u017c wierzy\u0107 mi si\u0119 nie chc\u0119, ze m\u00f3wi to tak eminentny dzia\u0142acz Solidarno\u015bci. Zapomnia\u0142 ilu by\u0142o niez\u0142omnych, ilu po\u015bwi\u0119ci\u0142o kariery zawodowe, rodziny, siebie, pieni\u0105dze, dobrobyt. Sprawa Wa\u0142\u0119sy i to, \u017ce teraz wr\u00f3ci\u0142a, jak przys\u0142owiowy bumerang jest, niestety w du\u017cym stopniu zawiniona przez \u015brodowiska zbli\u017cone do Wa\u0142\u0119sy w tamtych \u201csolidarno\u015bciowych\u201d latach. Jeszcze raz okaza\u0142o si\u0119, \u017ce ukrywanie prawdy dla jakiego\u015b innego dobra jest absolutnie b\u0142\u0119dne. Przecie\u017c dzi\u015b s\u0142ycha\u0107 g\u0142osy typu: my\u015bmy to wiedzieli od dawna&#8230; Zatem wtedy nale\u017ca\u0142o Wa\u0142\u0119sy nie wybiera\u0107, nale\u017ca\u0142o go odsun\u0105\u0107. W\u0142a\u015bnie wtedy, gdy wrzeszcza\u0142 na Ann\u0119 Walentynowicz, ci kt\u00f3rzy wiedzieli powinni stan\u0105\u0107 za ni\u0105 murem i zarz\u0105da\u0107 wyja\u015bnienia. Nikt z tych, kt\u00f3rzy dzi\u015b m\u00f3wi\u0105, ze wiedzieli, nie podtrzyma\u0142 s\u0142ynnych 17 pyta\u0144 Anny Walentynowicz i nie za\u017c\u0105da\u0142 odpowiedzi na nie od \u201cmitycznego\u201d Wa\u0142\u0119sy. (wygrzebi\u0119 gdzie\u015b te 17 pyta\u0144 i zamieszcz\u0119). I to by\u0142 potworny b\u0142\u0105d. B\u0142\u0105d, za kt\u00f3ry p\u0142acimy teraz wszyscy, bo nie jest \u0142atwo t\u0142umaczy\u0107 Amerykaninowi, co si\u0119 sta\u0142o w moim kraju. Pewne rzeczy nie chc\u0105 przej\u015b\u0107 przez grad\u0142o. Natomiast zupe\u0142nie niedorzeczne s\u0105 wypowiedzi Ryszarda Petru. Kiedy\u015b s\u0142ucha\u0142em go, jako ekonomisty i m\u00f3wi\u0142 do\u015b\u0107 sk\u0142adnie, dzi\u015b rywalizuje z Komorowskim w gafach j\u0119zykowo-my\u015blowych, typu <\/span><span style=\"color: #000000; font-family: Verdana; font-size: 13.33px; font-style: italic; font-variant: normal; font-weight: 400; text-decoration: none; vertical-align: baseline; background-color: transparent\">\u015bwi\u0119to Sze\u015bciu Kr\u00f3li, Rubiko\u0144 i inne fanaberie<\/span><span style=\"color: #000000; font-family: Verdana; font-size: 13.33px; font-style: normal; font-variant: normal; font-weight: 400; text-decoration: none; vertical-align: baseline; background-color: transparent\">, ale dzisiaj przeszed\u0142 samego siebie, pobi\u0142 by\u0142ego prezydenta i zrobi\u0142 sobie zapas na kilka nast\u0119pnych odzywek:<\/span><span style=\"color: #000000; font-family: Verdana; font-size: 13.33px; font-style: italic; font-variant: normal; font-weight: 700; text-decoration: none; vertical-align: baseline; background-color: transparent\"> \u201cPiSowi zale\u017cy na tym, \u017ceby te teczki wyp\u0142ywa\u0142y wtedy, kiedy im si\u0119 pali grunt pod nogami. St\u0105d te\u017c pro\u015bba do Prawa i Sprawiedliwo\u015bci \u00a0o odpowied\u017a na takie pytanie: \u2018Kto z was kontaktowa\u0142 si\u0119 z by\u0142ymi s\u0142u\u017cbami bezpiecze\u0144stwa PRL, po to, aby ta teczka wyp\u0142yn\u0119\u0142a?\u201d.<\/span><\/p>\n<p dir=\"ltr\" style=\"line-height: 1.38; margin-top: 0pt; margin-bottom: 0pt\"><span style=\"color: #000000; font-family: Verdana; font-size: 13.33px; font-style: normal; font-variant: normal; font-weight: 400; text-decoration: none; vertical-align: baseline; background-color: transparent\">Ten facet kompletnie oderwa\u0142 si\u0119 od rzeczywisto\u015bci, &#8211; angielska prasa rozp\u0142ywa si\u0119 nad stanowczo\u015bci\u0105 Beaty Szyd\u0142o w obronie naszych Rodak\u00f3w na Wyspach, pisz\u0105c, \u017ce postawi\u0142a premiera Camerona (Petru m\u00f3wi &#8222;Kameruna&#8221;) pod \u015bcian\u0105, Merkel zazdro\u015bci i chcia\u0142aby wynegocjowa\u0107 te same warunki, co nasza Premier, PiS ma 40% poparcia, a ten bredzi o palonym gruncie. Natomiast \u201czapisanie\u201d wdowy po Kiszczaku do PiSu to ju\u017c piramida nieporadno\u015bci umys\u0142owej szefa Nowoczesnej. \u00a0Wida\u0107 jasno, \u017ce ani KODowi, ani PO nie chodzi o Wa\u0142\u0119s\u0119, chodzi wy\u0142\u0105cznie o to, \u017ceby wyprowadzi\u0107 ludzi na ulice, bo \u201cmy przegrali\u015bmy wybory\u201d. I tyle.<\/span><\/p>\n<p dir=\"ltr\" style=\"line-height: 1.38; margin-top: 0pt; margin-bottom: 0pt\"><span style=\"color: #000000; font-family: Verdana; font-size: 13.33px; font-style: normal; font-variant: normal; font-weight: 400; text-decoration: none; vertical-align: baseline; background-color: transparent\">Jeszcze o konsulacie; ogromnie zaskoczy\u0142 mnie, ale nie zdziwi\u0142, znaj\u0105c jego autora, list w Polskiej Gazecie, wydawanej na Greenpoincie, dotycz\u0105cy odwo\u0142ania obecnej Konsul Generalnej, Urszuli Gacek, adresowany do ministr\u00f3w Waszczykowskiego i Dziedziczaka.<\/span><\/p>\n<p dir=\"ltr\" style=\"line-height: 1.38; margin-top: 0pt; margin-bottom: 0pt\" id=\"docs-internal-guid-b13b67f4-0bfe-40c4-a28a-544ccc3d4b10\"><span style=\"color: #000000; font-family: Verdana; font-size: 13.33px; font-style: normal; font-variant: normal; font-weight: 400; text-decoration: none; vertical-align: baseline; background-color: transparent\">Jest rzecz\u0105 zrozumia\u0142\u0105, \u017ce przejmuj\u0105ca w\u0142adz\u0119 ekipa \u201csprz\u0105ta\u201d po poprzedniej, a przede wszystkim wymienia ludzi. Tak si\u0119 dzieje wsz\u0119dzie, a ju\u017c my tu, w tym kraju widzimy to wyj\u0105tkowo klarownie; wygrywaj\u0105 demokraci, &#8211; republikanie aut. I odwrotnie. I nikt nie ma pretensji; Przegrali\u015bcie? &#8211; Do domu. Nie wiem wi\u0119c sk\u0105d te pretensje w Polsce, \u017ce wylecieli ludzie z telewizji i, \u017ce wymienia si\u0119 ekipy dyplomatyczne. Prawo zwyci\u0119zcy. Natomiast deptanie z b\u0142otem, opowiadanie bzdur i wytwarzanie wierutnych k\u0142amstw na temat jakiej\u015b prywaty, b\u0142\u0119dnej dzia\u0142alno\u015bci konsulatu, itp. to w odniesieniu do obecnej ekipy jest po prostu dzia\u0142aniem pozbawionym zar\u00f3wno smaku, jak i polsko\u015bci. Bo co, jak co, ale Polak nie kopie i nie powinien kopa\u0107 le\u017c\u0105cego. O zas\u0142ugach obecnej ekipy, cho\u0107by w stosunku do Zwi\u0105zku \u015apiewak\u00f3w Polskich Ameryki pisa\u0142em w li\u015bcie do Polskiej Gazety. Pokre\u015bl\u0119 raz jeszcze: nie odwa\u017cy\u0142bym si\u0119 napisa\u0107 takiego tekstu, jaki ukaza\u0142 si\u0119 w tym dzienniku \u201cw imieniu Polonii\u201d. To czysta demagogia, zw\u0142aszcza, gdy jest si\u0119 przewodnicz\u0105cym dw\u00f3ch organizacji licz\u0105cych razem, niespe\u0142na 15 (mo\u017ce) cz\u0142onk\u00f3w.<\/span><\/p>\n<p><\/strong><\/p>\n<p dir=\"ltr\" style=\"line-height: 1.38; margin-top: 0pt; margin-bottom: 0pt\" id=\"docs-internal-guid-b13b67f4-0bfe-40c4-a28a-544ccc3d4b10\">&nbsp;<\/p>\n<p dir=\"ltr\" style=\"line-height: 1.38; margin-top: 0pt; margin-bottom: 0pt\" id=\"docs-internal-guid-b13b67f4-0bfe-40c4-a28a-544ccc3d4b10\">&nbsp;<\/p>\n<p><\/strong><\/p>\n","protected":false},"excerpt":{"rendered":"<p>B\u0119dzie o Wa\u0142\u0119sie i troch\u0119 o konsulacie. \u201cwszystko jest kwesti\u0105 czasu\u201d, powiedzia\u0142 kto\u015b m\u0105dry. Kto\u015b inny uku\u0142 powiedzenie, \u201cczas poka\u017ce\u201d, jest jeszcze \u201cczas, to pieni\u0105dz\u201d, \u201cczas, jak rzeka\u201d, no i jest te\u017c \u201ccza sie napi\u0107\u201d; taka chyba by\u0142aby pisownia by\u0142ego prezydenta RP, kt\u00f3rego, niestety bieg czasu dopad\u0142 do\u015b\u0107 bole\u015bnie (to od imienia Bolek).<\/p>\n","protected":false},"author":2,"featured_media":0,"comment_status":"open","ping_status":"open","sticky":false,"template":"","format":"standard","meta":[],"categories":[4],"tags":[],"_links":{"self":[{"href":"https:\/\/sporek.com\/blog\/index.php?rest_route=\/wp\/v2\/posts\/528"}],"collection":[{"href":"https:\/\/sporek.com\/blog\/index.php?rest_route=\/wp\/v2\/posts"}],"about":[{"href":"https:\/\/sporek.com\/blog\/index.php?rest_route=\/wp\/v2\/types\/post"}],"author":[{"embeddable":true,"href":"https:\/\/sporek.com\/blog\/index.php?rest_route=\/wp\/v2\/users\/2"}],"replies":[{"embeddable":true,"href":"https:\/\/sporek.com\/blog\/index.php?rest_route=%2Fwp%2Fv2%2Fcomments&post=528"}],"version-history":[{"count":0,"href":"https:\/\/sporek.com\/blog\/index.php?rest_route=\/wp\/v2\/posts\/528\/revisions"}],"wp:attachment":[{"href":"https:\/\/sporek.com\/blog\/index.php?rest_route=%2Fwp%2Fv2%2Fmedia&parent=528"}],"wp:term":[{"taxonomy":"category","embeddable":true,"href":"https:\/\/sporek.com\/blog\/index.php?rest_route=%2Fwp%2Fv2%2Fcategories&post=528"},{"taxonomy":"post_tag","embeddable":true,"href":"https:\/\/sporek.com\/blog\/index.php?rest_route=%2Fwp%2Fv2%2Ftags&post=528"}],"curies":[{"name":"wp","href":"https:\/\/api.w.org\/{rel}","templated":true}]}}