{"id":529,"date":"2016-03-03T00:08:32","date_gmt":"2016-03-03T04:08:32","guid":{"rendered":"http:\/\/sporek.com\/blog\/?p=529"},"modified":"2016-03-03T00:27:49","modified_gmt":"2016-03-03T04:27:49","slug":"and-the-oscar-goes-to","status":"publish","type":"post","link":"https:\/\/sporek.com\/blog\/?p=529","title":{"rendered":"&#8222;&#8230;And the Oscar goes to&#8230;?&#8221;"},"content":{"rendered":"<p><span style=\"color: #000000; font-family: Verdana; font-size: 13.33px; font-style: normal; font-variant: normal; font-weight: 400; text-decoration: none; vertical-align: baseline; background-color: transparent\">Nudno, jak u cioci na urodzinach w latach 50-tych, politycznie za\u015b, jak za McCarthy\u2019ego, dziesi\u0119\u0107 lat wcze\u015bniej. Nie wiem, czego Chris Rock najad\u0142 si\u0119 przed wej\u015bciem na scen\u0119, ale jego dowcipy o \u201cbia\u0142o\u015bci\u201d tegorocznych Oskar\u00f3w by\u0142y co najmniej \u017cenuj\u0105ce. <!--more-->U\u017cala\u0107 si\u0119 w dzisiejszych czasach na rasizm kompletnie mija si\u0119 z rzeczywisto\u015bci\u0105. Rasizm poszed\u0142 w drug\u0105 stron\u0119; wystarczy si\u0119 przej\u015b\u0107 po przychodniach, biurach socjalnych i zobaczy\u0107 jaki kolor sk\u00f3ry przewa\u017ca w staraniu si\u0119 o benefity &#8211; ubezpieczenia, karty \u017cywno\u015bciowe do sklep\u00f3w, tzw. \u201cfood stampsy\u201d, \u015bwiadczenia socjalne wszelkiej ma\u015bci, by nie mie\u0107 w\u0105tpliwo\u015bci, w kt\u00f3r\u0105 stron\u0119 to wszystko posz\u0142o. Oskary z, jeszcze kilkana\u015bcie lat temu fascynuj\u0105cego widowiska, przerodzi\u0142y si\u0119 w polityczn\u0105 gr\u0119 i coraz nudniejsze staje si\u0119 przewidywanie, \u017ce w\u0142a\u015bnie film o \u017cydach, albo o ksi\u0119\u017cach molestuj\u0105cych zdob\u0119dzie statuetk\u0119, a naprawd\u0119 rewelacyjny pod wzgl\u0119dem artystycznym film pocieszy si\u0119 zaledwie nominacj\u0105. Ca\u0142e szcz\u0119\u015bcie, \u017ce na Oskary zaprosi\u0142 mnie m\u00f3j serdeczny przyjaciel, u kt\u00f3rego pomieszczenie z ogromnym ekranem wyposa\u017cone jest tak\u017ce w bilard, no i przy stole bilardowym, z grupk\u0105 przyjaci\u00f3\u0142 i znajomych sp\u0119dzili\u015bmy ten wiecz\u00f3r k\u0105tem oka \u015bledz\u0105c ekran i k\u0105tem ucha s\u0142uchaj\u0105c bredni Chrisa R. (Dowcip z u\u017cyciem azjatyckich dzieci, by\u0142 jednym z najg\u0142upszych, jakie s\u0142ysza\u0142em w ostatnich latach w telewizorni). Przyznam si\u0119, \u017ce doczeka\u0142em do Leonardo DiCaprio i po\u017cegna\u0142em si\u0119. Ten aktor by\u0142 moim najwi\u0119kszym faworytem i moment wr\u0119czenia mu tej nagrody usatysfakcjonowa\u0142 mnie w takim samym chyba stopniu, jak i samego nagrodzonego. Aktor to bez w\u0105tpienia znamienity, wielce utalentowany i potrafi\u0105cy ze swojego talentu zrobi\u0107 u\u017cytek. A przy tym, jako\u015b uda\u0142o mu si\u0119 nie oprze\u0107 swojej kariery na skandalach. Jak ju\u017c z\u0142apie dobry scenariusz, to wychodzi z tego arcydzie\u0142o. Tak szczerze m\u00f3wi\u0105c, nie wiem, czy widzia\u0142em z\u0142\u0105 rol\u0119 DiCaprio. A przy tym, i w przeciwie\u0144stwie do, na przyk\u0142ad Roberta De Niro, DiCaprio ma wygl\u0105d amanta, co jednak nie przeszkadza mu gra\u0107 role ekstremalnie charakterystyczne. Zaw\u00f3d odczu\u0142em p\u00f3\u017aniej, kiedy ju\u017c z Internetu dowiedzia\u0142em si\u0119, \u017ce \u201cZjawa\u201d nie otrzyma\u0142a statuetki. I to w\u0142a\u015bnie uwa\u017cam za polityk\u0119. Niestety, brudn\u0105, jak brudny jest temat nagrodzonego filmu. Sporo w tym winy purpurat\u00f3w, kt\u00f3rzy miast ukara\u0107 winnych, ci\u0105gle pr\u00f3buj\u0105 jakiej\u015b podw\u00f3jnej gry. Jeszcze raz okazuje si\u0119, \u017ce ukrywanie prawdy, nie ma \u017cadnego sensu, &#8211; kto\u015b, kiedy\u015b zrobi z tego u\u017cytek. Jaka\u017c analogia do sytuacji w Polsce z Bolkiem. I co, Wajda b\u0119dzie robi\u0142 nowy film? Tym razem prawdziwy? G\u0142owacki ma czkawk\u0119?<\/span><\/p>\n<p><strong style=\"font-weight: normal\"><\/p>\n<p dir=\"ltr\" style=\"line-height: 1.656; margin-top: 0pt; margin-bottom: 0pt\"><span style=\"color: #000000; font-family: Verdana; font-size: 13.33px; font-style: normal; font-variant: normal; font-weight: 400; text-decoration: none; vertical-align: baseline; background-color: transparent\">A z innej beczki, to chyba znowu wraca temat naszej Unii Kredytowej. Od jakiego\u015b czasu \u201cchodzi\u201d po Internetowej poczcie wiadomo\u015b\u0107, \u017ce s\u0105d nakaza\u0142 radzie dyrektor\u00f3w zwo\u0142a\u0107 spotkanie z cz\u0142onkami. Ja natomiast wpad\u0142em dzisiaj w Nowym Dzienniku, (chyba powinienem napisa\u0107 w Nowym Tygodniku) na wywiad z Ma\u0142gorzat\u0105 W\u0105do\u0142owsk\u0105, cz\u0142onkini\u0105 rady dyrektor\u00f3w odpowiedzialn\u0105 za stypendia dla m\u0142odych Polonus\u00f3w. I c\u00f3\u017c czytam w tej rozmowie z Ma\u0142gorzat\u0105? Momentami Ma\u0142gosia (\u0142adne zdj\u0119cie, na p\u00f3\u0142 strony), jedzie &#8222;po bandzie&#8221; pytaj\u0105c np., czy jest jaka\u015b instytucja polonijna, kt\u00f3ra daje <strong>tak wielkie<\/strong> stypendia &#8211; w tym roku podobno 250 tys. dolar\u00f3w. Ma\u0142gosiu, zapomnia\u0142a\u015b, \u017ce bogactwo Unii wynika z oszcz\u0119dzania Polonus\u00f3w, a nie z dzia\u0142alno\u015bci Rady Dyrektor\u00f3w, prosz\u0119 Ci\u0119). Ale do cyferek: Ot\u00f3\u017c m\u00f3wi ona, \u017ce od 2001 roku, kiedy to ruszy\u0142 program stypendialny, Polsko-S\u0142owia\u0144ska Federalna Unia Kredytowa przeznaczy\u0142a na stypendia 3,25 mln dolar\u00f3w. Je\u015bli tak, to znaczy, \u017ce \u015brednio, na ka\u017cdy rok przypada\u0142o oko\u0142o 217 tysi\u0119cy dolar\u00f3w. Licz\u0105c dalej, czyli dziel\u0105c t\u0119 \u201cwielk\u0105\u201d kwot\u0119 $3.25 mln pomi\u0119dzy 2.8 tys uczni\u00f3w, kt\u00f3rzy w ci\u0105gu tych 15 lat otrzymali stypendium wychodzi, \u017ce jedno stypendium wynosi\u0142o \u015brednio oko\u0142o 1, 160 dolar\u00f3w. Ma\u0142gosia nazywa to \u201cwspania\u0142\u0105 inwestycj\u0105 w przysz\u0142o\u015b\u0107 Polonii\u201d.<\/span><\/p>\n<p dir=\"ltr\" style=\"line-height: 1.656; margin-top: 0pt; margin-bottom: 0pt\"><span style=\"color: #000000; font-family: Verdana; font-size: 13.33px; font-style: normal; font-variant: normal; font-weight: 400; text-decoration: none; vertical-align: baseline; background-color: transparent\">To ja mam w kontek\u015bcie tej \u201cwspania\u0142ej inwestycji\u201d pytanie do rady dyrektor\u00f3w: Ile by to by\u0142o stypendi\u00f3w, gdyby kwot\u0119 $1,873,553 podzieli\u0107 przez $1,160? Ot\u00f3\u017c by\u0142oby to ponad 1600 dodatkowych stypendi\u00f3w w ci\u0105gu roku!!! Szok? No, pewnie, bo to wi\u0119cej, ni\u017c po\u0142owa z tego, co by\u0142o przez 15 lat. A sk\u0105d wzi\u0105\u0142em ow\u0105 kwot\u0119 1, 873,553? Z Internetu. A dok\u0142adnie ze strony naszej Unii, gdzie w raporcie (trzy lata by\u0142em cz\u0142onkiem Rady Dyrektor\u00f3w i wiem, jak to czyta\u0107), w rubryce 25 stoi, jak byk, \u017ce obs\u0142uga po\u017cyczek kosztowa\u0142a Uni\u0119 w 2015 roku w\u0142a\u015bnie t\u0119 powy\u017csz\u0105 kwot\u0119. Komu p\u0142acimy te pieni\u0105dze, skoro zatrudniamy etetowych pracownik\u00f3w na kwot\u0119 ponad 20 milion\u00f3w dolar\u00f3w? W nast\u0119pnej rubryce, &#8222;Professional and Outside Services&#8221;, czytaj Porady Prawne, widnieje kwota $1,266,666. (ponad 1000 stypendi\u00f3w). Jakim cudem, skoro mamy a\u017c dwoje prawnik\u00f3w, Sosnowskiego i Po\u015blednik?. Pami\u0119tacie, dlaczego \u201cmoja\u201d rada zwolni\u0142a Sosnowskiego? Dlatego w\u0142a\u015bnie, \u017ce mimo, i\u017c by\u0142 radc\u0105 prawnym Unii, to wi\u0119cej, ni\u017c jego etat kosztowa\u0142y porady zasi\u0119gane z zewn\u0105trz, Uznali\u015bmy, \u017ce skoro i tak trzeba pyta\u0107 innych, to on jest zb\u0119dny. Oczywi\u015bcie kiedy wr\u00f3ci\u0142 Krzysztof Matyszczyk, natychmiast przywr\u00f3ci\u0142 B. Chmielewskiego, a ten natychmiast przywr\u00f3ci\u0142 Sosnowskiego. Fajnie, co? No pewnie. Ale nie m\u00f3wcie ju\u017c tych bzdur o \u201cwielkiej inwestycji w przysz\u0142o\u015b\u0107 Polonii\u201d, bo to zaczyna by\u0107 \u015bmieszne. Przelec\u0119 sobie przez ten raport, cho\u0107by z tego wzgl\u0119du, \u017ce por\u00f3wnanie z Uni\u0105 Ukrai\u0144sk\u0105, niestety wielce wychodzi na niekorzy\u015b\u0107 naszej Unii. Adekwatnie na przyk\u0142ad rubryk\u0119 25 mamy sze\u015bciokrotnie wy\u017csz\u0105, ni\u017c Ukrai\u0144cy, a rubryk\u0119 26, pi\u0119ciokrotnie. \u017beby by\u0142o \u015bmiesznie, to w kwestiach podr\u00f3\u017cy bijemy Ukrai\u0144c\u00f3w 20-stokrotnie!<\/span><\/p>\n<p dir=\"ltr\" style=\"line-height: 1.656; margin-top: 0pt; margin-bottom: 0pt\"><span style=\"color: #000000; font-family: Verdana; font-size: 13.33px; font-style: normal; font-variant: normal; font-weight: 400; text-decoration: none; vertical-align: baseline; background-color: transparent\">Jako ci, kt\u00f3rzy buduj\u0105 t\u0119 Uni\u0119 swoimi oszcz\u0119dno\u015bciami, mamy procent bli\u017cszy 0, ni\u017c 1, pracownicy zarabiaj\u0105 o wiele za ma\u0142o, ni\u017c powinni, za to dyrektorzy ucz\u0105 si\u0119 swojego \u201cfachu\u201d na \u2026 Florydzie, albo hurtem lec\u0105 do Australii, bo jest zlot Unii kredytowych. Musz\u0105 by\u0107 obecni wszyscy, nie wystarczy przedstawiciel. Do tych wszystkich do\u0142\u0105czaj\u0105 \u201cmatki, \u017cony i kochanki\u201d, &#8211; taki serial z Polski, bardzo fajny, bo \u015bmieszny i wysz\u0142o \u00a0&#8211; ponad p\u00f3\u0142 miliona zielonych na podr\u00f3\u017ce. Nast\u0119pnych 430 uczni\u00f3w, kt\u00f3rzy mogliby dosta\u0107 to \u015bmieszne stypendium. Kiedy\u017c to ju\u017c proponowa\u0142em, \u017ceby nazywa\u0107 t\u0119 \u201cinwestycj\u0119\u201d zapomog\u0105? Nikt nie s\u0142ucha\u0142.<\/span><\/p>\n<p><\/strong><strong style=\"font-weight: normal\"><span style=\"color: #000000; font-family: Verdana; font-size: 13.33px; font-style: normal; font-variant: normal; font-weight: 400; text-decoration: none; vertical-align: baseline; background-color: transparent\">B\u0119dzie to zebranie, czy nie b\u0119dzie? Pewnie nie. Odwo\u0142aj\u0105 si\u0119, odwlok\u0105 w czasie, a lody si\u0119 kr\u0119c\u0105.<\/span><br \/>\n<\/strong><\/p>\n","protected":false},"excerpt":{"rendered":"<p>Nudno, jak u cioci na urodzinach w latach 50-tych, politycznie za\u015b, jak za McCarthy\u2019ego, dziesi\u0119\u0107 lat wcze\u015bniej. Nie wiem, czego Chris Rock najad\u0142 si\u0119 przed wej\u015bciem na scen\u0119, ale jego dowcipy o \u201cbia\u0142o\u015bci\u201d tegorocznych Oskar\u00f3w by\u0142y co najmniej \u017cenuj\u0105ce.<\/p>\n","protected":false},"author":2,"featured_media":0,"comment_status":"open","ping_status":"open","sticky":false,"template":"","format":"standard","meta":[],"categories":[1],"tags":[],"_links":{"self":[{"href":"https:\/\/sporek.com\/blog\/index.php?rest_route=\/wp\/v2\/posts\/529"}],"collection":[{"href":"https:\/\/sporek.com\/blog\/index.php?rest_route=\/wp\/v2\/posts"}],"about":[{"href":"https:\/\/sporek.com\/blog\/index.php?rest_route=\/wp\/v2\/types\/post"}],"author":[{"embeddable":true,"href":"https:\/\/sporek.com\/blog\/index.php?rest_route=\/wp\/v2\/users\/2"}],"replies":[{"embeddable":true,"href":"https:\/\/sporek.com\/blog\/index.php?rest_route=%2Fwp%2Fv2%2Fcomments&post=529"}],"version-history":[{"count":0,"href":"https:\/\/sporek.com\/blog\/index.php?rest_route=\/wp\/v2\/posts\/529\/revisions"}],"wp:attachment":[{"href":"https:\/\/sporek.com\/blog\/index.php?rest_route=%2Fwp%2Fv2%2Fmedia&parent=529"}],"wp:term":[{"taxonomy":"category","embeddable":true,"href":"https:\/\/sporek.com\/blog\/index.php?rest_route=%2Fwp%2Fv2%2Fcategories&post=529"},{"taxonomy":"post_tag","embeddable":true,"href":"https:\/\/sporek.com\/blog\/index.php?rest_route=%2Fwp%2Fv2%2Ftags&post=529"}],"curies":[{"name":"wp","href":"https:\/\/api.w.org\/{rel}","templated":true}]}}