{"id":531,"date":"2016-04-29T00:44:15","date_gmt":"2016-04-29T04:44:15","guid":{"rendered":"http:\/\/sporek.com\/blog\/?p=531"},"modified":"2016-04-30T11:13:00","modified_gmt":"2016-04-30T15:13:00","slug":"wybory-w-unii-2016","status":"publish","type":"post","link":"https:\/\/sporek.com\/blog\/?p=531","title":{"rendered":"Wybory w Unii, 2016"},"content":{"rendered":"<p><strong style=\"font-weight: normal\"><span style=\"color: #000000; font-family: Verdana; font-size: 13.33px; font-style: normal; font-variant: normal; font-weight: 400; text-decoration: none; vertical-align: baseline; background-color: transparent\">Nie o Europejsk\u0105, a o nasz\u0105, Polsko-S\u0142owia\u0144sk\u0105 Federaln\u0105 Uni\u0119 Kredytow\u0105 chodzi. Instytucj\u0119, kt\u00f3ra ma wspania\u0142ych pracownik\u00f3w, ale fatalny zarz\u0105d. <!--more-->Nie b\u0119d\u0119 si\u0119 powtarza\u0142 na temat cz\u0142onk\u00f3w rady dyrektor\u00f3w ze \u201cznajomo\u015bci\u0105 sze\u015bciu j\u0119zyk\u00f3w\u201d, siedz\u0105cych na naradach, jak na tureckich kazaniach, bo nie znaj\u0105 nawet angielskiego. <span style=\"color: #000000; font-family: Verdana; font-size: 13.33px; font-style: normal; font-variant: normal; font-weight: 400; text-decoration: none; vertical-align: baseline; background-color: transparent\" id=\"docs-internal-guid-576f35f0-6054-603a-fceb-42249297c886\">Do zjedzenia kotleta, czy kury, podczas nasiad\u00f3wy i tak wystarczy tylko jeden j\u0119zyk. <\/span>Nie b\u0119d\u0119 si\u0119 powtarza\u0142 o ekskluzywnych miejscowo\u015bciach, w kt\u00f3rych wy\u0142\u0105cznie mog\u0105 odbywa\u0107 si\u0119 szkolenia, bo nigdzie indziej si\u0119 nie da. To ju\u017c s\u0105 stare, przepracowane melodie, towarzysz\u0105ce naszej Unii od wiek\u00f3w, z kt\u00f3rych, jak wida\u0107 kolejne rady dyrektor\u00f3w nic sobie nie robi\u0105. Ci, kt\u00f3rzy w kampaniach wyborczych obiecywali, \u017ce zajm\u0105 si\u0119 tym problemem i sami na pewno nie b\u0119d\u0105 lata\u0107 do \u017cadnych ciep\u0142ych kraj\u00f3w, oblecieli ju\u017c praktycznie ca\u0142y \u015bwiat dooko\u0142a. Chc\u0119 zwr\u00f3ci\u0107 na kilka spraw, o kt\u00f3rych przeci\u0119tny cz\u0142onek, ciu\u0142aj\u0105cy w naszej Unii sw\u00f3j ci\u0119\u017cko zarobiony grosz nie wie, bo si\u0119 o tym nie m\u00f3wi, ani nie pisze. Polonijne media s\u0105 zbyt przestraszone, \u017ce nie dostan\u0105 og\u0142osze\u0144, wi\u0119c tam nie ma si\u0119 co spodziewa\u0107 rzetelno\u015bci analiz, czy rozm\u00f3w. Dziennikarzy \u015bledczych nie mamy, bo praktycznie niewielu ju\u017c dziennikarzy w tych mediach zosta\u0142o. Sytuacja jest dok\u0142adnie, jak z Wyborcz\u0105 w Polsce za czas\u00f3w PO\/PSL. Rz\u0105d p\u0142aci\u0142, to GW pi\u0119knie pisa\u0142a o jego osi\u0105gni\u0119ciach, ale ani s\u0142owa o niedoci\u0105gni\u0119ciach, czy zaniedbaniach (o aferach nie wspominam).<\/span><\/strong><\/p>\n<p><strong style=\"font-weight: normal\"><\/p>\n<p dir=\"ltr\" style=\"line-height: 1.38; margin-top: 0pt; margin-bottom: 0pt\"><span style=\"color: #000000; font-family: Verdana; font-size: 13.33px; font-style: normal; font-variant: normal; font-weight: 700; text-decoration: none; vertical-align: baseline; background-color: transparent\">Rzecz pierwsza: Instytucja podliczaj\u0105ca g\u0142osy<\/span><span style=\"color: #000000; font-family: Verdana; font-size: 13.33px; font-style: normal; font-variant: normal; font-weight: 400; text-decoration: none; vertical-align: baseline; background-color: transparent\">. Ot\u00f3\u017c wybrana w 2009 roku rada dyrektor\u00f3w, <\/span><span style=\"color: #000000; font-family: Verdana; font-size: 13.33px; font-style: italic; font-variant: normal; font-weight: 400; text-decoration: none; vertical-align: baseline; background-color: transparent\">(w kt\u00f3rej nieoczekiwanie i wbrew nieuczciwym w stosunku do mnie zagraniom Matyszczyka i Chmielewskiego uzyska\u0142em najwi\u0119ksz\u0105 ilo\u015b\u0107 g\u0142os\u00f3w)<\/span><span style=\"color: #000000; font-family: Verdana; font-size: 13.33px; font-style: normal; font-variant: normal; font-weight: 400; text-decoration: none; vertical-align: baseline; background-color: transparent\">, zerwa\u0142a trzyletni kontrakt z Election Services, p\u0142ac\u0105c kar\u0119 za zerwanie tego kontraktu i podpisa\u0142a kontrakt z inn\u0105 firm\u0105. Na pierwszej \u00a0i jedynej rozmowie z now\u0105 rad\u0105, \u00f3wczesny CEO (niestety r\u00f3wnie\u017c i obecny) przyzna\u0142, \u017ce notatka o ponad 20-tysi\u0119cznym d\u0142ugu, jaki niby mam w naszej Unii ukaza\u0142a si\u0119 na \u017c\u0105danie \u00a0i sugesti\u0119 \u00f3wczesnego prezesa, K. Matyszczyka, za\u015b kwota wyliczona by\u0142a z d\u0142ugu prywatnego i z \u2026. Linii kredytowej mojej szko\u0142y. Jedno z drugim nie ma nic wsp\u00f3lnego. Linia kredytowa utrzymana jest do dzisiaj, p\u0142ac\u0119 tzw. \u201cminimum due\u201d (z regu\u0142y wi\u0119cej) i p\u0142ac\u0119 procenty. Na moje pytanie, <\/span><span style=\"color: #000000; font-family: Verdana; font-size: 13.33px; font-style: italic; font-variant: normal; font-weight: 400; text-decoration: none; vertical-align: baseline; background-color: transparent\">dlaczego po\u0142\u0105czy\u0142 pan d\u0142ug prywatny z lini\u0105 kredytow\u0105<\/span><span style=\"color: #000000; font-family: Verdana; font-size: 13.33px; font-style: normal; font-variant: normal; font-weight: 400; text-decoration: none; vertical-align: baseline; background-color: transparent\"> pan Chmielewski oznajmi\u0142, \u017ce <\/span><span style=\"color: #000000; font-family: Verdana; font-size: 13.33px; font-style: italic; font-variant: normal; font-weight: 400; text-decoration: none; vertical-align: baseline; background-color: transparent\">takie by\u0142o zalecenie prezesa<\/span><span style=\"color: #000000; font-family: Verdana; font-size: 13.33px; font-style: normal; font-variant: normal; font-weight: 400; text-decoration: none; vertical-align: baseline; background-color: transparent\">. Nie trudno si\u0119 domy\u015ble\u0107, \u017ce zminimalizowa\u0142 sw\u00f3j profesjonalizm prawie do zera. CEO miliardowej instytucji, nie ma \u017cadnego obowi\u0105zku s\u0142uchania i wykonywania zalece\u0144 prezesa. Ma s\u0142ucha\u0107 i wykonywa\u0107 jedynie zalecenia gremium rady dyrektor\u00f3w. I to po szczeg\u00f3\u0142owej dyskusji na sesji rady. <\/span><\/p>\n<p dir=\"ltr\" style=\"line-height: 1.38; margin-top: 0pt; margin-bottom: 0pt\"><span style=\"color: #000000; font-family: Verdana; font-size: 13.33px; font-style: normal; font-variant: normal; font-weight: 400; text-decoration: none; vertical-align: baseline; background-color: transparent\">Wszyscy pami\u0119taj\u0105 zamieszanie, jakie, w 2102 roku spowodowa\u0142 \u201cwalcz\u0105cy o dobro\u201d Unii, J\u00f3zef \u0141uczaj i ta\u0144cz\u0105cy razem z nim do muzyki Matyszczyka, Marek Wysocki. Dali si\u0119 ch\u0142opcy podpu\u015bci\u0107, zorganizowali nagonk\u0119 na pi\u0119ciu dyrektor\u00f3w, potem nadzwyczajne zebranie cz\u0142onk\u00f3w, na kt\u00f3rym wyrzucono tych pi\u0119ciu. Z owej wi\u0119kszo\u015bci, kt\u00f3ra, jako jedyna w historii przyzna\u0142a wyp\u0142at\u0119 dywidend i zniwelowa\u0142a wydatki na szkolenia w ciep\u0142ych krajach, zosta\u0142em tylko ja. Do rady dokooptowany zosta\u0142 Marek Wysocki\u2026- kompletnie nielegalnie. Co si\u0119 tym dw\u00f3m panom sta\u0142o, \u017ce ju\u017c rok p\u00f3\u017aniej ta\u0144czyli do innej muzyki i w dodatku osobno, nie wiem. Wiem tylko, \u017ce obydwaj skierowali swoj\u0105 niech\u0119\u0107 do tego, kt\u00f3remu wy\u015bwiadczyli najwspanialsz\u0105 przys\u0142ug\u0119, &#8211; do Matyszczyka w\u0142a\u015bnie. Przewodnicz\u0105c\u0105 by\u0142a wtedy Wierzbowska Marzena, kt\u00f3ra nie wiadomo, jak dosta\u0142a si\u0119 do rady ponownie, tak zreszt\u0105, jak pani, kt\u00f3ra podobno zna minimum 6 j\u0119zyk\u00f3w. Niestety, za p\u00f3\u017ano. Mleko si\u0119 wyla\u0142o. Zdobyli wystarczaj\u0105c\u0105 ilo\u015b\u0107 g\u0142os\u00f3w, \u017ceby przeg\u0142osowa\u0107 zwolnienie O. Mielczarka, \u017ceby przywr\u00f3ci\u0107 Chmielewskiego i Sosnowskiego i dalej spokojnie obni\u017ca\u0107 jako\u015b\u0107 naszej Unii, a przede wszystkim, \u017ceby zerwa\u0107 kontrakt z firm\u0105 obliczaj\u0105ca g\u0142osy, zap\u0142aci\u0107 za to kar\u0119 i powr\u00f3ci\u0107 do tamtej, z kt\u00f3r\u0105 my zerwali\u015bmy kontrakt. Lekk\u0105 r\u0119k\u0105 wydali sporo forsy na t\u0119 zamian\u0119, ale powstaje pytanie, <\/span><span style=\"color: #000000; font-family: Verdana; font-size: 13.33px; font-style: normal; font-variant: normal; font-weight: 700; text-decoration: none; vertical-align: baseline; background-color: transparent\">\u201dDlaczego akurat ta firma jest taka\u2026 kompetentna\u201d?<\/span><\/p>\n<p dir=\"ltr\" style=\"line-height: 1.38; margin-top: 0pt; margin-bottom: 0pt\"><span style=\"color: #000000; font-family: Verdana; font-size: 13.33px; font-style: normal; font-variant: normal; font-weight: 700; text-decoration: none; vertical-align: baseline; background-color: transparent\">Rzecz druga: Rezultaty Finansowe: <\/span><span style=\"color: #000000; font-family: Verdana; font-size: 13.33px; font-style: normal; font-variant: normal; font-weight: 400; text-decoration: none; vertical-align: baseline; background-color: transparent\">Z zestawie\u0144, na stronie NCUA wynika, \u017ce do ko\u0144ca marca br. cz\u0142onkowie z\u0142o\u017cyli w depozyt $1,517,904,514 (wszyscy wiedz\u0105 ile to?) &#8211; ju\u017c pomagam: jeden miliard, pi\u0119\u0107set siedemna\u015bcie milion\u00f3w, dziewi\u0119\u0107set cztery tysi\u0105ce, pi\u0119\u0107set czterna\u015bcie dolar\u00f3w. I z tej pot\u0119\u017cnej kwoty wybitni specjali\u015bci bankowo\u015bci uciu\u0142ali dla nas, &#8211; uwaga: 1,500,000 (tzw. dywidendy). \u017beby by\u0142o jasne: jeden milion, pi\u0119\u0107set tysi\u0119cy dolar\u00f3w. Po \u201czwyk\u0142emu\u201d: p\u00f3\u0142tora miliona zielonych. Nie jest to nawet jeden pe\u0142ny procent. Jest nas 86 tysi\u0119cy. Bank obs\u0142ugiwany jest przez 270 pracownik\u00f3w. Zestawienie m\u00f3wi, \u017ce ich zarobki wynios\u0142y 5 milion\u00f3w, 496 tysi\u0119cy dolar\u00f3w. Moje pytanie brzmi, jak wygl\u0105daj\u0105 proporcje w zarobkach pomi\u0119dzy tymi pracownikami, kt\u00f3rzy najbardziej przyczynili si\u0119 do przyj\u0119cia owego p\u00f3\u0142tora miliarda dolar\u00f3w (okienka, wszystkie kabiny i gabinety w oddzia\u0142ach terenowych) i zasuwaj\u0105, jak mr\u00f3wki), a tymi, kt\u00f3rzy zajmuj\u0105 wysokie stanowiska i od ich decyzji zale\u017c\u0105 po\u017cyczki, porady prawne, doradztwo inwestycyjne, oprocentowanie, itp.? \u00a0<\/span><\/p>\n<p dir=\"ltr\" style=\"line-height: 1.38; margin-top: 0pt; margin-bottom: 0pt\"><span style=\"color: #000000; font-family: Verdana; font-size: 13.33px; font-style: normal; font-variant: normal; font-weight: 400; text-decoration: none; vertical-align: baseline; background-color: transparent\">Na skutek decyzji tych w\u0142a\u015bnie ludzi (z wysokich stanowisk), pracownicy terenowi \u015bci\u0105gn\u0119li z nas 650 tysi\u0119cy dolar\u00f3w w postaci op\u0142at za przer\u00f3\u017cne us\u0142ugi, lub\u2026 przewinienia. To ponad 43% wymienionych wy\u017cej dywidend. Jeszcze troch\u0119 i tymi op\u0142atami pokryjemy wysoko\u015b\u0107 dywidend, a wtedy prosta ju\u017c droga do tego, \u017ceby spokojnie podzieli\u0107 si\u0119 dochodami z po\u017cyczek, leasing\u00f3w, etc. (podwy\u017cki p\u0142ac, bonusy, bla, bla, bla, &#8211; wyjazdy na szkolenia, psiakrew zapomnia\u0142em, jak oni \u0142akn\u0105 wiedzy\u2026 pod palmami, a najlepiej w towarzystwie\u2026 kangur\u00f3w). I to nale\u017cy zastopowa\u0107! Jak wida\u0107 z zestawienia, w I-ym kwartale uzyskali\u015bmy, jako ciu\u0142aj\u0105cy pieni\u0105dze w naszym banku 0.1%, co w stosunku rocznym da nam 0.4%. Kompletna rewelacja! Do tego doprowadzi\u0142a rada, wymieniaj\u0105c znakomitych specjalist\u00f3w na udaj\u0105cych bankowc\u00f3w amator\u00f3w. Stare sportowe przys\u0142owie m\u00f3wi, \u017ce &#8222;zwyci\u0119zc\u00f3w si\u0119 nie wymienia&#8221;. Co wi\u0119c zrobi\u0107 z tymi, kt\u00f3rzy wy\u0142\u0105cznie psuj\u0105? Odpowied\u017a jest prosta; &#8211; WYMIENI\u0106, WYRZUCI\u0106. W\u0142a\u015bnie nadszed\u0142 czas, \u017ceby dwoje nie prolongowa\u0142o swojej egzystencji w tej radzie.<\/span><\/p>\n<p dir=\"ltr\" style=\"line-height: 1.38; margin-top: 0pt; margin-bottom: 0pt\"><span style=\"color: #000000; font-family: Verdana; font-size: 13.33px; font-style: normal; font-variant: normal; font-weight: 400; text-decoration: none; vertical-align: baseline; background-color: transparent\">Ludzie dzwoni\u0105 i pytaj\u0105: \u201cJak g\u0142osowa\u0107?\u201d, \u201cNa kogo?\u201d<\/span><\/p>\n<p dir=\"ltr\" style=\"line-height: 1.38; margin-top: 0pt; margin-bottom: 0pt\"><span style=\"color: #000000; font-family: Verdana; font-size: 13.33px; font-style: normal; font-variant: normal; font-weight: 400; text-decoration: none; vertical-align: baseline; background-color: transparent\">P\u00f3ki co, ja mam tylko jednego kandydata: <\/span><span style=\"color: #000000; font-family: Verdana; font-size: 13.33px; font-style: normal; font-variant: normal; font-weight: 700; text-decoration: none; vertical-align: baseline; background-color: transparent\">dr Pawe\u0142 Maci\u0105g<\/span><span style=\"color: #000000; font-family: Verdana; font-size: 13.33px; font-style: normal; font-variant: normal; font-weight: 400; text-decoration: none; vertical-align: baseline; background-color: transparent\">. Absolwent Wydzia\u0142u Prawa i Administracji Uniwersytetu Warszawskiego. Mo\u017ce by\u0142by czas, \u017ceby historyka zast\u0105pi\u0107 prawnikiem z wiedz\u0105 administracyjn\u0105\u2026?<\/span><\/p>\n<p dir=\"ltr\" style=\"line-height: 1.38; margin-top: 0pt; margin-bottom: 0pt\"><span style=\"color: #000000; font-family: Verdana; font-size: 13.33px; font-style: normal; font-variant: normal; font-weight: 400; text-decoration: none; vertical-align: baseline; background-color: transparent\">Na pewno nie oddam g\u0142osu na Krzysztofa Matyszczyka, cho\u0107by z racji tego, \u017ce siedzi w tej radzie od ponad 20 lat, a efekty, jak wida\u0107 lec\u0105 na \u0142ep, na szyj\u0119 w d\u00f3\u0142.<\/span><\/p>\n<p dir=\"ltr\" style=\"line-height: 1.38; margin-top: 0pt; margin-bottom: 0pt\"><span style=\"color: #000000; font-family: Verdana; font-size: 13.33px; font-style: normal; font-variant: normal; font-weight: 400; text-decoration: none; vertical-align: baseline; background-color: transparent\">Natomiast nowej radzie ju\u017c teraz zadam zagadk\u0119: Co oznaczaj\u0105 s\u0142owa obecnego CEO, pana Chmielewskiego, \u201cUnia, to wi\u0119cej, ni\u017c bank\u201d. Bo dla mnie i nie tylko dla mnie, s\u0105 one cholernie dwuznaczne.<\/span><\/p>\n<p dir=\"ltr\" style=\"line-height: 1.38; margin-top: 0pt; margin-bottom: 0pt\"><span style=\"color: #000000; font-family: Verdana; font-size: 13.33px; font-style: normal; font-variant: normal; font-weight: 400; text-decoration: none; vertical-align: baseline; background-color: transparent\">Na pewno nie oddam g\u0142osu na obecnych cz\u0142onk\u00f3w rady dyrektor\u00f3w, kandyduj\u0105cych na kt\u00f3r\u0105\u015b ju\u017c z kolei kadencj\u0119. Z pozosta\u0142ymi mam sporo problem\u00f3w, bo albo kompletnie nieznani, albo ubrani w tysi\u0105c organizacji, jak choinki na swi\u0119ta, a i tak nieznani\u2026 Nie wiem, jest k\u0142opot. A najgorsze sta\u0142o si\u0119 wtedy, gdy z rady na skutek pod\u0142ych, oczerniaj\u0105cych donos\u00f3w do w\u0142adz uniwersyteckich, gdzie pracuje, odszed\u0142 m\u00f3j przyjaciel, Leon Kokoszka. Cz\u0142owiek o ogromnej wiedzy bankowej i ekonomicznej w og\u00f3le. Pami\u0119tamy, \u017ce kiedy\u015b pisano paszkwile na Darka Czocha (i to cz\u0142onkowie rady dyrektor\u00f3w). By\u0142 to m\u0142ody, niezwykle sprawny w bankowo\u015bci ekonomista, kt\u00f3ry zosta\u0142 zmuszony do zrezygnowania zar\u00f3wno z funkcji przewodnicz\u0105cego rady, jak i z samego w niej cz\u0142onkostwa. Nami musz\u0105 rz\u0105dzi\u0107 typy mierne, bierne, ale wierne. Ludzie z kompleksami, kt\u00f3rzy w ameryka\u0144skim towarzystwie nie maj\u0105 wiele do powiedzenia, opr\u00f3cz dawania si\u0119 klepa\u0107 po plecach. Prosz\u0119 zauwa\u017cy\u0107, jak likwiduje si\u0119 ludzi, kt\u00f3rzy pracuj\u0105 w firmach ameryka\u0144skich, a kiedy\u015b pe\u0142nili spo\u0142ecznie obowi\u0105zki cz\u0142onka rady dyrektor\u00f3w: W\u0142a\u015bnie wspomniani, Darek Czoch i Leon Kokoszka. Do tego Oskar Mielczarek. Za m\u0105drzy, zbyt inteligentni, m\u00f3wi\u0105cy znakomitym angielskim. Do\u015b\u0107 to symptomatyczne. Czy\u017c nie?<\/span><\/p>\n<p dir=\"ltr\" style=\"line-height: 1.38; margin-top: 0pt; margin-bottom: 0pt\"><span style=\"color: #000000; font-family: Verdana; font-size: 13.33px; font-style: normal; font-variant: normal; font-weight: 400; text-decoration: none; vertical-align: baseline; background-color: transparent\">Kolejnym dramatem jest fakt, \u017ce nie kandydowa\u0142 Zygmunt Staszewski. Wyszed\u0142 z za\u0142o\u017cenia, \u017ce sam g\u0142ow\u0105 muru nie przebije. Ale to oznacza r\u00f3wnie\u017c, \u017ce za rok i w nast\u0119pnych latach trzeba definitywnie nie g\u0142osowa\u0107 na tych, kt\u00f3rzy w tej radzie siedz\u0105 od wiek\u00f3w.<\/span><\/p>\n<p dir=\"ltr\" style=\"line-height: 1.38; margin-top: 0pt; margin-bottom: 0pt\"><span style=\"color: #000000; font-family: Verdana; font-size: 13.33px; font-style: normal; font-variant: normal; font-weight: 400; text-decoration: none; vertical-align: baseline; background-color: transparent\">Jutro, a najp\u00f3\u017aniej w sobot\u0119 opublikuj\u0119 wyniki 1-go kwarta\u0142u Ukrai\u0144skiej Unii Kredytowej.<\/span><\/p>\n<p dir=\"ltr\" style=\"line-height: 1.38; margin-top: 0pt; margin-bottom: 0pt\"><span style=\"color: #000000; font-family: Verdana; font-size: 13.33px; font-style: normal; font-variant: normal; font-weight: 400; text-decoration: none; vertical-align: baseline; background-color: transparent\">Por\u00f3wnanie jest powalaj\u0105ce.<\/span><\/p>\n<p dir=\"ltr\" style=\"line-height: 1.38; margin-top: 0pt; margin-bottom: 0pt\"><span style=\"color: #000000; font-family: Verdana; font-size: 13.33px; font-style: normal; font-variant: normal; font-weight: 400; text-decoration: none; vertical-align: baseline; background-color: transparent\">I apel: nie wyrzucajcie balot\u00f3w do kosza. Oddajcie g\u0142osy, zadbajcie o to, aby\u015bcie co\u015b z tych ci\u0119\u017cko zarobionych pieni\u0119dzy zacz\u0119li wreszcie mie\u0107. Nie drobne 0.4%. Wszystko w Waszych r\u0119kach. <\/span><\/p>\n<p><\/strong><\/p>\n","protected":false},"excerpt":{"rendered":"<p>Nie o Europejsk\u0105, a o nasz\u0105, Polsko-S\u0142owia\u0144sk\u0105 Federaln\u0105 Uni\u0119 Kredytow\u0105 chodzi. Instytucj\u0119, kt\u00f3ra ma wspania\u0142ych pracownik\u00f3w, ale fatalny zarz\u0105d.<\/p>\n","protected":false},"author":2,"featured_media":0,"comment_status":"open","ping_status":"open","sticky":false,"template":"","format":"standard","meta":[],"categories":[3],"tags":[],"_links":{"self":[{"href":"https:\/\/sporek.com\/blog\/index.php?rest_route=\/wp\/v2\/posts\/531"}],"collection":[{"href":"https:\/\/sporek.com\/blog\/index.php?rest_route=\/wp\/v2\/posts"}],"about":[{"href":"https:\/\/sporek.com\/blog\/index.php?rest_route=\/wp\/v2\/types\/post"}],"author":[{"embeddable":true,"href":"https:\/\/sporek.com\/blog\/index.php?rest_route=\/wp\/v2\/users\/2"}],"replies":[{"embeddable":true,"href":"https:\/\/sporek.com\/blog\/index.php?rest_route=%2Fwp%2Fv2%2Fcomments&post=531"}],"version-history":[{"count":0,"href":"https:\/\/sporek.com\/blog\/index.php?rest_route=\/wp\/v2\/posts\/531\/revisions"}],"wp:attachment":[{"href":"https:\/\/sporek.com\/blog\/index.php?rest_route=%2Fwp%2Fv2%2Fmedia&parent=531"}],"wp:term":[{"taxonomy":"category","embeddable":true,"href":"https:\/\/sporek.com\/blog\/index.php?rest_route=%2Fwp%2Fv2%2Fcategories&post=531"},{"taxonomy":"post_tag","embeddable":true,"href":"https:\/\/sporek.com\/blog\/index.php?rest_route=%2Fwp%2Fv2%2Ftags&post=531"}],"curies":[{"name":"wp","href":"https:\/\/api.w.org\/{rel}","templated":true}]}}