{"id":534,"date":"2016-07-30T04:00:50","date_gmt":"2016-07-30T08:00:50","guid":{"rendered":"http:\/\/sporek.com\/blog\/?p=534"},"modified":"2016-07-30T15:38:48","modified_gmt":"2016-07-30T19:38:48","slug":"wieden-sowy-mozart-sobieski-i%e2%80%a6carmen","status":"publish","type":"post","link":"https:\/\/sporek.com\/blog\/?p=534","title":{"rendered":"Wiede\u0144, Sowy, Mozart, Sobieski i\u2026Carmen"},"content":{"rendered":"<p style=\"margin: 0in 0in 10pt\"><span style=\"line-height: 115%; font-family: 'Verdana','sans-serif'; font-size: 10pt\">Uwielbiam prze\u017cywa\u0107 wydarzenia, kt\u00f3re nigdy nie by\u0142y w moich planach. A jeszcze, gdy s\u0105 mi\u0142e, sympatyczne i po\u017cyteczne, to szcz\u0119\u015bcie jest ju\u017c naprawd\u0119 pe\u0142ne. <!--more-->I oto nieoczekiwanie \u201emusia\u0142em\u201d polecie\u0107 do Polski, sk\u0105d z rodzin\u0105 mojego syna wybrali\u015bmy si\u0119 do Wiednia, gdzie mia\u0142em odebra\u0107 t\u0119 g<a title=\"OLE_LINK3\" name=\"OLE_LINK3\"><\/a><a title=\"OLE_LINK2\" name=\"OLE_LINK2\"><\/a><a title=\"OLE_LINK1\" name=\"OLE_LINK1\"><\/a><span><span>\u0142<\/span><\/span>o\u015bn\u0105 ju\u017c w\u015br\u00f3d Polonii nagrod\u0119 zwan\u0105 Z\u0142ot\u0105 Sow\u0105 i dodatkowo \u201ePolskim Oskarem\u201d. Uwielbiam sp\u0119dza\u0107 czas z rodzinami moich Ch\u0142opc\u00f3w i musz\u0119 powiedzie\u0107, \u017ce takie poranki, jak w ow\u0105 sobot\u0119, 2 kwietnia nape\u0142niaj\u0105 mnie ogromn\u0105 rado\u015bci\u0105. Rado\u015bci\u0105 z nowego dnia, z obecno\u015bci syna, synowej i wnucz\u0105t. Ruszamy, pi\u0105ta, rano, pogoda zapowiada si\u0119 wspania\u0142a. Po raz pierwszy podr\u00f3\u017cowa\u0142em po tej cz\u0119\u015bci Europy nie pokazuj\u0105c paszportu, nie widz\u0105c szlaban\u00f3w, \u017co\u0142nierzy. <\/span><\/p>\n<p style=\"margin: 0in 0in 10pt\"><span style=\"line-height: 115%; font-family: 'Verdana','sans-serif'; font-size: 10pt\">Wiede\u0144; &#8211; dla wnuczek, Prater, &#8211; karuzele, roller coaster, jakie\u015b straszyd\u0142a, a zaraz potem Kahlenberg. I lekcja historii: st\u0105d zaatakowa\u0142 Jan III Sobieski. Na frontowej \u015bcianie ko\u015bcio\u0142a trzy tablice: Sobieskiego, Jana Paw\u0142a II i Pi\u0142sudzkiego. Skupienie na m\u0142odziutkich twarzyczkach moich wnuczek pr\u00f3buj\u0105cych przenie\u015b\u0107 si\u0119 w g\u0142\u0105b historii. Historii, kt\u00f3ra m\u00f3wi o Polsce pot\u0119\u017cnej, jak \u017caden inny kraj, Polsce wiernej Bogu, tradycji, wolno\u015bci. Polsce broni\u0105cej Europy!<\/span><\/p>\n<p style=\"margin: 0in 0in 10pt\"><span style=\"line-height: 115%; font-family: 'Verdana','sans-serif'; font-size: 10pt\">Wieczorem \u201eOskary\u201d \u2013 moje dzieci ugoszczone w prywatnym apartamencie naszych przyjaci\u00f3\u0142 Natalii i Stefana Plewniak\u00f3w, &#8211; cudownych muzyk\u00f3w, wspania<a title=\"OLE_LINK9\" name=\"OLE_LINK9\"><\/a><a title=\"OLE_LINK8\" name=\"OLE_LINK8\"><\/a><a title=\"OLE_LINK7\" name=\"OLE_LINK7\"><\/a><span><span>\u0142<\/span><\/span>ych artyst\u00f3w. Ja w pokojach go\u015bcinnych PAN. W drugim skrzydle tego samego budynku, Basia Moore. Spotykamy si\u0119 oko\u0142o 18. Gala. Kwiat inteligencji Polonii wiede\u0144skiej i niestrudzona pani Jadwiga Hafner, szefowa Klubu Inteligencji Polskiej w Wiedniu.. Niewielka sala w podziemiach okaza\u0142ego budynku PAN. Wspaniali go\u015bcie na widowni. Po\u015br\u00f3d laureat\u00f3w z r\u00f3\u017cnych stron \u015bwiata, my dwoje, z Nowego Jorku \u2013 Basia Moore i ja. Basia za\u015bpiewa\u0142a dwie piosenki. Odbieramy imponuj\u0105ce statuetki Z\u0142otych S\u00f3w, &#8211; setki zdj\u0119\u0107, gratulacje od najbli\u017cszych, od znajomych i zupe\u0142nie obcych. Na ceremonii zjawia si\u0119 wspania\u0142a Natalia Kawalek, polska \u015bpiewaczka operowa. I raut, ze smacznym pocz<a title=\"OLE_LINK6\" name=\"OLE_LINK6\"><\/a><a title=\"OLE_LINK5\" name=\"OLE_LINK5\"><\/a><a title=\"OLE_LINK4\" name=\"OLE_LINK4\"><\/a><span><span>\u0119<\/span><\/span>stunkiem, winem, drinkami, wod\u0105, sod\u0105, sokami. Cudowna atmosfera. Dochodzi p\u00f3\u0142noc, wi\u0119c jeszcze raz na Kahlenberg; fenomalny widok u\u015bpionego, ale rozjarzonego odbijaj\u0105cymi si\u0119 w czarnej wst\u0119dze Dunaju <a title=\"OLE_LINK12\" name=\"OLE_LINK12\"><\/a><a title=\"OLE_LINK11\" name=\"OLE_LINK11\"><\/a><a title=\"OLE_LINK10\" name=\"OLE_LINK10\"><\/a><span><span>\u015b<\/span><\/span>wiat\u0142ami, Wiednia. Widok niezapomniany.<\/span><\/p>\n<p style=\"margin: 0in 0in 10pt\"><span style=\"line-height: 115%; font-family: 'Verdana','sans-serif'; font-size: 10pt\">Niedziela &#8211; 10: 15, Msza \u015aw. w Katedrze Wiede\u0144skiej. Powiem tylko jedno: gdybym mieszka\u0142 w Wiedniu chodzi\u0142bym wy\u0142\u0105cznie na t\u0119 w\u0142a\u015bnie Msz\u0119, &#8211; orkiestra, cudowny ch\u00f3r, podnios\u0142y, religijny nastr\u00f3j. Wszyscy \u015bpiewaj\u0105, kiedy kolej na wiernych i wszyscy s\u0142uchaj\u0105, gdy produkuje si\u0119 ch\u00f3r z towarzyszeniem orkiestry. A potem Dom Mozarta, tu\u017c za Katedr\u0105. Sp\u0119dzam tam trzy godziny i \u017cal mi, \u017ce musz\u0119 ju\u017c wyj\u015b\u0107. To ju\u017c nie tylko historia; to obcowanie z Geniuszem, kt\u00f3remu Niebiosa dyktowa\u0142y wszystko, co napisa\u0142. A pod wiecz\u00f3r ci\u0105g dalszy wspania\u0142o\u015bci. Oto Natalia Kawalek (nazwisko panie\u0144skie i sceniczne naszej cudownej przyjaci\u00f3\u0142ki), kt\u00f3ra, na co dzie\u0144 wyst\u0119puje w <strong>Kommeroper<\/strong>,<strong> <\/strong>(kameralnej scenie<span>\u00a0 <\/span><strong><em>Theater an der Wien) <\/em><\/strong>zaprasza nas na spektakl <em>Carmen, Bizeta<\/em>, w kt\u00f3rym gra i \u015bpiewa g\u0142\u00f3wn\u0105 rol\u0119.<span>\u00a0 <\/span>Ale to nie tradycyjna wersja <em>Carmen<\/em>, to wersja eksperymentalna, z kilkuosobow\u0105 obsad\u0105 i trzema instrumentami; akordeon, skrzypce i kontrabas. Jako muzyk, obawia\u0142em si\u0119, co te\u017c z tego mo\u017ce si\u0119 wy\u0142oni\u0107? I dozna\u0142em prawie szoku; aran\u017cacja wr\u0119cz fantastyczna, scenografia prosta (wsp\u00f3\u0142czesna): wrak samochodu, jaki\u015b czarny py\u0142 na scenie, deska, proste krzes\u0142a, jaki\u015b filar, jaki\u015b s\u0142upek, \u015bwiat\u0142a. Gra artyst\u00f3w \u2013 \u015bpiewak\u00f3w naprawd\u0119 znakomita, ale to, co zaprezentowa\u0142a nasza przyjaci\u00f3\u0142ka przesz\u0142o moje naj\u015bmielsze oczekiwania. O Natalii pisa\u0142em ju\u017c przy okazji jej fantastycznego wyst\u0119pu w Carnegie Hall, wi\u0119c czeka\u0142em na jej g\u0142os i na jej aktorstwo. Ta m\u0142oda os\u00f3bka, w r\u00f3wnym stopniu posiad\u0142a dwie umiej\u0119tno\u015bci: operowania g\u0142osem i aktorstwo; czy by\u0142y wrodzone, czy wyuczone? Nie wiem. Do tego nieprzeci\u0119tna uroda.\u00a0Jest niezmiernie autentyczna w tym, co robi na scenie. Natalia jest w specjalnym dwuletnim programie Kommeroper, stoj\u0105cej poniek\u0105d w kontrze do Stadt Opera. To w\u0142a\u015bnie w Kommeroper wi\u0119cej jest premier, ni\u017c w Stadt, to w\u0142a\u015bnie tutaj eksperymentuje si\u0119 o wiele odwa\u017cniej, ni\u017c w Stadt. Natalia jest w tym teatrze jedynym mezzosopranem. Sprawi\u0142a nam na koniec tak cudown\u0105 niespodziank\u0119 tym zaproszeniem, \u017ce d\u0142ugo jeszcze by\u0142 ten jej wyst\u0119p tematem rozm\u00f3w podczas naszego powrotu do Rybnika. Natalia Kawalek, to znakomity mezzosopran i \u015bwietna aktorka.<span>\u00a0 <\/span>To te\u017c podkre\u015bla\u0142em przy okazji jej wyst\u0119pu w Carnegie. Jej twarz m\u00f3wi, jej oczy \u015bpiewaj\u0105 razem z ni\u0105. W po koncertowych konkluzjach, ju\u017c przez telefon \u017ca\u0142owali\u015bmy, \u017ce by\u0142o mo\u017ce troch\u0119 za du\u017co skr\u00f3t\u00f3w, ale jedno jest dla mnie pewne: Natalia Kawa\u0142ek, to perspektywa, to du\u017ce sceny. Jako\u015b dziwnie jestem tego pewien. Jest, bowiem w tej artystce co\u015b, czego nie dostrzegam, na co dzie\u0144 u artyst\u00f3w, zw\u0142aszcza tych m\u0142odziutkich, a mianowicie ogromna pokora do muzyki, do sztuki, do publiczno\u015bci. I niebywa\u0142a wr\u0119cz skromno\u015b\u0107. W tej <em>Carmen<\/em>, pali i pije, kocha, rozprawia si\u0119 z przeciwniczk\u0105, zdradza i, oczywi\u015bcie ginie, psuj\u0105c humor wszystkim widzom, bo t\u0119 ogromn\u0105 sympati\u0119 do naszej \u015bpiewaczki czu\u0142o si\u0119 od pierwszego taktu za\u015bpiewanego przez ni\u0105. Natalia wtr\u0105ca bardzo du\u017co polskich s\u0142\u00f3w i zda\u0144 w teksty, czym zaskakuje publiczno\u015b\u0107, ale wszystko jest t\u0142umaczone na teleprompterze ponad scen\u0105. Artystka ma w planach koncerty w Polsce; solowe i z zespo\u0142em jej m\u0119\u017ca, Stefana Plewniaka, \u201eIll Giardino d\u2019Amore\u201d. Byli tu, w Carnegie Hall; graj\u0105 na oryginalnych instrumentach barokowych i robi\u0105 to doskonale. M\u0142odziutcy, ale wspaniali arty\u015bci. Natalia za\u015bpiewa u Pendereckiego, w Lus\u0142awicach, w Operze Nova, w Bydgoszczy, Krakowie i innych miastach. \u017bycz\u0119 jej, aby ta pierwsza w jej \u017cyciu <em>Carmen<\/em> sta\u0142a si\u0119 tylko wst\u0119pem do drugiej, mo\u017ce ju\u017c w pe\u0142nym wydaniu, na wielkiej scenie z orkiestr\u0105 w kanale pod scen\u0105, w scenografii pe\u0142nej rozmachu. I, \u017ceby publiczno\u015b\u0107 by\u0142a taka, jak w Wiedniu; oklaski po ka\u017cdej arii i burza, przy ostatnim uk\u0142onie, do kt\u00f3rego Natalia wychodzi, jako ostatnia. Bo\u017ce, jaki by\u0142em dumny, bo w\u0142a\u015bnie na jej wej\u015bcie publiczno\u015b\u0107 poderwa\u0142a si\u0119, jak na rozkaz \u201ezasypa\u0142a\u201d nasz\u0105 rodaczk\u0119 gradem oklask\u00f3w. I jeszcze raz, i jeszcze raz i znowu. <\/span><\/p>\n<p style=\"margin: 0in 0in 10pt\"><span style=\"line-height: 115%; font-family: 'Verdana','sans-serif'; font-size: 10pt\">Natalio, dzi\u0119kuj\u0119 za ten cudowny wiecz\u00f3r, w Wiedniu, gdzie najpierw wspomnienie Sobieskiego, Papie\u017ca-Polaka, Pi\u0142sudzkiego, a na koniec Ty. Pozosta\u0144 moj\u0105 nadziej\u0105 na wielkie sceny. Gdziekolwiek by to by\u0142o, przyjad\u0119 i chcia\u0142bym z takiego spektaklu napisa\u0107 recenzj\u0119.<\/span><\/p>\n<p style=\"margin: 0in 0in 10pt\"><span style=\"line-height: 115%; font-family: 'Verdana','sans-serif'; font-size: 10pt\">Duma rozpiera\u0142a nas wszystkich, gdy przeciskaj\u0105c si\u0119 przez wychodz\u0105cy t\u0142um s\u0142yszeli\u015bmy komentarze z powtarzaj\u0105cym si\u0119 imieniem, &#8211; Natalia.<\/span><\/p>\n<p style=\"margin: 0in 0in 10pt\"><span style=\"line-height: 115%; font-family: 'Verdana','sans-serif'; font-size: 10pt\">Wyprzedane wszystkie 12 spektakli. To m\u00f3wi dobitnie o poziomie. W ekipie jeszcze jedno polskie nazwisko: Patrycja Walczak \u2013 projekcja kostium\u00f3w. Oczyw<a title=\"OLE_LINK27\" name=\"OLE_LINK27\"><\/a><a title=\"OLE_LINK26\" name=\"OLE_LINK26\"><\/a><span>i\u015bc<\/span>ie pobiegli\u015bmy do garderoby. Natalia przepro<a title=\"OLE_LINK22\" name=\"OLE_LINK22\"><\/a><a title=\"OLE_LINK21\" name=\"OLE_LINK21\"><\/a><a title=\"OLE_LINK20\" name=\"OLE_LINK20\"><\/a><span><span>si\u0142a pan<\/span><\/span>i\u0105 od makija\u017cu i rzuci<a title=\"OLE_LINK48\" name=\"OLE_LINK48\"><\/a><a title=\"OLE_LINK47\" name=\"OLE_LINK47\"><\/a><a title=\"OLE_LINK46\" name=\"OLE_LINK46\"><\/a><span><span>\u0142a<\/span><\/span> si\u0119 kolejno w nasze ramiona. Austriacko-czesko-ameryka\u0144scy arty\u015bci stali, jak s\u0142upy soli. I to w\u0142a\u015bnie ca\u0142a Natalia. Niewa\u017cny makija\u017c, &#8211; wpadli do mnie przyjaciele, &#8211; przerywam prac\u0119. Zdj<a title=\"OLE_LINK60\" name=\"OLE_LINK60\"><\/a><a title=\"OLE_LINK59\" name=\"OLE_LINK59\"><\/a><a title=\"OLE_LINK58\" name=\"OLE_LINK58\"><\/a><span><span>\u0119<\/span><\/span>cia, autografy. I do zobaczenia. \u017begnaj Wiede\u0144, Dunaj, Kahlenberg, \u017cegnaj Natalio, \u017cegnaj Carmen. Zabieram z sob\u0105 Z\u0142ot\u0105 Sow\u0119 i\u2026 pragn\u0119 wr\u00f3<a title=\"OLE_LINK25\" name=\"OLE_LINK25\"><\/a><a title=\"OLE_LINK24\" name=\"OLE_LINK24\"><\/a><a title=\"OLE_LINK23\" name=\"OLE_LINK23\"><\/a><span><span>ci\u0107<\/span><\/span> do tego miasta, gdzie w pi\u0105tki pracuj\u0105 do 13, w niedziele w og\u00f3le nie. Gdzie na p\u00f3\u0142toragodzinnym, porannym spacerze, o 6 rano spotka\u0142em \u2026 cztery osoby. Chc\u0119 wr\u00f3<a title=\"OLE_LINK54\" name=\"OLE_LINK54\"><\/a><a title=\"OLE_LINK53\" name=\"OLE_LINK53\"><\/a><a title=\"OLE_LINK52\" name=\"OLE_LINK52\"><\/a><span><span>ci\u0107<\/span><\/span> do tego kraju, kt\u00f3rego mieszka\u0144cy s\u0105 niewiarygodnie dumni, \u017ce 90% towar\u00f3w, produkt\u00f3w, wyrob\u00f3w<a title=\"OLE_LINK19\" name=\"OLE_LINK19\"><\/a><a title=\"OLE_LINK18\" name=\"OLE_LINK18\"><\/a><span> <\/span>i us\u0142ug jest pochodzenia rodzimego. I<a title=\"OLE_LINK45\" name=\"OLE_LINK45\"><\/a><a title=\"OLE_LINK44\" name=\"OLE_LINK44\"><\/a><a title=\"OLE_LINK43\" name=\"OLE_LINK43\"><\/a><span><span> \u017cyj\u0105 <\/span><\/span>w kraju bogatym, spokojnym, s\u0105 wyluzowani, <a title=\"OLE_LINK39\" name=\"OLE_LINK39\"><\/a><a title=\"OLE_LINK38\" name=\"OLE_LINK38\"><\/a><a title=\"OLE_LINK37\" name=\"OLE_LINK37\"><\/a><span><span>u\u015b<\/span><\/span>miechn<a title=\"OLE_LINK36\" name=\"OLE_LINK36\"><\/a><a title=\"OLE_LINK35\" name=\"OLE_LINK35\"><\/a><a title=\"OLE_LINK34\" name=\"OLE_LINK34\"><\/a><span><span>i\u0119<\/span><\/span>ci. Ale nie maj\u0105 jednej rzeczy, <a title=\"OLE_LINK57\" name=\"OLE_LINK57\"><\/a><a title=\"OLE_LINK56\" name=\"OLE_LINK56\"><\/a><a title=\"OLE_LINK55\" name=\"OLE_LINK55\"><\/a><span><span>kt\u00f3r\u0105 <\/span><\/span>ma<a title=\"OLE_LINK63\" name=\"OLE_LINK63\"><\/a><a title=\"OLE_LINK62\" name=\"OLE_LINK62\"><\/a><a title=\"OLE_LINK61\" name=\"OLE_LINK61\"><\/a><span><span>j<\/span><\/span><a title=\"OLE_LINK33\" name=\"OLE_LINK33\"><\/a><a title=\"OLE_LINK32\" name=\"OLE_LINK32\"><\/a><a title=\"OLE_LINK31\" name=\"OLE_LINK31\"><\/a><span><span><span><span><span>\u0105<\/span><\/span><\/span><\/span><\/span> Amerykanie; nie maj\u0105 \u201ehow\u2019re you doing?\u201d \u2013 powiedzianego nieznajomemu, na porannym spacerze. Ale, czy to takie wa\u017cne?<\/span><\/p>\n<p style=\"margin: 0in 0in 10pt\"><span style=\"line-height: 115%; font-family: 'Verdana','sans-serif'; font-size: 10pt\">Dopisane w Polsce, 30 lipca, 2016:<\/span><\/p>\n<p style=\"margin: 0in 0in 10pt\"><span style=\"line-height: 115%; font-family: 'Verdana','sans-serif'; font-size: 10pt\">Niestety, Nowy Dziennik nie chc<a title=\"OLE_LINK30\" name=\"OLE_LINK30\"><\/a><a title=\"OLE_LINK29\" name=\"OLE_LINK29\"><\/a><a title=\"OLE_LINK28\" name=\"OLE_LINK28\"><\/a><span><span>ia\u0142<\/span><\/span> opublikowa\u0107 tego tekstu. D<a title=\"OLE_LINK51\" name=\"OLE_LINK51\"><\/a><a title=\"OLE_LINK50\" name=\"OLE_LINK50\"><\/a><a title=\"OLE_LINK49\" name=\"OLE_LINK49\"><\/a><span><span>zi\u015b<\/span><\/span> rozmawi<a title=\"OLE_LINK42\" name=\"OLE_LINK42\"><\/a><a title=\"OLE_LINK41\" name=\"OLE_LINK41\"><\/a><a title=\"OLE_LINK40\" name=\"OLE_LINK40\"><\/a><span><span>a\u0142e<\/span><\/span>m z Natali\u0105; jest w Krakowie, ale jutro leci do Londynu, gdzie b\u0119dzie \u015bpiewa\u0142a, a\u017c do ko\u0144ca wrze\u015bnia. Brawo, Natalia!<\/span><\/p>\n<p style=\"margin: 0in 0in 10pt\"><span style=\"line-height: 115%; font-family: 'Verdana','sans-serif'; font-size: 10pt\">I na koniec dobra wiadomo\u015b\u0107 dla sympatyk\u00f3w \u201eIll Giardino d\u2019Amore\u201d \u2013 b\u0119d\u0105 w Nowym Jorku w pa\u017adzierniku.<\/span><\/p>\n","protected":false},"excerpt":{"rendered":"<p>Uwielbiam prze\u017cywa\u0107 wydarzenia, kt\u00f3re nigdy nie by\u0142y w moich planach. A jeszcze, gdy s\u0105 mi\u0142e, sympatyczne i po\u017cyteczne, to szcz\u0119\u015bcie jest ju\u017c naprawd\u0119 pe\u0142ne.<\/p>\n","protected":false},"author":2,"featured_media":0,"comment_status":"open","ping_status":"open","sticky":false,"template":"","format":"standard","meta":[],"categories":[5],"tags":[],"_links":{"self":[{"href":"https:\/\/sporek.com\/blog\/index.php?rest_route=\/wp\/v2\/posts\/534"}],"collection":[{"href":"https:\/\/sporek.com\/blog\/index.php?rest_route=\/wp\/v2\/posts"}],"about":[{"href":"https:\/\/sporek.com\/blog\/index.php?rest_route=\/wp\/v2\/types\/post"}],"author":[{"embeddable":true,"href":"https:\/\/sporek.com\/blog\/index.php?rest_route=\/wp\/v2\/users\/2"}],"replies":[{"embeddable":true,"href":"https:\/\/sporek.com\/blog\/index.php?rest_route=%2Fwp%2Fv2%2Fcomments&post=534"}],"version-history":[{"count":0,"href":"https:\/\/sporek.com\/blog\/index.php?rest_route=\/wp\/v2\/posts\/534\/revisions"}],"wp:attachment":[{"href":"https:\/\/sporek.com\/blog\/index.php?rest_route=%2Fwp%2Fv2%2Fmedia&parent=534"}],"wp:term":[{"taxonomy":"category","embeddable":true,"href":"https:\/\/sporek.com\/blog\/index.php?rest_route=%2Fwp%2Fv2%2Fcategories&post=534"},{"taxonomy":"post_tag","embeddable":true,"href":"https:\/\/sporek.com\/blog\/index.php?rest_route=%2Fwp%2Fv2%2Ftags&post=534"}],"curies":[{"name":"wp","href":"https:\/\/api.w.org\/{rel}","templated":true}]}}