{"id":535,"date":"2016-09-29T22:09:29","date_gmt":"2016-09-30T02:09:29","guid":{"rendered":"http:\/\/sporek.com\/blog\/?p=535"},"modified":"2016-10-03T22:23:09","modified_gmt":"2016-10-04T02:23:09","slug":"zdrajcy-szalbierze-i-%e2%80%a6-kandydat","status":"publish","type":"post","link":"https:\/\/sporek.com\/blog\/?p=535","title":{"rendered":"Zdrajcy, szalbierze i \u2026 kandydat"},"content":{"rendered":"<p><strong style=\"font-weight: normal\"> <span style=\"color: #000000; font-family: Verdana; font-size: 13.33px; font-style: normal; font-variant: normal; font-weight: 400; text-decoration: none; vertical-align: baseline; background-color: transparent\"><\/span><\/strong><\/p>\n<p><strong style=\"font-weight: normal\"><\/strong><\/p>\n<p><strong style=\"font-weight: normal\"><strong style=\"font-weight: normal\"><\/p>\n<p dir=\"ltr\" style=\"line-height: 1.38; margin-top: 0pt; margin-bottom: 10pt\" id=\"docs-internal-guid-3e3984fc-78dc-e091-077c-8447cb72e6dc\"><span style=\"color: #000000; font-family: Verdana; font-size: 12px; font-style: normal; font-variant: normal; font-weight: 400; text-decoration: none; vertical-align: baseline; background-color: transparent\">Uwielbiam Sienkiewicza, ale i Norwida. Szczeg\u00f3lnie tych dw\u00f3ch, oczywi\u015bcie i Herberta i Mackiewicza. Czemu akurat o tych pisarzach <!--more-->wyra\u017cam si\u0119 z tak\u0105 atencj\u0105? Ot\u00f3\u017c wszyscy oni maj\u0105 jeden mianownik wsp\u00f3lny: czarne u nich czarne, bia\u0142e jest bia\u0142e. Polacy, po o\u015bmiu latach rz\u0105d\u00f3w PO\/PSL maj\u0105 ogromne problemy z nazywaniem tych kolor\u00f3w, tak, jak maj\u0105 problem z nazywaniem zdrajc\u00f3w, zdrajcami, donosicieli, donosicielami. Kiedy\u015b by\u0142o to niesamowicie proste i\u2026 na pochybel z nim! Dzisiaj, to <\/span><span style=\"color: #000000; font-family: Verdana; font-size: 12px; font-style: italic; font-variant: normal; font-weight: 400; text-decoration: none; vertical-align: baseline; background-color: transparent\">gra polityczna, uk\u0142ady, walka o demokracj\u0119. <\/span><span style=\"color: #000000; font-family: Verdana; font-size: 12px; font-style: normal; font-variant: normal; font-weight: 400; text-decoration: none; vertical-align: baseline; background-color: transparent\">A codzienno\u015bc pokazuje szalenie ostro, \u017ce mamy ludzi prawych i sprzedawczyk\u00f3w, zdrajc\u00f3w, kapusi\u00f3w i donosicieli. I tak powinni\u015bmy ich nazywa\u0107 za to, \u017ce donosz\u0105 na Polsk\u0119, \u017ce g\u0142osuj\u0105 przeciwko Polsce, \u017ce knuj\u0105, \u017ce niszcz\u0105 nasz kraj i w dodatku robi\u0105 to za ci\u0119\u017cZdrajcy, szalbierze i \u2026 kandydatkie pieni\u0105dze w\u0142a\u015bnie od obcych. Boni, agent, Hubner, co to komisarzem by\u0142a, Olbrycht Jan (p<!--more-->rzykro mi, \u017ce z Rybnika) Thun, Rosati, Geringer de Odedenberg, Jaz\u0142owiecka, Kalinowski, Lewandowski, lewacki libera\u0142 odpowiedzialny niegdy\u015b za z\u0142odziejsk\u0105 prywatyzacj\u0119 Polski, skompromitowana wielekro\u0107 Pitera (kupi\u0142a w Warszawie mieszkanie za \u2026 15 tysi\u0119cy z\u0142otych!), Wa\u0142\u0119sa, Junior, Gierek, Junior, Liberadzki, \u0142ybacka, Zemke, Zdrojewski i Zwiefka. Wszyscy g\u0142osowali za haniebn\u0105 dla Polski rezolucj\u0105. To wsp\u00f3\u0142cze\u015bni Braniccy, Radziwi\u0142\u0142owie, Potoccy i Rzewuscy. Dworzanie Europy, bez wstydu, bez honoru. <\/span><\/p>\n<p><\/strong><\/strong><strong style=\"font-weight: normal\"><\/strong><strong style=\"font-weight: normal\"><\/strong><\/p>\n<p><strong style=\"font-weight: normal\"><strong style=\"font-weight: normal\"><\/p>\n<p dir=\"ltr\" style=\"line-height: 1.38; margin-top: 0pt; margin-bottom: 10pt\" id=\"docs-internal-guid-3e3984fc-78d8-9e71-74dd-ad94e2c4ae5b\"><span style=\"color: #000000; font-family: Verdana; font-size: 12px; font-style: normal; font-variant: normal; font-weight: 400; text-decoration: none; vertical-align: baseline; background-color: transparent\">I oto przeciwleg\u0142y biegun zachowa\u0144 polskich europijawek; w\u0119gierski przyw\u00f3dca Viktor Orb\u00e1n jednoznacznie popar\u0142 dzia\u0142ania rz\u0105du PiS-u i w jednym z wywiad\u00f3w powiedzia\u0142, \u017ce jego rz\u0105d nigdy nie zag\u0142osuje za przyj\u0119ciem ewentualnej decyzji o na\u0142o\u017ceniu unijnych sankcji na Polsk\u0119. A w wywiadzie dla niemieckiego \u201eBilda\u201d m\u00f3wi: <\/span><span style=\"color: #000000; font-family: Verdana; font-size: 12px; font-style: italic; font-variant: normal; font-weight: 400; text-decoration: none; vertical-align: baseline; background-color: transparent\">Za Polsk\u0119 wielu z nas przela\u0142oby krew, a wielu Polak\u00f3w odda\u0142oby \u017cycie za W\u0119gry. W przesz\u0142o\u015bci nieraz tak by\u0142o.<\/span><span style=\"color: #000000; font-family: Verdana; font-size: 12px; font-style: normal; font-variant: normal; font-weight: 400; text-decoration: none; vertical-align: baseline; background-color: transparent\"> W dniu w\u0119gierskiego \u015bwi\u0119ta narodowego, 15 marca Orb\u00e1n apelowa\u0142 do Europy: <\/span><span style=\"color: #000000; font-family: Verdana; font-size: 12px; font-style: normal; font-variant: normal; font-weight: 700; text-decoration: none; vertical-align: baseline; background-color: transparent\">Wi\u0119cej szacunku dla Polak\u00f3w!<\/span><span style=\"color: #000000; font-family: Verdana; font-size: 12px; font-style: normal; font-variant: normal; font-weight: 400; text-decoration: none; vertical-align: baseline; background-color: transparent\">.<\/span><\/p>\n<p dir=\"ltr\" style=\"line-height: 1.38; margin-top: 0pt; margin-bottom: 0pt\"><span style=\"color: #000000; font-family: Verdana; font-size: 12px; font-style: normal; font-variant: normal; font-weight: 400; text-decoration: none; vertical-align: baseline; background-color: transparent\">To polskie pojmowanie wolno\u015bci i walki o niezale\u017cno\u015b\u0107 w niema\u0142ym stopniu ukszta\u0142towa\u0142o tego polityka, kt\u00f3ry uchodzi za jednego z najskuteczniejszych w Europie. Dlatego szczere wydaj\u0105 si\u0119 s\u0142owa Orb\u00e1na: Niech B\u00f3g b\u0142ogos\u0142awi Polsk\u0119 za to, \u017ce jest z nami. Wychowa\u0142 si\u0119 na W\u0119grzech, a jego idolem i najbli\u017cszym sercu krajem sta\u0142a si\u0119 Polska. A ci, wy\u017cej wymienieni? Gdzie si\u0119 wychowali? Mam nadziej\u0119, \u017ce wyborcy nie przed\u0142u\u017c\u0105 im kadencji. Ich czas powinien si\u0119 sko\u0144czy\u0107 razem z czasem Platformy i PSL w rz\u0105dzeniu Polsk\u0105.<\/span><\/p>\n<p dir=\"ltr\" style=\"line-height: 1.38; margin-top: 0pt; margin-bottom: 0pt\">&nbsp;<\/p>\n<p dir=\"ltr\" style=\"line-height: 1.38; margin-top: 0pt; margin-bottom: 10pt\" id=\"docs-internal-guid-3e3984fc-78d8-9e71-74dd-ad94e2c4ae5b\"><span style=\"color: #000000; font-family: Verdana; font-size: 12px; font-style: normal; font-variant: normal; font-weight: 700; text-decoration: none; vertical-align: baseline; background-color: transparent\">Dycha dla Rycha<\/span><span style=\"color: #000000; font-family: Verdana; font-size: 12px; font-style: normal; font-variant: normal; font-weight: 400; text-decoration: none; vertical-align: baseline; background-color: transparent\">, czyli Naiwni wyst\u0105p! Bezczelno\u015b\u0107 tego faceta nie zna granic. Niedawno og\u0142asza\u0142 najni\u017cszy stan \u017cebractwa swojej partii, &#8211; <\/span><span style=\"color: #000000; font-family: Verdana; font-size: 12px; font-style: italic; font-variant: normal; font-weight: 400; text-decoration: none; vertical-align: baseline; background-color: transparent\">rodacy, dajcie po dysze<\/span><span style=\"color: #000000; font-family: Verdana; font-size: 12px; font-style: normal; font-variant: normal; font-weight: 400; text-decoration: none; vertical-align: baseline; background-color: transparent\">. <\/span><span style=\"color: #000000; font-family: Verdana; font-size: 12px; font-style: normal; font-variant: normal; font-weight: 400; text-decoration: none; vertical-align: baseline; background-color: transparent\">Teraz, kiedy wysz\u0142o na jaw, \u017ce Petru ze swoj\u0105 parti\u0105 przewalili kilka milion\u00f3w, a jeszcze wzi\u0119li 2 miliony kredytu na kampani\u0119 wyborcz\u0105, w kt\u00f3rej ten fircyk by\u0142 z g\u00f3ry skazany na przegran\u0105, &#8211; \u201egenialny ekonomista\u201d, (bez studi\u00f3w ekonomicznych), kt\u00f3ry w dodatku aspiruje do bycia <\/span><span style=\"color: #000000; font-family: Verdana; font-size: 12px; font-style: normal; font-variant: normal; font-weight: 700; text-decoration: none; vertical-align: baseline; background-color: transparent\">premierem<\/span><span style=\"color: #000000; font-family: Verdana; font-size: 12px; font-style: normal; font-variant: normal; font-weight: 400; text-decoration: none; vertical-align: baseline; background-color: transparent\"> naszego kraju, og\u0142osi\u0142 totalne \u017cebry, ale ju\u017c na bardzo wysokim poziomie; ju\u017c nie dycha. Oto jego apel:<\/span><\/p>\n<p dir=\"ltr\" style=\"line-height: 1.38; margin-top: 0pt; margin-bottom: 0pt\"><span style=\"color: #000000; font-family: Verdana; font-size: 12px; font-style: italic; font-variant: normal; font-weight: 400; text-decoration: none; vertical-align: baseline; background-color: transparent\">27 tysi\u0119cy od osoby fizycznej po to, \u017ceby\u015bmy mogli szybko sp\u0142aci\u0107 kredyt i jeszcze prowadzi\u0107 siln\u0105 kampani\u0119 w najbli\u017cszych miesi\u0105cach.<\/span><\/p>\n<p dir=\"ltr\" style=\"line-height: 1.38; margin-top: 0pt; margin-bottom: 0pt\"><span style=\"color: #000000; font-family: Verdana; font-size: 12px; font-style: normal; font-variant: normal; font-weight: 400; text-decoration: none; vertical-align: baseline; background-color: transparent\">Nale\u017cy to czyta\u0107: \u2026po to, aby\u015bmy sobie mogli dalej harcowa\u0107 po sejmowych komnatach, udawa\u0107 zaanga\u017cowanych polityk\u00f3w, <\/span><span style=\"color: #000000; font-family: Verdana; font-size: 12px; font-style: italic; font-variant: normal; font-weight: 400; text-decoration: none; vertical-align: baseline; background-color: transparent\">doradzaj\u0105cych, <\/span><span style=\"color: #000000; font-family: Verdana; font-size: 12px; font-style: normal; font-variant: normal; font-weight: 400; text-decoration: none; vertical-align: baseline; background-color: transparent\">\u00a0\u015bwietnie sk\u0105din\u0105d dzia\u0142aj\u0105cemu rz\u0105dowi. Liczy\u0107 wprawdzie nie umiemy, ale c\u00f3\u017c tam 4 miliony, mo\u017cna roztrwoni\u0107 du\u017co wi\u0119cej, &#8211; co\u015b tam jeszcze po tej Platformie zosta\u0142o. <\/span><span style=\"color: #000000; font-family: Verdana; font-size: 12px; font-style: normal; font-variant: normal; font-weight: 700; text-decoration: none; vertical-align: baseline; background-color: transparent\">Petru<\/span><span style=\"color: #000000; font-family: Verdana; font-size: 12px; font-style: normal; font-variant: normal; font-weight: 400; text-decoration: none; vertical-align: baseline; background-color: transparent\">, na drzewo, &#8211; liczy\u0107 gruszki u sadownik\u00f3w. Jakby powiedzia\u0142 Pan Wojciech: WON!!! A poza tym to has\u0142o powinno brzmie\u0107: szukamy 75 bogatych idiot\u00f3w, kt\u00f3rzy rzuc\u0105 na nasz\u0105 tac\u0119 po 27 tysi\u0119cy, itd, reszta, jak wy\u017cej. Z d\u0142ug\u00f3w i sp\u0142at genialnego wodza, 40 tysi\u0119cy polskich dzieci mog\u0142oby mie\u0107 po 100 z\u0142. Cieszy\u0142yby si\u0119? Na pewno, a tak, naiwni dadz\u0105 Rysiowi, Rysio znowu rozpu\u015bci i tak w k\u00f3\u0142ko. A wa\u0142a, &#8211; id\u017a t\u0142umoku i zar\u00f3b, jak nie umiesz liczy\u0107, albo wydawaj swoje, bo cudze wydaje si\u0119 naj\u0142atwiej. Ani to ekonomista, ani to historyk. To, kto to? Jak to, kto? Petru.<\/span><\/p>\n<p dir=\"ltr\" style=\"line-height: 1.38; margin-top: 0pt; margin-bottom: 0pt\">&nbsp;<\/p>\n<p dir=\"ltr\" style=\"line-height: 1.38; margin-top: 0pt; margin-bottom: 10pt\" id=\"docs-internal-guid-3e3984fc-78d8-9e71-74dd-ad94e2c4ae5b\"><span style=\"color: #000000; font-family: Verdana; font-size: 12px; font-style: normal; font-variant: normal; font-weight: 700; text-decoration: none; vertical-align: baseline; background-color: transparent\">Kto si\u0119 boi Donalda? <\/span><span style=\"color: #000000; font-family: Verdana; font-size: 12px; font-style: normal; font-variant: normal; font-weight: 400; text-decoration: none; vertical-align: baseline; background-color: transparent\">Jak to, kto? Lewactwo. Zna\u0142em kiedy\u015b niejakiego Paw\u0142a Potoroczyna. Jaki to by\u0142 fajny ch\u0142opak, tu w Nowym Jorku. I co si\u0119 z nim probi\u0142o? W dyplomacji nie jest ju\u017c ponad 20 lat. Tutaj by\u0142 szefem Instytutu Kultury, potem to samo robi\u0142 w Londynie, a jeszcze potem zasiedzia\u0142 si\u0119 Instytucie Adama Mickiewicza. Zawsze m\u00f3wi\u0142em: gdybym mia\u0142 po\u0142ow\u0119 tych pieni\u0119dzy w moim funduszu, jakie mia\u0142 on tutaj, w Londynie i u Mickiewicza, to o polskich artystach by\u0142oby g\u0142o\u015bno wzd\u0142u\u017c ca\u0142ego R\u00f3wnika i od bieguna, do bieguna. Nagle patrz\u0119, a on rozprawia o Trumpie, jak nawiedzony krytyk podw\u00f3rkowy, a na pasku: <\/span><span style=\"color: #000000; font-family: Verdana; font-size: 12px; font-style: italic; font-variant: normal; font-weight: 400; text-decoration: none; vertical-align: baseline; background-color: transparent\">Pawe\u0142 Potoroczyn, dyplomata<\/span><span style=\"color: #000000; font-family: Verdana; font-size: 12px; font-style: normal; font-variant: normal; font-weight: 400; text-decoration: none; vertical-align: baseline; background-color: transparent\">. Wielkie nieba! Nie rozumiem Polak\u00f3w, kt\u00f3rzy wy\u015bmiewaj\u0105 Trumpa, kt\u00f3zy s\u0105 przeciwko niemu. Ja nie twierdz\u0119, \u017ce jest to kandydat kalibru Reagan, czy Kennedy, kt\u00f3rzy ostatecznie i tak zabrudzili swoje prezydentury, ale mo\u017ce w\u0142a\u015bnie dlatego, \u017ce jest to cz\u0142owiek ca\u0142kowicie nowy nie powinni\u015bmy podk\u0142ada\u0107 mu n\u00f3g? Poza wszystkim, Trump m\u00f3wi to, co wielu Amerykan\u00f3w czuje pod sk\u00f3r\u0105 i skrycie my\u015bli. Powiedzia\u0142 mi to wyznawca partii demokratycznej. A, dlaczego m\u00f3wi\u0142 mi to po cichu? Mog\u0119 si\u0119 tylko domy\u015bla\u0107. Pawe\u0142 Potoroczyn pl\u00f3t\u0142 takie androny, \u017ce zastanawia\u0142em si\u0119, czy on kiedykolwiek mieszka\u0142 w Stanach? Ale potem szybko sobie u\u015bwiadomi\u0142em, \u017ce przecie\u017c Pawe\u0142 by\u0142 namaszczony ze starego uk\u0142adu. No i wszystko jasne. Hillary definitywnie nie powinna zosta\u0107 prezy-dentk\u0105 Stan\u00f3w Zjednoczonych. To by\u0142by koniec tego kraju. Poza wszystkim, ta pani powinna by\u0107 zbadana przez ca\u0142kowicie niezale\u017cne konsylium. Moim zdaniem, co\u015b jest nie tak. Natomiast my powinni\u015bmy pami\u0119ta\u0107, co ona powiedzia\u0142a na Kongresie \u017byd\u00f3w: <\/span><span style=\"color: #000000; font-family: Verdana; font-size: 12px; font-style: normal; font-variant: normal; font-weight: 700; text-decoration: none; vertical-align: baseline; background-color: transparent\">Obieca\u0142a mianowicie, \u017ce je\u015bli wygra wybory, to zrobi wszystko, \u017ceby postawi\u0107 Polsk\u0119 w stan oskra\u017cenia w zwi\u0105zku z przej\u0119ciem maj\u0105tku \u017cyd\u00f3w po 1945 roku.<\/span><\/p>\n<p dir=\"ltr\" style=\"line-height: 1.38; margin-top: 0pt; margin-bottom: 0pt\"><span style=\"color: #000000; font-family: Verdana; font-size: 12px; font-style: normal; font-variant: normal; font-weight: 400; text-decoration: none; vertical-align: baseline; background-color: transparent\">Co\u015b jeszcze dodawa\u0107? Prosz\u0119 bardzo:<\/span><span style=\"color: #000000; font-family: Verdana; font-size: 12px; font-style: normal; font-variant: normal; font-weight: 700; text-decoration: none; vertical-align: baseline; background-color: transparent\"> To w\u0142a\u015bnie pani Clintonowa zbiera\u0142a podpisy od grupy kongresmen\u00f3w pod listem \u017c\u0105daj\u0105cym od Polski wyp\u0142acenia \u017cydom 65 milard\u00f3w dolar\u00f3w.<\/span><\/p>\n<p dir=\"ltr\" style=\"line-height: 1.38; margin-top: 0pt; margin-bottom: 0pt\"><span style=\"color: #000000; font-family: Verdana; font-size: 12px; font-style: normal; font-variant: normal; font-weight: 400; text-decoration: none; vertical-align: baseline; background-color: transparent\">Na szcz\u0119\u015bcie prezydentem Polski by\u0142 wtedy \u015bp. Profesor Lech Kaczy\u0144ski&#8230;<\/span><\/p>\n<p dir=\"ltr\" style=\"line-height: 1.38; margin-top: 0pt; margin-bottom: 10pt\" id=\"docs-internal-guid-3e3984fc-78d8-9e71-74dd-ad94e2c4ae5b\">&nbsp;<\/p>\n<p><\/strong><\/p>\n<p dir=\"ltr\" style=\"line-height: 1.38; margin-top: 0pt; margin-bottom: 10pt\" id=\"docs-internal-guid-3e3984fc-78d8-9e71-74dd-ad94e2c4ae5b\">&nbsp;<\/p>\n<p dir=\"ltr\" style=\"line-height: 1.38; margin-top: 0pt; margin-bottom: 10pt\" id=\"docs-internal-guid-3e3984fc-78d8-9e71-74dd-ad94e2c4ae5b\">&nbsp;<\/p>\n<p><\/strong><\/p>\n<p dir=\"ltr\" style=\"line-height: 1.38; margin-top: 0pt; margin-bottom: 10pt\" id=\"docs-internal-guid-3e3984fc-78d8-9e71-74dd-ad94e2c4ae5b\">&nbsp;<\/p>\n","protected":false},"excerpt":{"rendered":"<p>Uwielbiam Sienkiewicza, ale i Norwida. Szczeg\u00f3lnie tych dw\u00f3ch, oczywi\u015bcie i Herberta i Mackiewicza. Czemu akurat o tych pisarzach<\/p>\n","protected":false},"author":2,"featured_media":0,"comment_status":"open","ping_status":"open","sticky":false,"template":"","format":"standard","meta":[],"categories":[4],"tags":[],"_links":{"self":[{"href":"https:\/\/sporek.com\/blog\/index.php?rest_route=\/wp\/v2\/posts\/535"}],"collection":[{"href":"https:\/\/sporek.com\/blog\/index.php?rest_route=\/wp\/v2\/posts"}],"about":[{"href":"https:\/\/sporek.com\/blog\/index.php?rest_route=\/wp\/v2\/types\/post"}],"author":[{"embeddable":true,"href":"https:\/\/sporek.com\/blog\/index.php?rest_route=\/wp\/v2\/users\/2"}],"replies":[{"embeddable":true,"href":"https:\/\/sporek.com\/blog\/index.php?rest_route=%2Fwp%2Fv2%2Fcomments&post=535"}],"version-history":[{"count":0,"href":"https:\/\/sporek.com\/blog\/index.php?rest_route=\/wp\/v2\/posts\/535\/revisions"}],"wp:attachment":[{"href":"https:\/\/sporek.com\/blog\/index.php?rest_route=%2Fwp%2Fv2%2Fmedia&parent=535"}],"wp:term":[{"taxonomy":"category","embeddable":true,"href":"https:\/\/sporek.com\/blog\/index.php?rest_route=%2Fwp%2Fv2%2Fcategories&post=535"},{"taxonomy":"post_tag","embeddable":true,"href":"https:\/\/sporek.com\/blog\/index.php?rest_route=%2Fwp%2Fv2%2Ftags&post=535"}],"curies":[{"name":"wp","href":"https:\/\/api.w.org\/{rel}","templated":true}]}}