{"id":536,"date":"2016-10-03T22:03:03","date_gmt":"2016-10-04T02:03:03","guid":{"rendered":"http:\/\/sporek.com\/blog\/?p=536"},"modified":"2016-10-03T22:20:51","modified_gmt":"2016-10-04T02:20:51","slug":"perfidia-i-amnezja","status":"publish","type":"post","link":"https:\/\/sporek.com\/blog\/?p=536","title":{"rendered":"Perfidia i amnezja"},"content":{"rendered":"<p id=\"docs-internal-guid-668be65d-8d6d-9edd-0219-432f1d3bff80\" style=\"line-height: 1.38; margin-top: 0pt; margin-bottom: 0pt\" dir=\"ltr\"><span style=\"color: #000000; font-family: Arial; font-size: 14.66px; font-style: normal; font-variant: normal; font-weight: 400; text-decoration: none; vertical-align: baseline; background-color: transparent\">Na konwencji <\/span><span style=\"color: #000000; font-family: Arial; font-size: 14.66px; font-style: normal; font-variant: normal; font-weight: 700; text-decoration: none; vertical-align: baseline; background-color: transparent\">P<\/span><span style=\"color: #000000; font-family: Arial; font-size: 14.66px; font-style: normal; font-variant: normal; font-weight: 400; text-decoration: none; vertical-align: baseline; background-color: transparent\">artii <\/span><span style=\"color: #000000; font-family: Arial; font-size: 14.66px; font-style: normal; font-variant: normal; font-weight: 700; text-decoration: none; vertical-align: baseline; background-color: transparent\">O<\/span><span style=\"color: #000000; font-family: Arial; font-size: 14.66px; font-style: normal; font-variant: normal; font-weight: 400; text-decoration: none; vertical-align: baseline; background-color: transparent\">szust\u00f3w dosz\u0142o do niezwyk\u0142ego wytrysku intelektu by\u0142ego prezyd\u0119ta Polski, Lecha Wa\u0142\u0119sy i obecnego przewodnicz\u0105cego PO, Grzegorza Schetyny. <!--more-->Warto zapami\u0119ta\u0107 ich niezwykle intelektualne, patriotyczne przem\u00f3wienia. A ju\u017c na pewno poni\u017csze fragmenty. Zas\u0142uguj\u0105 one bowiem na tytu\u0142y <\/span><span style=\"color: #000000; font-family: Arial; font-size: 14.66px; font-style: normal; font-variant: normal; font-weight: 700; text-decoration: none; vertical-align: baseline; background-color: transparent\">bzdur roku 2016<\/span><span style=\"color: #000000; font-family: Arial; font-size: 14.66px; font-style: normal; font-variant: normal; font-weight: 400; text-decoration: none; vertical-align: baseline; background-color: transparent\">.<\/span><\/p>\n<p><strong style=\"font-weight: normal\"><strong style=\"font-weight: normal\"><\/p>\n<p style=\"line-height: 1.38; margin-top: 0pt; margin-bottom: 10pt\" dir=\"ltr\"><span style=\"color: #000000; font-family: Verdana; font-size: 13.33px; font-style: normal; font-variant: normal; font-weight: 700; text-decoration: none; vertical-align: baseline; background-color: transparent\">Lech Wa\u0142\u0119sa do Platformers\u00f3w:<\/span><\/p>\n<p style=\"line-height: 1.38; margin-top: 0pt; margin-bottom: 10pt\" dir=\"ltr\"><span style=\"color: #000000; font-family: Verdana; font-size: 13.33px; font-style: normal; font-variant: normal; font-weight: 700; text-decoration: none; vertical-align: baseline; background-color: transparent\">\u201eTak daleko rozstroili prawie <\/span><span style=\"color: #000000; font-family: Verdana; font-size: 13.33px; font-style: normal; font-variant: normal; font-weight: 700; text-decoration: underline; vertical-align: baseline; background-color: transparent\">wszystkie uk\u0142ady\u2026\u201d<\/span><\/p>\n<p style=\"line-height: 1.38; margin-top: 0pt; margin-bottom: 10pt\" dir=\"ltr\"><span style=\"color: #cc0000; font-family: Verdana; font-size: 13.33px; font-style: normal; font-variant: normal; font-weight: 400; text-decoration: underline; vertical-align: baseline; background-color: transparent\">-No i o te \u201euk\u0142ady\u201d chodzi najbardziej.<\/span><\/p>\n<p style=\"line-height: 1.38; margin-top: 0pt; margin-bottom: 10pt\" dir=\"ltr\"><span style=\"color: #000000; font-family: Verdana; font-size: 13.33px; font-style: normal; font-variant: normal; font-weight: 700; text-decoration: none; vertical-align: baseline; background-color: transparent\">\u201e\u2026, a do uczciwo\u015bci wr\u00f3cimy, jak si\u0119 uratujemy\u2026\u201d<\/span><\/p>\n<p style=\"line-height: 1.38; margin-top: 0pt; margin-bottom: 10pt\" dir=\"ltr\"><span style=\"color: #cc0000; font-family: Verdana; font-size: 13.33px; font-style: normal; font-variant: normal; font-weight: 400; text-decoration: underline; vertical-align: baseline; background-color: transparent\">-Bo dotychczas byli\u015bmy po prostu nieuczciwi, &#8211; zapomnia\u0142 doda\u0107.<\/span><\/p>\n<p style=\"line-height: 1.38; margin-top: 0pt; margin-bottom: 10pt\" dir=\"ltr\"><span style=\"color: #000000; font-family: Verdana; font-size: 13.33px; font-style: normal; font-variant: normal; font-weight: 700; text-decoration: none; vertical-align: baseline; background-color: transparent\">\u201eZaapelujemy do tych ludzi, kt\u00f3rzy do\u015b\u0107 tanio nabyli maj\u0105tek i powiemy, &#8211; <\/span><span style=\"color: #000000; font-family: Verdana; font-size: 13.33px; font-style: italic; font-variant: normal; font-weight: 700; text-decoration: none; vertical-align: baseline; background-color: transparent\">no, s\u0142uchaj, no wiemy, uratowa\u0142e\u015b, mamy, co je\u015b\u0107, ale troch\u0119 sprawiedliwo\u015bci\u2026, to sypnij, wiesz, bo wielu si\u0119 nie uda\u0142o\u2026<\/span><\/p>\n<p style=\"line-height: 1.38; margin-top: 0pt; margin-bottom: 10pt\" dir=\"ltr\"><span style=\"color: #cc0000; font-family: Verdana; font-size: 13.33px; font-style: normal; font-variant: normal; font-weight: 400; text-decoration: none; vertical-align: baseline; background-color: transparent\">&#8211;<\/span><span style=\"color: #cc0000; font-family: Verdana; font-size: 13.33px; font-style: normal; font-variant: normal; font-weight: 400; text-decoration: underline; vertical-align: baseline; background-color: transparent\">Pomijam ten durny j\u0119zyk, ale Lechu niechc\u0105cy przyzna\u0142, \u017ce prywatyzacja by\u0142a robiona w spos\u00f3b, co najmniej podejrzany.<\/span><\/p>\n<p style=\"line-height: 1.38; margin-top: 0pt; margin-bottom: 10pt\" dir=\"ltr\"><span style=\"color: #000000; font-family: Verdana; font-size: 13.33px; font-style: normal; font-variant: normal; font-weight: 400; text-decoration: none; vertical-align: baseline; background-color: transparent\"><\/span><\/p>\n<p style=\"line-height: 1.38; margin-top: 0pt; margin-bottom: 10pt\" dir=\"ltr\"><span style=\"color: #000000; font-family: Verdana; font-size: 13.33px; font-style: normal; font-variant: normal; font-weight: 700; text-decoration: none; vertical-align: baseline; background-color: transparent\">A Schetyna:<\/span><\/p>\n<p style=\"line-height: 1.38; margin-top: 0pt; margin-bottom: 10pt\" dir=\"ltr\"><span style=\"color: #000000; font-family: Verdana; font-size: 13.33px; font-style: normal; font-variant: normal; font-weight: 700; text-decoration: none; vertical-align: baseline; background-color: transparent\">\u201eZlikwidujemy IPN, zlikwidujemy te\u017c CBA\u201d<\/span><\/p>\n<p style=\"line-height: 1.38; margin-top: 0pt; margin-bottom: 10pt\" dir=\"ltr\"><span style=\"color: #cc0000; font-family: Verdana; font-size: 13.33px; font-style: normal; font-variant: normal; font-weight: 400; text-decoration: underline; vertical-align: baseline; background-color: transparent\">-Ten z kolei zapomnia\u0142 doda\u0107, \u017ce najbardziej znowu b\u0119d\u0105 si\u0119 cieszy\u0107 aferzy\u015bci <\/span><span style=\"color: #cc0000; font-family: Verdana; font-size: 13.33px; font-style: normal; font-variant: normal; font-weight: 400; text-decoration: underline; vertical-align: baseline; background-color: transparent\">i z\u0142odzieje Polski, co natychmiast by\u0142o wida\u0107 w postaci gromkich braw.<\/span><\/p>\n<p style=\"line-height: 1.38; margin-top: 0pt; margin-bottom: 10pt\" dir=\"ltr\"><span style=\"color: #000000; font-family: Verdana; font-size: 13.33px; font-style: normal; font-variant: normal; font-weight: 700; text-decoration: none; vertical-align: baseline; background-color: transparent\">\u201eUdoskonalimy program 500+, \u00a0tak, \u017ceby przyznany by\u0142 na ka\u017cde dziecko\u201d<\/span><\/p>\n<p style=\"line-height: 1.38; margin-top: 0pt; margin-bottom: 10pt\" dir=\"ltr\"><span style=\"color: #cc0000; font-family: Verdana; font-size: 13.33px; font-style: normal; font-variant: normal; font-weight: 400; text-decoration: underline; vertical-align: baseline; background-color: transparent\">-Jeszcze niedawno krzyczeli, \u017ce 500+ roz\u0142o\u017cy polsk\u0105 gospodark\u0119, teraz \u201cna ka\u017cde dziecko\u201d! Przez osiem lat nie mieli zamiaru zaj\u0105\u0107 si\u0119 polskimi rodzinami, teraz chc\u0105 \u201eudoskonala\u0107\u201d.<\/span><\/p>\n<p><\/strong><\/strong><strong style=\"font-weight: normal\"><strong style=\"font-weight: normal\"><span style=\"color: #000000; font-family: Verdana; font-size: 13.33px; font-style: normal; font-variant: normal; font-weight: 400; text-decoration: none; vertical-align: baseline; background-color: transparent\">A my, po prostu pami\u0119tajmy tych cwaniak\u00f3w i te ich debilne mowy.<\/span><br \/>\n<\/strong><br \/>\n<\/strong><\/p>\n","protected":false},"excerpt":{"rendered":"<p>Na konwencji Partii Oszust\u00f3w dosz\u0142o do niezwyk\u0142ego wytrysku intelektu by\u0142ego prezyd\u0119ta Polski, Lecha Wa\u0142\u0119sy i obecnego przewodnicz\u0105cego PO, Grzegorza Schetyny.<\/p>\n","protected":false},"author":2,"featured_media":0,"comment_status":"open","ping_status":"open","sticky":false,"template":"","format":"standard","meta":[],"categories":[4],"tags":[],"_links":{"self":[{"href":"https:\/\/sporek.com\/blog\/index.php?rest_route=\/wp\/v2\/posts\/536"}],"collection":[{"href":"https:\/\/sporek.com\/blog\/index.php?rest_route=\/wp\/v2\/posts"}],"about":[{"href":"https:\/\/sporek.com\/blog\/index.php?rest_route=\/wp\/v2\/types\/post"}],"author":[{"embeddable":true,"href":"https:\/\/sporek.com\/blog\/index.php?rest_route=\/wp\/v2\/users\/2"}],"replies":[{"embeddable":true,"href":"https:\/\/sporek.com\/blog\/index.php?rest_route=%2Fwp%2Fv2%2Fcomments&post=536"}],"version-history":[{"count":0,"href":"https:\/\/sporek.com\/blog\/index.php?rest_route=\/wp\/v2\/posts\/536\/revisions"}],"wp:attachment":[{"href":"https:\/\/sporek.com\/blog\/index.php?rest_route=%2Fwp%2Fv2%2Fmedia&parent=536"}],"wp:term":[{"taxonomy":"category","embeddable":true,"href":"https:\/\/sporek.com\/blog\/index.php?rest_route=%2Fwp%2Fv2%2Fcategories&post=536"},{"taxonomy":"post_tag","embeddable":true,"href":"https:\/\/sporek.com\/blog\/index.php?rest_route=%2Fwp%2Fv2%2Ftags&post=536"}],"curies":[{"name":"wp","href":"https:\/\/api.w.org\/{rel}","templated":true}]}}