{"id":537,"date":"2016-10-10T21:00:24","date_gmt":"2016-10-11T01:00:24","guid":{"rendered":"http:\/\/sporek.com\/blog\/?p=537"},"modified":"2016-10-27T11:15:30","modified_gmt":"2016-10-27T15:15:30","slug":"dzuma-czy-cholera-oj-panowie","status":"publish","type":"post","link":"https:\/\/sporek.com\/blog\/?p=537","title":{"rendered":"D\u017cuma, czy cholera? Oj, Panowie&#8230;"},"content":{"rendered":"<p><strong style=\"font-weight: normal\"><\/p>\n<p dir=\"ltr\" style=\"line-height: 1.38; margin-top: 0pt; margin-bottom: 0pt\" id=\"docs-internal-guid-fe8489e2-b140-0e20-2c8d-9308de653239\"><span style=\"color: #000000; font-family: Verdana; font-size: 13.33px; font-style: normal; font-variant: normal; font-weight: 400; text-decoration: none; vertical-align: baseline; background-color: transparent\">Wybory prezydenckie w USA wzbudzaj\u0105 zrozumia\u0142e zainteresowanie na ca\u0142ym \u015bwiecie. Przy tej okazji za\u015b objawiaj\u0105 si\u0119 \u201c<\/span><span style=\"color: #000000; font-family: Verdana; font-size: 13.33px; font-style: italic; font-variant: normal; font-weight: 400; text-decoration: none; vertical-align: baseline; background-color: transparent\">wybitne talenty analityk\u00f3w<\/span><span style=\"color: #000000; font-family: Verdana; font-size: 13.33px; font-style: normal; font-variant: normal; font-weight: 400; text-decoration: none; vertical-align: baseline; background-color: transparent\">\u201d politycznych. <!--more-->Kiedy\u015b zachwyca\u0142em si\u0119 Gazet\u0105 Polsk\u0105 i cho\u0107 od wielu miesi\u0119cy nie naby\u0142em ani jednego egzemplarza, to czasem zdarza mi si\u0119 przyj\u0105\u0107 jaki\u015b telefon, od kt\u00f3rego\u015b ze znajomych, &#8211; najcz\u0119\u015bciej cz\u0142onka by\u0142ego, rozwi\u0105zanego w prymitywny spos\u00f3b przez samego Sakiewicza, Tomasza, Klubu Gazety Polskiej, kt\u00f3ry, od czasu, do czasu zerknie na \u0142amy tego, ca\u0142kiem kiedy\u015b poczytnego tygodnika, zwanego gazet\u0105. I tak zadzwoni\u0142 do mnie kolega i m\u00f3wi:<\/span><span style=\"color: #000000; font-family: Verdana; font-size: 13.33px; font-style: italic; font-variant: normal; font-weight: 400; text-decoration: none; vertical-align: baseline; background-color: transparent\"> Stary, czyta\u0142e\u015b, jakie bzdury wypisuj\u0105 w GP o Trumpie? <\/span><span style=\"color: #000000; font-family: Verdana; font-size: 13.33px; font-style: normal; font-variant: normal; font-weight: 400; text-decoration: none; vertical-align: baseline; background-color: transparent\">&#8211; Oczywi\u015bcie, \u017ce nie czyta\u0142em, bo nie czytam od czasu, gdy wymieniony Sakiewicz, Tomasz\u00a0chcia\u0142 przeora\u0107 m\u00f3zgi Polak\u00f3w doktryn\u0105 (w\u0142asn\u0105), jakoby \u201csilna Ukraina, to silna Polska\u201d. Jedno z drugim ma tyle wsp\u00f3lnego, co Kamczatka z Floryd\u0105. No, wi\u0119c kolega cytuje jakie\u015b fragmenty, z kt\u00f3rych wynika jedno: GP postanowi\u0142a wypra\u0107 m\u00f3zgi rodak\u00f3w w kraju teori\u0105, \u017ce wygrana Donalda Trumpa, to koniec Ameryki. Ma\u0142o tego. Dziennikarz GP idzie dalej i wmawia Polakom, \u017ce to te\u017c i koniec NATO oraz ca\u0142kowity upadek finansowy USA. M\u00f3j Bo\u017ce, &#8211; ekspert, goni eksperta. Ja za\u015b dziwi\u0119 si\u0119 i nadziwi\u0107 si\u0119 nie mog\u0119 ministrowi spraw zagranicznych, kt\u00f3ry rzuca egzorcyzmy pot\u0119piaj\u0105ce ameryka\u0144skiego Donalda &#8211; nie myli\u0107 z tym z Brukseli -, a ju\u017c ca\u0142kowicie dobija mnie fakt, \u017ce szanowany przeze mnie minister Morawiecki uwa\u017ca, i\u017c USA maj\u0105 do wyboru \u201cd\u017cum\u0119, albo choler\u0119\u201d. Panowie ministrowie\u2026, a co zrobicie, jak Trump wygra? Gdzie Wasza dyplomacja? Co, przyjedziecie i powiecie: No, c\u00f3\u017c, skoro pan wygra\u0142, to spr\u00f3bujmy wynegocjowa\u0107 te wizy? Kompletnie wam odbi\u0142o. Minister Morawiecki \u201cpodpad\u0142\u201d mi jeszcze w innej sprawie; sk\u0105d ten entuzjazm do umowy CETA, panie ministrze? Przecie\u017c ta umowa Europa-Kanada, to bicz na polskich producent\u00f3w, rolnik\u00f3w i na produkty. Pan tego nie widzi? Tu musz\u0119 si\u0119 sk\u0142oni\u0107 przed ministrami Ziobro i Jaki, kt\u00f3rzy zablokowali ten europejski, antypolski\u00a0i antyeuropejski bubel. Ale wr\u00f3\u0107my do Trumpa. Ten cz\u0142owiek upomina si\u0119 o marnotrawione miliardy dolar\u00f3w na bezsensowne inwazje w Iraku i Syrii. Upomina si\u0119 o 60 tysi\u0119cy ameryka\u0144skich fabryk i 5 milion\u00f3w miejsc pracy. Zwraca uwag\u0119 na niewiarygodnie wysokie zad\u0142u\u017cenie Stan\u00f3w, o czym Hilcia nawet nie wspomina jednym s\u0142owem,\u00a0z lubo\u015bci\u0105 przyrzekaj\u0105c naszym starszym braciom w wierze, \u017ce postawi Polski\u0119 w stan przymusowego wyp\u0142acenia im 65 miliard\u00f3w dolar\u00f3w za to, \u017ce Hitler zr\u00f3wna\u0142 Warszaw\u0119 z ziemi\u0105 i, \u017ce by\u0142a to wina Polski i w\u0142a\u015bnie Polacy maj\u0105 za to zap\u0142aci\u0107. Tylko dlaczego Polacy, a nie Niemcy\u00a0i dlaczego \u017cydom? Czy Amerykanie zap\u0142acicili jakie\u015b odszkodowanie Indianom? Nie b\u0119d\u0119 rozwija\u0142 tego tematu (na razie). A dlaczego porozumienie z Rosj\u0105 z pozycji si\u0142y \u201ceksperci\u201d uwa\u017caj\u0105 za co\u015b negatywnego? Najbardziej w\u0142a\u015bnie my b\u0119dziemy panu Trumpowi za to dzi\u0119kowa\u0107. A co z\u0142ego w deklaracjach zniszczenia pa\u0144stwa islamskiego? Przecie\u017c tak wynosimy Orbana nad wszystkich. I co? Czym r\u00f3\u017cni si\u0119 w\u0119gierskie NIE, dla uchod\u017ac\u00f3w od zapowiadanej polityki Trumpa? A, ju\u017c wiem, &#8211; tym, \u017ce Trump chce zniszczy\u0107 pa\u0144stwo islamskie w kooperacji z Rosj\u0105. No, to krytyka tego postulatu jest co najmniej hipokryzj\u0105. Trump m\u00f3wi o ameryka\u0144skiej dumie, o korzeniach, tradycjach i patrioty\u017amie. Dlaczego polska Prawica ma z tym problem? A udzia\u0142 Amrerykan\u00f3w w obaleniu demokratycznie wybranego rz\u0105du w Kijowie by\u0142 ok ze strony administracji Obamy z Clintonow\u0105 w tle? Hipokryzja. Trump chce \u201c<\/span><span style=\"color: #000000; font-family: Verdana; font-size: 13.33px; font-style: italic; font-variant: normal; font-weight: 400; text-decoration: none; vertical-align: baseline; background-color: transparent\">najpierw zadba\u0107 o Ameryk\u0119<\/span><span style=\"color: #000000; font-family: Verdana; font-size: 13.33px; font-style: normal; font-variant: normal; font-weight: 400; text-decoration: none; vertical-align: baseline; background-color: transparent\">\u201d, czy\u017c to nie parafraza hase\u0142 PiS, GP, Waszczykowskiego, Morawieckiego?<\/span><\/p>\n<p><\/strong><strong style=\"font-weight: normal\"><\/p>\n<p dir=\"ltr\" style=\"line-height: 1.38; margin-top: 0pt; margin-bottom: 0pt\"><span style=\"color: #000000; font-family: Verdana; font-size: 13.33px; font-style: normal; font-variant: normal; font-weight: 400; text-decoration: none; vertical-align: baseline; background-color: transparent\">Panowie, stan\u0119li\u015bcie w jednym szeregu z Robertem de Niro, kt\u00f3ry nieprawdopodobnie obni\u017cy\u0142 sw\u00f3j autorytet, nazywaj\u0105c Donalda Trumpa, kandydata na prezydenta, \u201cidiot\u0105\u201d, a potem deklaruj\u0105c, \u017ce ch\u0119tnie \u201cda\u0142by mu w pysk\u201d. Ten wielki aktor pomyli\u0142 plan filmowy (zagra\u0142 przecie\u017c boksera z Sylwetrem Stallone), z publiczn\u0105 debat\u0105 o przysz\u0142o\u015bci USA. I wcale mu si\u0119 to nie op\u0142aca\u0142o. TVN, a jaka\u017c inna stacja? &#8211; z lubo\u015bci\u0105 pokazywa\u0142a ten prymitywny filmik. Wbrew pozorom, Amerykanie ignoruj\u0105 jego wypowied\u017a, a, w prywatnej rozmowie ze znajomym \u201ctubylcem\u201d us\u0142ysza\u0142em pytanie: <\/span><span style=\"color: #000000; font-family: Verdana; font-size: 13.33px; font-style: italic; font-variant: normal; font-weight: 400; text-decoration: none; vertical-align: baseline; background-color: transparent\">Co si\u0119 sta\u0142o z de Niro, gdzie jego klasa, gdzie jego kultura?<\/span><span style=\"color: #000000; font-family: Verdana; font-size: 13.33px; font-style: normal; font-variant: normal; font-weight: 400; text-decoration: none; vertical-align: baseline; background-color: transparent\"> No, to ma za swoje. B\u0119dzie mia\u0142 du\u017co szcz\u0119\u015bcia, je\u017celi DT nie pozwie go do s\u0105du. Dziennikarz, kt\u00f3ry oznajmi\u0142 kiedy\u015b w telewizji, \u017ce zap\u0142aci 5 mln dolar\u00f3w ka\u017cdemu, kto udowodni, \u017ce Trump nie pochodzi od orangutana, mo\u017ce si\u0119 teraz\u00a0 chwali\u0107, \u017ce ma najwi\u0119kszy problem swojego \u017cycia. Prawnicy D. Trumpa szybko bowiem udowodnili, ze DT urodzi\u0142 si\u0119 z kobiety i m\u0119\u017cczyzny i, co teraz\u2026? Masz gryzipi\u00f3rku 5 milion\u00f3w? <\/span><\/p>\n<p dir=\"ltr\" style=\"line-height: 1.38; margin-top: 0pt; margin-bottom: 0pt\"><span style=\"color: #000000; font-family: Verdana; font-size: 13.33px; font-style: normal; font-variant: normal; font-weight: 400; text-decoration: none; vertical-align: baseline; background-color: transparent\">Akurat de Niro pewnie mia\u0142by tak\u0105 fors\u0119, ale nie jestem do ko\u0144ca pewny, czy Donald Trump b\u0119dzie go chcia\u0142 \u201cza\u0142atwi\u0107\u201d. Mo\u017ce pewnego dnia stan\u0105 twarz\u0105 w twarz i wtedy, co? Robert da w pysk? No, to mia\u0142by rzeczywi\u015bcie problem. To, po co gada\u0107 bzdury? Sam o\u015bmieszy siebie, pr\u0119dzej, czy p\u00f3\u017aniej. Wiadomo jest, \u017ce trzy czwarte Hollywood, to socjali\u015bci, demokraci, libera\u0142owie\u00a0i zwolennicy wszystkiego \u201cna luzie\u201d i \u201ccool\u201d. Na szcz\u0119\u015bcie nie s\u0105 w tym kraju wi\u0119kszo\u015bci\u0105.<\/span><\/p>\n<p dir=\"ltr\" style=\"line-height: 1.38; margin-top: 0pt; margin-bottom: 0pt\"><span style=\"color: #000000; font-family: Verdana; font-size: 13.33px; font-style: normal; font-variant: normal; font-weight: 400; text-decoration: none; vertical-align: baseline; background-color: transparent\">Zmor\u0105, dla najbogatszych Amerykan\u00f3w, szczeg\u00f3lnie dla owych milioner\u00f3w, z kt\u00f3rymi Trump spotka\u0142 si\u0119 w Las Vegas jest jego o\u015bwiadczenie, \u017ce \u201c<\/span><span style=\"color: #000000; font-family: Verdana; font-size: 13.33px; font-style: italic; font-variant: normal; font-weight: 400; text-decoration: none; vertical-align: baseline; background-color: transparent\">Nie potrzebuje ich pieni\u0119dzy\u201d<\/span><span style=\"color: #000000; font-family: Verdana; font-size: 13.33px; font-style: normal; font-variant: normal; font-weight: 400; text-decoration: none; vertical-align: baseline; background-color: transparent\">. No i dziadki wpad\u0142y w histeri\u0119, bo wiadomo nie od dzi\u015b, \u017ce rz\u0105dz\u0105 ci, kt\u00f3rzy daj\u0105 fors\u0119. A tu kandydat forsy nie chce. Ot, siurpryza, mocium panie.<\/span><\/p>\n<p dir=\"ltr\" style=\"line-height: 1.38; margin-top: 0pt; margin-bottom: 0pt\"><span style=\"color: #000000; font-family: Verdana; font-size: 13.33px; font-style: normal; font-variant: normal; font-weight: 400; text-decoration: none; vertical-align: baseline; background-color: transparent\">Ameryka zacz\u0119\u0142a si\u0119 psu\u0107, jak ryba na s\u0142o\u0144cu od chwili, gdy Bush &#8211; Junior, czyli D\u017ciord\u017c Dablju (GW)\u00a0odszed\u0142 w spos\u00f3b zdecydowany od tradycji republika\u0144skich. Bushowie, to biznes, nigdy nie powinni wchodzi\u0107 do Bia\u0142ego Domu, bo nie potrafili rozdzieli\u0107 prywaty od spraw pa\u0144stwowych. Klintonowie, to tragedia jugos\u0142owia\u0144sko-serbsko-bo\u015bniacka, plus przest\u0119pstwa Hilci i racj\u0119 ma DT m\u00f3wi\u0105c we wczorajszej debacie: \u201cgdybym by\u0142 w administracji, to ty siedzia\u0142aby\u015b ju\u017c w wi\u0119zieniu\u201d.<\/span><\/p>\n<p dir=\"ltr\" style=\"line-height: 1.38; margin-top: 0pt; margin-bottom: 0pt\"><span style=\"color: #000000; font-family: Verdana; font-size: 13.33px; font-style: normal; font-variant: normal; font-weight: 400; text-decoration: none; vertical-align: baseline; background-color: transparent\">W ostatni weekend relaksowa\u0142em si\u0119 w Pensylwanii; konie, spacery, mi\u0142e towarzystwo, czytanie, leniuchowanie. Nie mog\u0142em si\u0119 nadziwi\u0107 ile samochod\u00f3w, kt\u00f3re mijali\u015bmy, lub mija\u0142y nas mia\u0142o nad rejestracj\u0105 nalepk\u0119: TRUMP FOR PRESIDENT, albo TRUMP TO WHITE HOUSE.<\/span><\/p>\n<p><\/strong><strong style=\"font-weight: normal\"><span style=\"color: #000000; font-family: Verdana; font-size: 13.33px; font-style: normal; font-variant: normal; font-weight: 400; text-decoration: none; vertical-align: baseline; background-color: transparent\">I tym, optymistycznym akcentem zako\u0144cz\u0119, maj\u0105c jednak w sercu trosk\u0119 o ministra Waszczykowskiego, kt\u00f3ry kiedy\u015b b\u0119dzie musia\u0142 spojrze\u0107 prezydentowi Trumpowi w oczy i poda\u0107 mu r\u0119k\u0119&#8230;<\/span><br \/>\n<\/strong><\/p>\n","protected":false},"excerpt":{"rendered":"<p>Wybory prezydenckie w USA wzbudzaj\u0105 zrozumia\u0142e zainteresowanie na ca\u0142ym \u015bwiecie. Przy tej okazji za\u015b objawiaj\u0105 si\u0119 \u201cwybitne talenty analityk\u00f3w\u201d politycznych.<\/p>\n","protected":false},"author":2,"featured_media":0,"comment_status":"open","ping_status":"open","sticky":false,"template":"","format":"standard","meta":[],"categories":[4],"tags":[],"_links":{"self":[{"href":"https:\/\/sporek.com\/blog\/index.php?rest_route=\/wp\/v2\/posts\/537"}],"collection":[{"href":"https:\/\/sporek.com\/blog\/index.php?rest_route=\/wp\/v2\/posts"}],"about":[{"href":"https:\/\/sporek.com\/blog\/index.php?rest_route=\/wp\/v2\/types\/post"}],"author":[{"embeddable":true,"href":"https:\/\/sporek.com\/blog\/index.php?rest_route=\/wp\/v2\/users\/2"}],"replies":[{"embeddable":true,"href":"https:\/\/sporek.com\/blog\/index.php?rest_route=%2Fwp%2Fv2%2Fcomments&post=537"}],"version-history":[{"count":0,"href":"https:\/\/sporek.com\/blog\/index.php?rest_route=\/wp\/v2\/posts\/537\/revisions"}],"wp:attachment":[{"href":"https:\/\/sporek.com\/blog\/index.php?rest_route=%2Fwp%2Fv2%2Fmedia&parent=537"}],"wp:term":[{"taxonomy":"category","embeddable":true,"href":"https:\/\/sporek.com\/blog\/index.php?rest_route=%2Fwp%2Fv2%2Fcategories&post=537"},{"taxonomy":"post_tag","embeddable":true,"href":"https:\/\/sporek.com\/blog\/index.php?rest_route=%2Fwp%2Fv2%2Ftags&post=537"}],"curies":[{"name":"wp","href":"https:\/\/api.w.org\/{rel}","templated":true}]}}