{"id":538,"date":"2016-10-12T23:13:19","date_gmt":"2016-10-13T03:13:19","guid":{"rendered":"http:\/\/sporek.com\/blog\/?p=538"},"modified":"2016-10-13T22:30:57","modified_gmt":"2016-10-14T02:30:57","slug":"cara-mba-cale","status":"publish","type":"post","link":"https:\/\/sporek.com\/blog\/?p=538","title":{"rendered":"Cara-mba-cale"},"content":{"rendered":"<p dir=\"ltr\" style=\"line-height: 1.38; margin-top: 0pt; margin-bottom: 0pt\" id=\"docs-internal-guid-ca067e0e-bbff-40ab-c671-9e993d394aea\"><span style=\"color: #000000; font-family: Verdana; font-size: 13.33px; font-style: normal; font-variant: normal; font-weight: 400; text-decoration: none; vertical-align: baseline; background-color: transparent\">Tusk do paki<\/span><\/p>\n<p><strong style=\"font-weight: normal\"><\/p>\n<p dir=\"ltr\" style=\"line-height: 1.38; margin-top: 0pt; margin-bottom: 0pt\"><span style=\"color: #000000; font-family: Verdana; font-size: 13.33px; font-style: normal; font-variant: normal; font-weight: 400; text-decoration: none; vertical-align: baseline; background-color: transparent\">Janda, zamknij teatr<!--more--><\/span><\/p>\n<p><\/strong><strong style=\"font-weight: normal\"><\/p>\n<p dir=\"ltr\" style=\"line-height: 1.38; margin-top: 0pt; margin-bottom: 0pt\"><span style=\"color: #000000; font-family: Verdana; font-size: 13.33px; font-style: normal; font-variant: normal; font-weight: 400; text-decoration: none; vertical-align: baseline; background-color: transparent\">Mam pytanie do tych wszystkich ujadaczy, co na pasku europejskim chodz\u0105, co by zrobili, gdyby si\u0119 dowiedzieli, \u017ce towar, kt\u00f3ry kupili na targu, zosta\u0142 sprzedany za po\u0142ow\u0119 ceny ich znajomemu. Wr\u00f3ciliby na targowisko, obili g\u0119b\u0119 sprzedawcy, i zapowiedzieliby, \u017ce nigdy ju\u017c u niego nie kupi\u0105 niczego. Jestem pewien, \u017ce tak zrobiliby w\u0142a\u015bnie ci, kt\u00f3rzy teraz rozdzieraj\u0105 szaty, bo francuski prezydent nie przyjedzie do Polski.\u00a0Obrazi\u0142 si\u0119. Zrobiliby tak, bo s\u0105 tak samo prymitywni, jak opisana powy\u017cej reakcja. Reakcja cz\u0142owieka bez klasy, malutkiego. Jak mo\u017cna nie zrozumie\u0107, r\u00f3\u017cnicy finansowej 268 milion\u00f3w z\u0142, a 150 milion\u00f3w z\u0142?<\/span><\/p>\n<p dir=\"ltr\" style=\"line-height: 1.38; margin-top: 0pt; margin-bottom: 0pt\"><span style=\"color: #000000; font-family: Verdana; font-size: 13.33px; font-style: normal; font-variant: normal; font-weight: 400; text-decoration: none; vertical-align: baseline; background-color: transparent\">Bo Kuwejt ma propozycj\u0119 150 milion\u00f3w za sztuk\u0119, a my mieli\u015bmy zap\u0142aci\u0107 258 milion\u00f3w. Id\u017amy dalej; Kuwejt ma dosta\u0107 <\/span><span style=\"color: #000000; font-family: Verdana; font-size: 13.33px; font-style: normal; font-variant: normal; font-weight: 700; text-decoration: none; vertical-align: baseline; background-color: transparent\">30 \u015bmig\u0142owc\u00f3w<\/span><span style=\"color: #000000; font-family: Verdana; font-size: 13.33px; font-style: normal; font-variant: normal; font-weight: 400; text-decoration: none; vertical-align: baseline; background-color: transparent\"> <\/span><span style=\"color: #000000; font-family: Verdana; font-size: 13.33px; font-style: normal; font-variant: normal; font-weight: 700; text-decoration: none; vertical-align: baseline; background-color: transparent\">Caracal<\/span><span style=\"color: #000000; font-family: Verdana; font-size: 13.33px; font-style: normal; font-variant: normal; font-weight: 400; text-decoration: none; vertical-align: baseline; background-color: transparent\"> za 4,5 mld z\u0142 (w przeliczeniu oczywi\u015bcie), a my mieli\u015bmy dosta\u0107 50 \u015bmig\u0142owc\u00f3w za 13,4 mld. Czy tak trudno dostrzec, ze \u017cabojady chcia\u0142y nas wydyma\u0107? Co wi\u0119cej, &#8211; zadzwoni\u0142em wczoraj do mojego przyjaciela, Francuza, z czas\u00f3w, gdy by\u0142em z moim zespo\u0142em na festiwalach, we Francji, w latach 1986-87. Powiedzia\u0142 mi bardzo wyra\u017anie i bardzo stanowczo, \u017ce jest mu wstyd i nie dziwi si\u0119 Polakom, \u017ce zako\u0144czyli te negocjacje. On sam nie jest w stanie poj\u0105\u0107, jak mo\u017cna do dw\u00f3ch kraj\u00f3w sprzeda\u0107 ten sam produkt za cen\u0119 dwukrotnie r\u00f3\u017cn\u0105. Decyzj\u0119 prezydenta Republiki Francuskiej uwa\u017ca za kompromituj\u0105c\u0105. Francuz. A co wygaduj\u0105 te paniusie\u00a0i panowie z Nowoczesnej, ca\u0142a ta, po\u017cal si\u0119 Bo\u017ce \u201copozycja\u201d? Wymy\u015blaj\u0105, jakie\u015b miejsca pracy, odszkodowania, i tym podobne bzdury, a tymczasem, to polski przemys\u0142 skorzysta, polscy pracownicy skorzystaj\u0105 i wreszcie Polska skorzysta. Nie wiem, czy wiecie, ale Elektrownia Rybnik zosta\u0142a sprzedana w\u0142a\u015bnie Francuzom. Obiecali, \u017ce zatrudni\u0105 siedem tysi\u0119cy pracownik\u00f3w. Zako\u0144czyli na niespe\u0142na&#8230;czterech tysi\u0105cach. Wydymali? A no, wydymali. Teraz te\u017c chcieli i chwa\u0142a Bogu, \u017ce da\u0142 w\u0142adz\u0119 Prawu i Sprawiedliwo\u015bci, bo mieliby\u015bmy powt\u00f3rk\u0119 z \u201cpierdolino\u201d, kt\u00f3re nigdy nie osi\u0105gnie swoich mo\u017cliwo\u015bci, co jest stwierdzone na sto procent przez fachowc\u00f3w.<\/span><\/p>\n<p dir=\"ltr\" style=\"line-height: 1.38; margin-top: 0pt; margin-bottom: 0pt\"><span style=\"color: #000000; font-family: Verdana; font-size: 13.33px; font-style: normal; font-variant: normal; font-weight: 400; text-decoration: none; vertical-align: baseline; background-color: transparent\">Nareszcie Polska przesta\u0142a by\u0107 wasalem obcych pa\u0144stw, szczeg\u00f3lnie z grupy zachodnich \u201cfilar\u00f3w\u201d Europy, ale niestety, s\u0105 w Polsce ludzie, kt\u00f3rzy na obcym \u017co\u0142dzie jad\u0105, kt\u00f3rzy nie licz\u0105 si\u0119 z w\u0142asnym krajem. Ich sympatie s\u0105 tam, gdzie\u015b, hen daleko, poza polskimi granicami. Oni sprzedaliby wszystko, albo kupili najdro\u017cej, byle tylko poklepano ich po plecach. <\/span><\/p>\n<p dir=\"ltr\" style=\"line-height: 1.38; margin-top: 0pt; margin-bottom: 0pt\"><span style=\"color: #000000; font-family: Verdana; font-size: 13.33px; font-style: normal; font-variant: normal; font-weight: 400; text-decoration: none; vertical-align: baseline; background-color: transparent\">Napoleon wykorzysta\u0142 Marysi\u0119, nie pozw\u00f3lmy, \u017ceby Hollande wykorzysta\u0142 nasz\u0105 Matk\u0119 Polsk\u0119. I tyle.<\/span><\/p>\n<p dir=\"ltr\" style=\"line-height: 1.38; margin-top: 0pt; margin-bottom: 0pt\">&nbsp;<\/p>\n<p dir=\"ltr\" style=\"line-height: 1.38; margin-top: 0pt; margin-bottom: 0pt\"><span style=\"color: #000000; font-family: Verdana; font-size: 13.33px; font-style: normal; font-variant: normal; font-weight: 400; text-decoration: none; vertical-align: baseline; background-color: transparent\">-Tusk powiedzia\u0142 prawd\u0119! Ludzie, sensacja! Powiedzia\u0142 prawd\u0119 i wcale si\u0119 nie pomyli\u0142. Kiedy, gdzie, komu? A, no w Niemczech, podczas, jakiej\u015b tam konferencji po\u015bwi\u0119conej kondycji Unii Europejskiej. Jak przysta\u0142o na inteligentnego \u201cprezydenta Europy\u201d, Tusk m\u00f3wi\u0142 o&#8230;Polsce i, jako si\u0119 rzek\u0142o, powiedzia\u0142 prawd\u0119. Powiedzia\u0142 mianowicie, \u017ce \u201c<\/span><span style=\"color: #000000; font-family: Verdana; font-size: 13.33px; font-style: italic; font-variant: normal; font-weight: 400; text-decoration: none; vertical-align: baseline; background-color: transparent\">nie jest zadowolony ze swoich nast\u0119pc\u00f3w, w Warszawie<\/span><span style=\"color: #000000; font-family: Verdana; font-size: 13.33px; font-style: normal; font-variant: normal; font-weight: 400; text-decoration: none; vertical-align: baseline; background-color: transparent\">\u201d. Ja bym te\u017c nie by\u0142 na jego miejscu. Cholerne PiS i ta ca\u0142a Szyd\u0142o; 500+, mieszkania+, kana\u0142 do Ba\u0142tyku, pokazuj\u0105cy Putinowi gest Kozakiewicza, a ten przekl\u0119ty Ziobro? No i wyjd\u0105 teraz te wszystkie machloje urz\u0119dnik\u00f3w, s\u0119dzi\u00f3w, s\u0142u\u017cb specjalnych. Szlag by trafi\u0142, z czego tu by\u0107 zadowolony? Biedna Hania, p\u00f3jdzie siedzie\u0107, czy nie? A co ze mn\u0105? A co z tymi, co zabili Jolant\u0119 Brzesk\u0105? Niech to wszyscy diabli.<\/span><\/p>\n<p dir=\"ltr\" style=\"line-height: 1.38; margin-top: 0pt; margin-bottom: 0pt\"><span style=\"color: #000000; font-family: Verdana; font-size: 13.33px; font-style: normal; font-variant: normal; font-weight: 400; text-decoration: none; vertical-align: baseline; background-color: transparent\">Ale najgorsze, Panie Prezydencie Tusk, to to, \u017ce post\u0119powania \u015bledcze w Polsce mog\u0105 diametralnie pokrzy\u017cowa\u0107 Pa\u0144skie plany nie tylko z karier\u0105 europejsk\u0105 zwi\u0105zane. Pan po prostu mo\u017ce i\u015b\u0107 za kratki, z czego osobi\u015bcie bardzo bym si\u0119 cieszy\u0142. Najpowa\u017cniejszym zarzutem, jaki mo\u017ce dosta\u0107 Tusk w zwi\u0105zku z katastrof\u0105 smole\u0144sk\u0105, jest ten, \u017ce z\u0142ama\u0142 on artyku\u0142 129 KK, oddaj\u0105c \u015bledztwo Rosjanom, czyli tym samym dzia\u0142aj\u0105c na niekorzy\u015b\u0107 RP. Nie pomog\u0105 roze\u015bmiane zdj\u0119cia z si\u00f3dmoklasist\u0105 Schulzem i innymi bonzami europejskimi. <\/span><\/p>\n<p dir=\"ltr\" style=\"line-height: 1.38; margin-top: 0pt; margin-bottom: 0pt\">&nbsp;<\/p>\n<p dir=\"ltr\" style=\"line-height: 1.38; margin-top: 0pt; margin-bottom: 0pt\"><span style=\"color: #000000; font-family: Verdana; font-size: 13.33px; font-style: normal; font-variant: normal; font-weight: 400; text-decoration: none; vertical-align: baseline; background-color: transparent\">-Lubi\u0142em Jand\u0119, nie przecz\u0119. Poznali\u015bmy si\u0119 bardzo dawno temu, gdy przyjecha\u0142a na Greenpoint z monodramem \u201cBia\u0142a bluzka\u201d. Wysz\u0142a na scen\u0119, by rozpocz\u0105\u0107 spektakl, a na sali by\u0142o nas \u2026 siedmioro. Przytomnie, acz z du\u017c\u0105 doz\u0105 za\u017cenowania aktorka zapyta\u0142a, sil\u0105c si\u0119 na bezpo\u015brednio\u015b\u0107:<\/span><span style=\"color: #000000; font-family: Verdana; font-size: 13.33px; font-style: italic; font-variant: normal; font-weight: 400; text-decoration: none; vertical-align: baseline; background-color: transparent\"> \u201cmam kontynuowa\u0107, czy przejdziemy do baru?\u201d<\/span><\/p>\n<p dir=\"ltr\" style=\"line-height: 1.38; margin-top: 0pt; margin-bottom: 0pt\"><span style=\"color: #000000; font-family: Verdana; font-size: 13.33px; font-style: normal; font-variant: normal; font-weight: 400; text-decoration: none; vertical-align: baseline; background-color: transparent\">Przeszli\u015bmy do baru, a oko\u0142o p\u00f3\u0142nocy pojechali\u015bmy kilkoma samochodami do hotelu Red Roof, w New Jersey, sk\u0105d dopiero nad ranem rozjechali\u015bmy si\u0119 do swoich apartament\u00f3w. Wszyscy przepili\u015bmy z Krystyn\u0105 na ty i s\u0142uchali\u015bmy jej wynurze\u0144, anegdot, czasem kto\u015b rzuci\u0142 dowcipem, drinki si\u0119 la\u0142y, humor dopisywa\u0142 i og\u00f3lnie fajna ta Krysia by\u0142a. No i co teraz czytam? Dwa razy\u00a0usuni\u0119ta ci\u0105\u017ca\u00a0i, oczywi\u015bcie odwo\u0142any spektakl, zwracane pieni\u0105dze za bilety (fajnie si\u0119 zwraca, jak si\u0119 niewiele sprzeda\u0142o) i czarny strajk. Jej problem, jej punkt widzenia. Ale zamieszczenie zdj\u0119cia z jakiej\u015b wschodniej gazeciny i podpisanie, \u017ce oto \u201c<\/span><span style=\"color: #000000; font-family: Verdana; font-size: 13.33px; font-style: italic; font-variant: normal; font-weight: 400; text-decoration: none; vertical-align: baseline; background-color: transparent\">polscy katolicy nie ust\u0119puj\u0105 miejsca kobiecie w ci\u0105\u017cy\u201d<\/span><span style=\"color: #000000; font-family: Verdana; font-size: 13.33px; font-style: normal; font-variant: normal; font-weight: 400; text-decoration: none; vertical-align: baseline; background-color: transparent\">, &#8211; Krycha, przegi\u0119\u0142a\u015b. Po c\u00f3\u017c Ci taki spos\u00f3b na szukanie popularno\u015bci? Kobieto, starzej si\u0119 z godno\u015bci\u0105. Czas nie przyrodzenie i nie stanie, jak m\u00f3wi\u0105 Rosjanie. Pog\u00f3d\u017a si\u0119 z tym. PiS, Kaczy\u0144scy dali Ci ongi\u015b dwa razy wi\u0119cej forsy, ni\u017c ktokolwiek inny. Masz jaki\u015b szczeg\u00f3lny pow\u00f3d, \u017ceby na nich teraz plu\u0107? Naprawd\u0119 Ci\u0119 pogi\u0119\u0142o. Gdzie klasa, gdzie godno\u015b\u0107? Ej, Krycha, pracujesz na\u2026 krech\u0119.<\/span><\/p>\n<p><\/strong><\/p>\n","protected":false},"excerpt":{"rendered":"<p>Tusk do paki Janda, zamknij teatr<\/p>\n","protected":false},"author":2,"featured_media":0,"comment_status":"open","ping_status":"open","sticky":false,"template":"","format":"standard","meta":[],"categories":[4],"tags":[],"_links":{"self":[{"href":"https:\/\/sporek.com\/blog\/index.php?rest_route=\/wp\/v2\/posts\/538"}],"collection":[{"href":"https:\/\/sporek.com\/blog\/index.php?rest_route=\/wp\/v2\/posts"}],"about":[{"href":"https:\/\/sporek.com\/blog\/index.php?rest_route=\/wp\/v2\/types\/post"}],"author":[{"embeddable":true,"href":"https:\/\/sporek.com\/blog\/index.php?rest_route=\/wp\/v2\/users\/2"}],"replies":[{"embeddable":true,"href":"https:\/\/sporek.com\/blog\/index.php?rest_route=%2Fwp%2Fv2%2Fcomments&post=538"}],"version-history":[{"count":0,"href":"https:\/\/sporek.com\/blog\/index.php?rest_route=\/wp\/v2\/posts\/538\/revisions"}],"wp:attachment":[{"href":"https:\/\/sporek.com\/blog\/index.php?rest_route=%2Fwp%2Fv2%2Fmedia&parent=538"}],"wp:term":[{"taxonomy":"category","embeddable":true,"href":"https:\/\/sporek.com\/blog\/index.php?rest_route=%2Fwp%2Fv2%2Fcategories&post=538"},{"taxonomy":"post_tag","embeddable":true,"href":"https:\/\/sporek.com\/blog\/index.php?rest_route=%2Fwp%2Fv2%2Ftags&post=538"}],"curies":[{"name":"wp","href":"https:\/\/api.w.org\/{rel}","templated":true}]}}