{"id":539,"date":"2016-10-16T23:45:54","date_gmt":"2016-10-17T03:45:54","guid":{"rendered":"http:\/\/sporek.com\/blog\/?p=539"},"modified":"2016-10-17T01:08:43","modified_gmt":"2016-10-17T05:08:43","slug":"dziedzictwo","status":"publish","type":"post","link":"https:\/\/sporek.com\/blog\/?p=539","title":{"rendered":"Dziedzictwo"},"content":{"rendered":"<p><strong style=\"font-weight: normal\"><\/p>\n<p dir=\"ltr\" style=\"line-height: 1.38; margin-top: 0pt; margin-bottom: 0pt\" id=\"docs-internal-guid-fdb9113e-d0bd-fa29-5bcc-4ae057c20447\" align=\"left\">Bazylika \u015aw. J\u00f3zefa, zwana te\u017c Con-Katedr\u0105. \u015awi\u0105tynia, przy Pacific Street, na Brooklynie, do kt\u00f3rej dojazd jest niezwykle prosty, <!--more-->przy kt\u00f3rej jest parking, a wn\u0119trze tak pi\u0119kne, \u017ce mo\u017cna by tam siedzie\u0107 ca\u0142y dzie\u0144 i rozgl\u0105da\u0107 si\u0119, oczywi\u015bcie modl\u0105c si\u0119 te\u017c w ciszy jej monumentalnych mur\u00f3w. Dzisiaj, czyli 16 pa\u017adziernika, 2016 roku odby\u0142a si\u0119 w tej \u015bwi\u0105tyni uroczysta, koncelebrowana przez kilkudziesi\u0119ciu ksi\u0119\u017cy, chyba z wszystkich polskich parafii naszej Metropolii, Msza \u015awi\u0119ta. <span style=\"line-height: 115%; font-family: 'Verdana','sans-serif'; font-size: 10pt\">Jak przysta\u0142o na rocznic\u0119 Chrztu Polski, jeszcze troch\u0119, a ksi\u0119\u017cy by\u0142oby wi\u0119cej, ni\u017c przedstawicieli Polonii.<\/span><\/p>\n<p dir=\"ltr\" style=\"line-height: 1.38; margin-top: 0pt; margin-bottom: 0pt\" id=\"docs-internal-guid-fdb9113e-d0bd-fa29-5bcc-4ae057c20447\"><font size=\"3\" face=\"Times New Roman\">  G\u0142\u00f3w<\/font>nym celebransem by\u0142 ks. bp Wies\u0142aw Lechowicz, delegat Konferencji Episkopatu Polski ds. Duszpasterstwa Emigracji Polskiej. Uczestniczyli te\u017c ks. bp. Nicolas DiMarzio, ordynariusz diecezji brookly\u0144skiej oraz ks. bp. Witold Mroziewski. Dyrygowa\u0142em ch\u00f3rami Si\u00f3dmego Okr\u0119gu, tzn. ch\u00f3rem Hejna\u0142 i kilkoma \u015bpiewakami z Arii i Jutrzenki, bo przecie\u017c nie ma sensu, \u017ceby przyje\u017cd\u017cali \u015bpiewacy z Filadelfii, New Britain, New Jersey, czy z odleg\u0142ego Hempstead, na Long Island. Jako, \u017ce ch\u00f3ry \u015bpiewa\u0142y z balkonu, mia\u0142em mo\u017cliwo\u015b\u0107 spojrzenia z \u201clotu ptaka\u201d, na t\u0119 wspania\u0142\u0105 katedr\u0119 i to, a raczej tych, kt\u00f3rzy wzi\u0119li udzia\u0142 w tej uroczysto\u015bci. Uroczysto\u015bci po\u015bwi\u0119conej<\/p>\n<p dir=\"ltr\" style=\"line-height: 1.38; margin-top: 0pt; margin-bottom: 0pt\" id=\"docs-internal-guid-fdb9113e-d0bd-fa29-5bcc-4ae057c20447\"><span style=\"color: #000000; font-family: Verdana; font-size: 13.33px; font-style: normal; font-variant: normal; font-weight: 700; text-decoration: none; vertical-align: baseline; background-color: transparent\">dziedzictwu narodowemu, 1050-ej rocznicy Chrztu Polski, ale te\u017c 38-ej rocznicy wyboru Jana Paw\u0142a II na tron Piotrowy.<\/span><span style=\"color: #000000; font-family: Verdana; font-size: 13.33px; font-style: normal; font-variant: normal; font-weight: 400; text-decoration: none; vertical-align: baseline; background-color: transparent\"> Dzi\u015b ju\u017c \u015awi\u0119tego Jana Paw\u0142a II. I co? Puste \u0142awki. W Katedrze zebra\u0142o si\u0119 kilkuset Rodak\u00f3w i, gdyby si\u0119 nie porozsadzali po r\u00f3\u017cnych \u0142awkach to wszyscy zmie\u015bciliby si\u0119 w pierwszych 30 \u0142awach dw\u00f3ch \u015brodkowych rz\u0119d\u00f3w g\u0142\u00f3wnej nawy. Boczne nawy, po obu stronach by\u0142y kompletnie puste!<\/span><\/p>\n<p><\/strong><strong style=\"font-weight: normal\"><\/p>\n<p dir=\"ltr\" style=\"line-height: 1.38; margin-top: 0pt; margin-bottom: 0pt\"><span style=\"color: #000000; font-family: Verdana; font-size: 13.33px; font-style: normal; font-variant: normal; font-weight: 400; text-decoration: none; vertical-align: baseline; background-color: transparent\">Najwi\u0119ksz\u0105 grup\u0119 stanowi\u0142y polskie szko\u0142y i ich grupy sztandarowe, potem oddzia\u0142y Ligi Morskiej, wymieniono te\u017c reprezentacje Rycerzy Grobu Pa\u0144skiego, Klubu My\u015bliwych z Maspeth, Stra\u017cak\u00f3w z parafii \u015aw. Franciszki de Chantal, z Dolnego Brooklynu. Dziwnym zbiegiem okoliczno\u015bci harcerstwo by\u0142o tym razem szcz\u0105tkowo reprezentowane przez kilka funkcyjnych harcerek i chyba nawet nie zosta\u0142y wymienione w podzi\u0119kowaniach. A kto by\u0142 z \u201cFunkcyjnych\u201d Polonus\u00f3w? Poniewa\u017c by\u0142o ich niewielu, wi\u0119c wymieni\u0119 tak, jak widzia\u0142em z g\u00f3ry, od mojej prawej, do lewej w pierwszej \u0142awce: Gra\u017cyna Michalska, Frank Milewski, Bo\u017cena i Andrzej Kami\u0144scy &#8211; Kongres Polonii Ameryka\u0144skiej; Mieczys\u0142aw Paj\u0105k &#8211; Fundacja \u015aw. Jana Paw\u0142a II; Dorota Andraka &#8211; Centrala Szk\u00f3\u0142 Dokszta\u0142caj\u0105cych; Konsul Generalna RP, Katarzyna Pad\u0142o, Mec. S\u0142awomir Plata, ale nie wiem, czy by\u0142 prywatnie, czy reprezentowa\u0142 jak\u0105\u015b organizacj\u0119; Grzegorz Wowra, KPA, Long Island. Byli, oczywi\u015bcie Dyrektorzy i Dyrektorki polskich szk\u00f3\u0142 dokszta\u0142caj\u0105cych, cho\u0107 te\u017c nie wszystkich.<\/span><\/p>\n<p dir=\"ltr\" style=\"line-height: 1.38; margin-top: 0pt; margin-bottom: 0pt\"><span style=\"color: #000000; font-family: Verdana; font-size: 13.33px; font-style: normal; font-variant: normal; font-weight: 400; text-decoration: none; vertical-align: baseline; background-color: transparent\">A kogo zabrak\u0142o? A no, tych, co zawsze najbardziej szumi\u0105 o jedno\u015bci, o patriotyzmie, o sile Polonii, o naszej szalonej aktywno\u015bci, na ka\u017cdym polu, czyli: Komitet Parady Pu\u0142askiego, Wielkiej Pani Marsza\u0142ek i Marsza\u0142k\u00f3w, co ze wst\u0119g\u0105 po Pi\u0105tej Alei deptali 2 pa\u017adziernika, Unii Kredytowej, tak bogacie prezentowanej z balonami, g\u0142o\u015bnikami i Golcami w realu i na wielkim zdj\u0119ciu, w Paradzie Pu\u0142askiego (niekt\u00f3rzy pisz\u0105 \u201cPu\u0142a<\/span><span style=\"color: #ff0000; font-family: Verdana; font-size: 13.33px; font-style: normal; font-variant: normal; font-weight: 400; text-decoration: none; vertical-align: baseline; background-color: transparent\">w<\/span><span style=\"color: #000000; font-family: Verdana; font-size: 13.33px; font-style: normal; font-variant: normal; font-weight: 400; text-decoration: none; vertical-align: baseline; background-color: transparent\">skiego\u201d &#8211; b\u0142\u0105d). Ani raz przy takich okazjach nie widzia\u0142em Fundacji Ko\u015bciuszkowskiej, Instytutu Kultury Polskiej, delegacji Instytutu Pi\u0142sudskiego, biznesmen\u00f3w z Pu\u0142aski Association, Polish Women, LOT, SPATA, firm biznesowych. A Klub Gazety Polskiej (jest jeszcze taki, po genialnych posuni\u0119ciach T. Sakiewicza?), a Solidarni 2010? A gdzie byli dzisiaj laureaci wyr\u00f3\u017cnie\u0144 typu Polak Roku, Wybitny Polak, Polak z pasj\u0105, Miski Greenpointu, Maspeth, Ridgewood, Manhattanu, Astorii, Bay Ridge, Ksi\u0119\u017cyca, S\u0142o\u0144ca i czego tam jeszcze? Pe\u0142no ich jecha\u0142o w paradnych autach, jak przysta\u0142o na Parad\u0119. I ci wszyscy tatusiowie i mamu\u015bki, dumni, \u017ce c\u00f3rka misk\u0105 wybrana jest. Gdzie kadeci, zespo\u0142y taneczne? A Radio Rampa? Zapomnia\u0142o o Dziedzictwie Polskim, czy mo\u017ce nie mia\u0142o informacji&#8230;? Zawsze jest, a tym razem..? A Kurier, Polska Gazeta, Super Express? Telewizji nie mamy, a nie wiem, czy by\u0142a telewizja Nowego Dziennika -Tygodnika\u2026? By\u0142 redaktor Wojciech Ma\u015blanka. Chyba jedyny przedstawiciel medi\u00f3w. Je\u015bli byli inni, to przepraszam. Po prostu Was nie widzia\u0142em, a przecie\u017c Was znam.<\/span><\/p>\n<p dir=\"ltr\" style=\"line-height: 1.38; margin-top: 0pt; margin-bottom: 0pt\"><span style=\"color: #000000; font-family: Verdana; font-size: 13.33px; font-style: normal; font-variant: normal; font-weight: 400; text-decoration: none; vertical-align: baseline; background-color: transparent\">Cieniutko, Polonio, oj cieniutko. Pokazy, bale, bankiety jeszcze, jako tako, ale czy to jest nasze dziedzictwo? Czy zapomnieli\u015bmy, \u017ce zacz\u0119\u0142o si\u0119 od Chrztu, \u017ce jest wspania\u0142a, dumna historia, \u017ce \u017carcie i bale, to by\u0142o za Sas\u00f3w, a ca\u0142a reszta, to wspania\u0142a kultura, ci\u0119\u017cka praca, po\u015bwi\u0119cenia, wyrzeczenia, patriotyzm, krew i pot? Na \u201cimprez\u0119\u201d do ko\u015bcio\u0142a, cho\u0107by to by\u0142a Bazylika ju\u017c nie ma czasu. Przyczepy, naczepy, g\u0142o\u015bniki, kolory, walory, baloniki na druciku, szampany, kotyliony, ta\u0144ce, hula\u0144ce &#8211; oczywi\u015bcie! Katedra, Bazylika, jedno\u015b\u0107 Polonii, tradycja, dziedzictwo, kultura, wiara, B\u00f3g, honor, &#8211; to ju\u017c nie nasze klimaty. A jeszcze istniej\u0105 takie s\u0142owa? <\/span><\/p>\n<p dir=\"ltr\" style=\"line-height: 1.38; margin-top: 0pt; margin-bottom: 0pt\"><span style=\"color: #000000; font-family: Verdana; font-size: 13.33px; font-style: normal; font-variant: normal; font-weight: 400; text-decoration: none; vertical-align: baseline; background-color: transparent\">Dobranoc, &#8211; zanim zaczn\u0119 kl\u0105\u0107.<\/span><\/p>\n<p dir=\"ltr\" style=\"line-height: 1.38; margin-top: 0pt; margin-bottom: 0pt\"><span style=\"color: #000000; font-family: Verdana; font-size: 13.33px; font-style: normal; font-variant: normal; font-weight: 400; text-decoration: none; vertical-align: baseline; background-color: transparent\">A swoj\u0105 drog\u0105, ciekaw jestem bardzo, ile nasza genialna rada dyrektor\u00f3w wyda\u0142a na Golc\u00f3w. Sk\u0105din\u0105d genialnych muzyk\u00f3w. Nie mam nic przeciwko braciom Golcom i ich fundacji, ale polonijna m\u0142odzie\u017c wymaga o wiele wi\u0119kszej opieki polskiego banku, ni\u017c zesp\u00f3\u0142 Golec uOrkiestra. Oni dadz\u0105 sobie rad\u0119 bez naszej Unii. A ich sprowadzenie tutaj na nasz koszt, ale bez naszej wiedzy, to po prostu bezczelne zagranie typu marchewka i kij; dzisiaj Golcowie, a za rok troch\u0119 mniej stypendi\u00f3w, a o dywidendach zapomnijcie, Drodzy Cz\u0142onkowie. Oceniam, \u017ce na moich Ziomk\u00f3w z Mil\u00f3wki, ko\u0142o Rajczy posz\u0142o p\u00f3\u0142 miliona. Daj Bo\u017ce Golcom zdrowia i tw\u00f3rczo\u015bci, jak najd\u0142u\u017cej, ale dlaczego, Bo\u017ce chcesz nas ukara\u0107 g\u0142upot\u0105 dyrektor\u00f3w?<\/span><\/p>\n<p dir=\"ltr\" style=\"line-height: 1.38; margin-top: 0pt; margin-bottom: 0pt\"><span style=\"color: #000000; font-family: Verdana; font-size: 13.33px; font-style: normal; font-variant: normal; font-weight: 400; text-decoration: none; vertical-align: baseline; background-color: transparent\">Ko\u0144cz\u0119, bo mnie za chwil\u0119 szlag trafi. <\/span><\/p>\n<p><\/strong><\/p>\n","protected":false},"excerpt":{"rendered":"<p>Bazylika \u015aw. J\u00f3zefa, zwana te\u017c Con-Katedr\u0105. \u015awi\u0105tynia, przy Pacific Street, na Brooklynie, do kt\u00f3rej dojazd jest niezwykle prosty,<\/p>\n","protected":false},"author":2,"featured_media":0,"comment_status":"open","ping_status":"open","sticky":false,"template":"","format":"standard","meta":[],"categories":[1,3],"tags":[],"_links":{"self":[{"href":"https:\/\/sporek.com\/blog\/index.php?rest_route=\/wp\/v2\/posts\/539"}],"collection":[{"href":"https:\/\/sporek.com\/blog\/index.php?rest_route=\/wp\/v2\/posts"}],"about":[{"href":"https:\/\/sporek.com\/blog\/index.php?rest_route=\/wp\/v2\/types\/post"}],"author":[{"embeddable":true,"href":"https:\/\/sporek.com\/blog\/index.php?rest_route=\/wp\/v2\/users\/2"}],"replies":[{"embeddable":true,"href":"https:\/\/sporek.com\/blog\/index.php?rest_route=%2Fwp%2Fv2%2Fcomments&post=539"}],"version-history":[{"count":0,"href":"https:\/\/sporek.com\/blog\/index.php?rest_route=\/wp\/v2\/posts\/539\/revisions"}],"wp:attachment":[{"href":"https:\/\/sporek.com\/blog\/index.php?rest_route=%2Fwp%2Fv2%2Fmedia&parent=539"}],"wp:term":[{"taxonomy":"category","embeddable":true,"href":"https:\/\/sporek.com\/blog\/index.php?rest_route=%2Fwp%2Fv2%2Fcategories&post=539"},{"taxonomy":"post_tag","embeddable":true,"href":"https:\/\/sporek.com\/blog\/index.php?rest_route=%2Fwp%2Fv2%2Ftags&post=539"}],"curies":[{"name":"wp","href":"https:\/\/api.w.org\/{rel}","templated":true}]}}