{"id":54,"date":"2008-02-28T18:21:35","date_gmt":"2008-02-28T22:21:35","guid":{"rendered":"http:\/\/sporek.com\/blog\/?p=54"},"modified":"2008-03-09T16:03:19","modified_gmt":"2008-03-09T20:03:19","slug":"rodzina-cioczkow-sprawiedliwi-posrod-narodow-swiata","status":"publish","type":"post","link":"https:\/\/sporek.com\/blog\/?p=54","title":{"rendered":"Rodzina Cioczk\u00f3w-Sprawiedliwi W\u015br\u00f3d Narod\u00f3w   \u015awiata"},"content":{"rendered":"<p><font size=\"2\" face=\"Arial\">Ingorujmy Grossa!! Popularno\u015b\u0107, a w\u0142a\u015bciwie &#8222;si\u0142a ra\u017cenia&#8221; tego pismaka wzi\u0119\u0142a si\u0119 wy\u0142\u0105cznie st\u0105d, \u017ce po\u015bwi\u0119cono mu zbyt wiele uwagi. Sta\u0142o si\u0119 dok\u0142adnie tak, jak z &#8222;Pasj\u0105 Chrystusa&#8221;, &#8211; filmem Mela Gibsona, kt\u00f3remu najwi\u0119cej rozg\u0142osu przyni\u00f3s\u0142 sprzeciw \u015brodowisk \u017cydowskich, a nie droga raklama. Reaguj\u0105c na ksi\u0105\u017ck\u0119 o Jedwabnym zrobili\u015bmy nagle, z nikomu nieznanego gryzikipr\u00f3rka, pisarza na skal\u0119 \u015bwiatow\u0105. Miejmy jednak czyste i spokojne sumienie: zaprotestowali\u015bmy, &#8211; co by\u0142o naszym obowi\u0105zkiem, &#8211; pismak do\u015bwiadczy\u0142 chwilowego rozg\u0142osu, pope\u0142ni\u0142 nast\u0119pn\u0105 obel\u017cyw\u0105 dla Polski i polskiego narodu ksi\u0105\u017ck\u0119, ale wygl\u0105da na to, \u017ce sam zap\u0119dzi\u0142 si\u0119 ju\u017c tak ciasno w kozi r\u00f3g, \u017ce koniec jego &#8222;literackiej&#8221; kariery staje si\u0119 coraz bardziej ostateczny. <!--more-->I nie o Grossie chc\u0119 pisa\u0107, bo po prostu nie warto. Prawda, kt\u00f3rej nie napisa\u0142 obna\u017cy jego niewiedz\u0119, a k\u0142amstwa, kt\u00f3re opublikowa\u0142 doprowadz\u0105 go do pisarskiego bankructwa. Jestem pewien, \u017ce tak si\u0119 stanie, bo po\u0142\u0105czone naczynia natury same robi\u0105 porz\u0105dek z kiczem, prymitywn\u0105 tw\u00f3rczo\u015bci\u0105 i oszczerstwami.<\/font><\/p>\n<p><font size=\"2\" face=\"Arial\">Powinni\u015bmy si\u0119 zaj\u0105\u0107 i m\u00f3wi\u0107 g\u0142o\u015bno nie o tym nienawidz\u0105cym ludzkiego rodu pseudoliteracie &#8211; Gross nienawidzi wszystkich, nie tylko Polak\u00f3w, on ma kompleks ludzi uczciwych, prostolinijnych, bohaterskich,- ale o tych w\u0142a\u015bnie, kt\u00f3rzy kochaj\u0105 innych, kt\u00f3rzy po\u015bwi\u0119cali\u00a0swoje \u017cycie, lub to \u017cycie\u00a0stawiali na szal\u0119 ratowania innych, w tym przypadku &#8222;starszych braci&#8221; literackiego &#8222;geniusza&#8221;. Na szcz\u0119\u015bcie ci\u0105gle oddawane s\u0105 d\u0142ugi wdzi\u0119czno\u015bci bohaterskim Polakom. W ostatnich dniach odwiedzi\u0142em mojego lekarza, a jednocze\u015bnie przyjaciela, dra Henryka Cioczka\u00a0\u00a0Mia\u0142 mi zmierzy\u0107 ci\u015bnienie i zrobi\u0107 jakie\u015b tam badania,, ale ju\u017c po\u00a0wymianie kilku zda\u0144 moje ci\u015bnienie podskoczy\u0142o do\u015b\u0107 drastycznie, bo Henryk , ku mojemu zaskoczeniu, pokaza\u0142 mi dyplom oraz medal z br\u0105zu przyznany po\u015bmiertnie przez Instytut Yad Vashem jego Dziadkom,\u00a0Walerii i Antoniemu Szyszkowskim\u00a0oraz Rodzicom Mariannie i Janowi Cioczek, jako <strong>Sprawiedliwym W\u015br\u00f3d Narod\u00f3w \u015awiata.<\/strong> Medal pi\u0119kny<strong>,<\/strong>\u00a0w oryginalnej, drewnianej szkatu\u0142ce, za\u015b tre\u015b\u0107 dyplomu, to po prostu historia pe\u0142nej ryzyka i pe\u0142nej mi\u0142o\u015bci bli\u017aniego pomocy ze strony dw\u00f3ch polskich rodzin niesionej dwom Zydom, wbrew zakazom okupanta,\u00a0z nara\u017ceniem w\u0142asnego \u017cycia. Oto\u00a0pierwszy akapit dyplomu:<\/font><\/p>\n<p><font size=\"2\" face=\"Arial\">&#8222;Instytut Yad Vashem ma zaszczyt przyzna\u0107 po\u015bmiertnie tytu\u0142 &#8222;Sprawiedliwy W\u015br\u00f3d Narod\u00f3w \u015awiata&#8221; pa\u0144stwu Walerii I Antoniemu Szyszkowskim, oraz pa\u0144stwu Mariannie i Janowi Cioczek. W czasie II wojny\u00a0\u015bwiatowej dali oni \u015bwiadectwo najwi\u0119kszego m\u0119stwa i oddania drugiemu cz\u0142owiekowi, pomagaj\u0105c\u00a0 \u017bydom skazanym przez hitlerowskich okupant\u00f3w na Zag\u0142ad\u0119&#8221;.<\/font><\/p>\n<p><font size=\"2\" face=\"Arial\">Dalej nast\u0119puje opis, w kt\u00f3rym czytamy, \u017ce jedn\u0105 z os\u00f3b uratowanych by\u0142 J\u00f3zef Honig, przyjaciel Jana Cioczka. To on w\u0142a\u015bnie, w roku 2002 opisa\u0142 swoje wojenne losy i zwr\u00f3ci\u0142 si\u0119 do Yad Vashem o uhonorowanie swoich wybawc\u00f3w najwy\u017cszym izraelskim odznaczeniem. By\u0142 on wi\u0119\u017aniem oboz\u00f3w na Majdanku, w Be\u0142\u017ccu i Trawnikach, a po brawurowej ucieczce w 1942 roku Jan Cioczek zupe\u0142nie bezinteresownie, ryzykuj\u0105c w\u0142asne, ratowa\u0142 \u017cycie Honiga organizuj\u0105c mu bezpieczne kryj\u00f3wki, dostarczaj\u0105c \u017cywno\u015b\u0107 i ubranie. Dowiadujemy si\u0119 te\u017c z tego dokumentu, \u017ce rodzina\u00a0Cioczk\u00f3w prowadzi\u0142a zak\u0142ad w\u0119dliniarski i pomaga\u0142a innym \u017bydom, a tak\u017ce wbrew zakazowi okupanta dostarcza\u0142a mi\u0119so do lubelskiego getta, jak te\u017c i partyzantom i za ten proceder zostali (ojciec i syn) aresztowani i osadzeni w obozie w D\u0105brownicy, ko\u0142o Lublina. Innym \u017bydem, kt\u00f3remu rodziny Cioczk\u00f3w i Szyszkowskich pomog\u0142y przetrwa\u0107 by\u0142 Chajn Kawa. Aby uratowa\u0107 go przez Niemcami\u00a0Cioczkowie i Szyszkowscy urz\u0105dzili specjalnie ukryte pomieszczenie, gdzie doprowadzili \u015bwiat\u0142o, gdzie by\u0142a wentylacja, do kt\u00f3rego \u0142atwo by\u0142o dostarcza\u0107 po\u017cywienie, ale kt\u00f3rego nie\u0142atwo by\u0142o wykry\u0107. Za takie co\u015b hitlerowskie zarz\u0105dzenia kara\u0142y \u015bmierci\u0105 (tylko w Polsce) ca\u0142\u0105 rodzin\u0119! O Kawie wiadomo jedynie, \u017ce prze\u017cy\u0142 szcz\u0119\u015bliwie wojn\u0119 i wyemigrowa\u0142 do Izraela. J\u00f3zef Honig natomiast wspomina, \u017ce nawet po wojnie\u00a0Cioczkowie zawsze wspierali go materialnie i duchowo. Po ich \u015bmierci utrzymywa\u0142 kontakt i serdeczne relacje z ich pi\u0119cioma synami, kt\u00f3rzy wszyscy obecni byli w Warszawie na uroczysto\u015bci nadania tego zaszczytnego odznaczenia.\u00a0<\/font><\/p>\n<p><font size=\"2\" face=\"Arial\">I to jest to, o czym powini\u015bmy m\u00f3wi\u0107, pisa\u0107, opowiada\u0107. O bohaterach, Polakach,-\u00a0wielkich ludziach, kt\u00f3rych takie ma\u0142e G-ross\u00a0 chce koniecznie umiejscowi\u0107 po\u015br\u00f3d hitlerowskich i NKWD-owskich bandyt\u00f3w.<\/font><\/p>\n<p><font size=\"2\" face=\"Arial\">Nie przejmujmy si\u0119 Grossem, przejmujmy si\u0119 tymi, kt\u00f3rzy organizuj\u0105 mu klak\u0119. Przejmujmy si\u0119\u00a0tym, \u017ce Uniwersytet\u00a0Jagiello\u0144ski udost\u0119pia swoje pomieszczenia na spotkanie z tym &#8222;tw\u00f3rc\u0105&#8221;, ha\u0144bi\u0105c swoje wielowiekowe, s\u0142awetne imi\u0119 i presti\u017c. Nie przejmujmy si\u0119 &#8222;Wyborcz\u0105&#8221;, bo spada na \u0142eb, na szyj\u0119, ani Michnikiem &#8211; niespe\u0142nionym dzia\u0142aczem nie wiadomo jakiej opozycji&#8230;, bo nie warto. Przejmujmy si\u0119 i patrzmy na dyplomat\u00f3w i polityk\u00f3w, kt\u00f3rzy pozwalaj\u0105 nas obra\u017ca\u0107, kt\u00f3rzy bezkrytycznie i uni\u017cenie k\u0142aniaj\u0105 si\u0119 wszystkim dooko\u0142a, zapominaj\u0105c o swojej polsko\u015bci, dbaj\u0105c jedynie o swoje, karierowiczowskie\u00a0ty\u0142ki. Przejmujmy si\u0119 dyplomatami, kt\u00f3rzy odmawiaj\u0105 racji bytu Kongresowi Polonii Ameryka\u0144skiej, rekomenduj\u0105c do autorytatywnych rozm\u00f3w z polskim rz\u0105dem jakie\u015b dziwne instytucje, kt\u00f3re niewiele, albo kompletnie nic nie znacz\u0105 w polonijnym \u015bwiecie. Patrzmy na polityk\u00f3w i dyplomat\u00f3w, kt\u00f3rzy sprzedaj\u0105 Polsk\u0119 i reagujmy, bo nied\u0142ugo nie b\u0119dzie naszej Polski, zostan\u0105 wspomnienia i wstyd, \u017ce ci\u0105gle Wyspianski&#8230;i ten cham&#8230;i ten z\u0142oty r\u00f3g i ten, co si\u0119 osta\u0142&#8230;jeno&#8230;sznur..<\/font><\/p>\n<p><font size=\"2\" face=\"Arial\">Nie\u015bmy chwa\u0142\u0119 Cioczkom, Szyszkowskim i wszystkim tym, kt\u00f3rzy dali \u015bwiadectwo prawdzie, bohaterstwu i patriotyzmowi. I pami\u0119tajmy; narody nie wypowiadaj\u0105 sobie wojen, narody nie\u00a0prowadz\u0105 kampanii nienawi\u015bci, czyni\u0105 to przede wszystkim politycy i samozwa\u0144czy, fanatyczni przyw\u00f3dcy.<\/font><\/p>\n<p><font size=\"2\" face=\"Arial\">\u00a0\u00a0\u00a0\u00a0\u00a0\u00a0\u00a0\u00a0\u00a0\u00a0\u00a0\u00a0\u00a0\u00a0\u00a0\u00a0\u00a0\u00a0\u00a0\u00a0\u00a0\u00a0\u00a0\u00a0\u00a0\u00a0\u00a0\u00a0\u00a0\u00a0\u00a0\u00a0\u00a0\u00a0\u00a0\u00a0\u00a0\u00a0\u00a0\u00a0\u00a0\u00a0\u00a0\u00a0\u00a0\u00a0 <\/font><\/p>\n","protected":false},"excerpt":{"rendered":"<p>Ingorujmy Grossa!! Popularno\u015b\u0107, a w\u0142a\u015bciwie &#8222;si\u0142a ra\u017cenia&#8221; tego pismaka wzi\u0119\u0142a si\u0119 wy\u0142\u0105cznie st\u0105d, \u017ce po\u015bwi\u0119cono mu zbyt wiele uwagi. Sta\u0142o si\u0119 dok\u0142adnie tak, jak z &#8222;Pasj\u0105 Chrystusa&#8221;, &#8211; filmem Mela Gibsona, kt\u00f3remu najwi\u0119cej rozg\u0142osu przyni\u00f3s\u0142 sprzeciw \u015brodowisk \u017cydowskich, a nie droga raklama. Reaguj\u0105c na ksi\u0105\u017ck\u0119 o Jedwabnym zrobili\u015bmy nagle, z nikomu nieznanego gryzikipr\u00f3rka, pisarza na [&hellip;]<\/p>\n","protected":false},"author":2,"featured_media":0,"comment_status":"open","ping_status":"open","sticky":false,"template":"","format":"standard","meta":[],"categories":[4],"tags":[],"_links":{"self":[{"href":"https:\/\/sporek.com\/blog\/index.php?rest_route=\/wp\/v2\/posts\/54"}],"collection":[{"href":"https:\/\/sporek.com\/blog\/index.php?rest_route=\/wp\/v2\/posts"}],"about":[{"href":"https:\/\/sporek.com\/blog\/index.php?rest_route=\/wp\/v2\/types\/post"}],"author":[{"embeddable":true,"href":"https:\/\/sporek.com\/blog\/index.php?rest_route=\/wp\/v2\/users\/2"}],"replies":[{"embeddable":true,"href":"https:\/\/sporek.com\/blog\/index.php?rest_route=%2Fwp%2Fv2%2Fcomments&post=54"}],"version-history":[{"count":0,"href":"https:\/\/sporek.com\/blog\/index.php?rest_route=\/wp\/v2\/posts\/54\/revisions"}],"wp:attachment":[{"href":"https:\/\/sporek.com\/blog\/index.php?rest_route=%2Fwp%2Fv2%2Fmedia&parent=54"}],"wp:term":[{"taxonomy":"category","embeddable":true,"href":"https:\/\/sporek.com\/blog\/index.php?rest_route=%2Fwp%2Fv2%2Fcategories&post=54"},{"taxonomy":"post_tag","embeddable":true,"href":"https:\/\/sporek.com\/blog\/index.php?rest_route=%2Fwp%2Fv2%2Ftags&post=54"}],"curies":[{"name":"wp","href":"https:\/\/api.w.org\/{rel}","templated":true}]}}