{"id":540,"date":"2016-11-07T13:27:33","date_gmt":"2016-11-07T17:27:33","guid":{"rendered":"http:\/\/sporek.com\/blog\/?p=540"},"modified":"2016-11-07T13:32:38","modified_gmt":"2016-11-07T17:32:38","slug":"zdrajcy-glupcy-sprzedawczyki","status":"publish","type":"post","link":"https:\/\/sporek.com\/blog\/?p=540","title":{"rendered":"Zdrajcy, g\u0142upcy, sprzedawczyki?"},"content":{"rendered":"<p><strong style=\"font-weight: normal\"><\/p>\n<p id=\"docs-internal-guid-06ed2b30-3fcb-1e7d-6042-74784c911c20\" style=\"line-height: 1.38; margin-top: 0pt; margin-bottom: 0pt\" dir=\"ltr\"><span style=\"color: #000000; font-family: Verdana; font-size: 13.33px; font-style: normal; font-variant: normal; font-weight: 400; text-decoration: none; vertical-align: baseline; background-color: transparent\">Kim trzeba by\u0107, \u017ceby zrobi\u0107 to, co zrobi\u0142 Wa\u0142\u0119sa, Thun, Kijowski, Janda? Zdesperowanym, bo utraci\u0142o si\u0119 w\u0142adz\u0119? A mo\u017ce kupionym za n\u0119dzne srebrniki? A mo\u017ce przera\u017conym, bo nie potrafi si\u0119 prowadzi\u0107 biznesu tak, by przynosi\u0142 doch\u00f3d bez ogl\u0105dania si\u0119 na sponsor\u00f3w, czyli czekania na cudze pieni\u0105dze?<!--more--> K. Janda powiedzia\u0142a, \u017ce jeszcze nigdy nie widzia\u0142a, \u017ceby ludzie w Polsce tak strasznie si\u0119 bali. Czego? Kogo? By\u0142em w Polsce p\u00f3\u0142tora miesi\u0105ca, spotyka\u0142em si\u0119 naprawd\u0119 z lud\u017ami z bardzo r\u00f3\u017cnych profesji, o r\u00f3\u017cnych zapatrywaniach. Ani razu nikt nie wspomnia\u0142, \u017ce si\u0119 boi. Tryskali wspania\u0142ym humorem, cieszyli si\u0119 \u017cyciem. Nie wiem, o czym m\u00f3wi Krystyna Janda. Prawdopodobnie przebywa wy\u0142\u0105cznie w towarzystwie platformers\u00f3w, a ci, rzeczywi\u015bcie maj\u0105 si\u0119 czego ba\u0107. No, to si\u0119 aktorce nie dziwi\u0119.<\/span><\/p>\n<p><\/strong><strong style=\"font-weight: normal\"><\/p>\n<p style=\"line-height: 1.38; margin-top: 0pt; margin-bottom: 0pt\" dir=\"ltr\"><span style=\"color: #000000; font-family: Verdana; font-size: 13.33px; font-style: normal; font-variant: normal; font-weight: 400; text-decoration: none; vertical-align: baseline; background-color: transparent\">Drugim cz\u0142owiek, kt\u00f3ry szermuje okre\u015bleniem \u201cboj\u0105 si\u0119\u201d jest sfrustrowany pose\u0142 PO, Szejnfeld. Kompletnie nie rozumiem, dlaczego do dyskusji po Wiadomo\u015bciach telewizyjnych zaprasza si\u0119 Szejnfelda. Cynik pierwszej wody, kt\u00f3ry u\u017cywa\u00a0czasu przysz\u0142ego do opisu rz\u0105d\u00f3w PiS. Na przyk\u0142ad: \u201cludzie <\/span><span style=\"color: #000000; font-family: Verdana; font-size: 13.33px; font-style: normal; font-variant: normal; font-weight: 700; text-decoration: underline; vertical-align: baseline; background-color: transparent\">b\u0119d\u0105<\/span><span style=\"color: #000000; font-family: Verdana; font-size: 13.33px; font-style: normal; font-variant: normal; font-weight: 400; text-decoration: none; vertical-align: baseline; background-color: transparent\"> si\u0119 bali\u201d. I na tej \u201cprzysz\u0142o\u015bciowej\u201d teorii buduje krytyk\u0119 obecnego stanu rzeczy. Prorok, jaki, czy c\u00f3\u015b? Pod\u0142o\u015b\u0107, w\u015bciek\u0142o\u015b\u0107 za przegrane wybory, czy kompletny brak argument\u00f3w? My\u015bl\u0119, \u017ce wszystko na raz, bo Szejnfeld nigdy nie mia\u0142 nic konkretnego do powiedzenia. Konkretnie, to on wy\u0142\u0105cznie rzuca inwektywy. Teraz plecie bzdury, \u017ce ludzie na Zachodzie wiedz\u0105 bardzo du\u017co o Polsce i Polakach, a g\u0142\u00f3wnie z\u0142ego. No, wi\u0119c panie Szejnfeld, opowiada pan pierdo\u0142y. Po pierwsze, ani przez chwil\u0119 nie wierz\u0119, \u017ce jad\u0105c gdzie\u015b, do zachodnich kraj\u00f3w w og\u00f3le rozmawia pan z przeci\u0119tnymi mieszka\u0144cami danego kraju (w jakim j\u0119zyku, je\u015bli mo\u017cna spyta\u0107?) Po drugie, zada\u0142em sobie trud i zadzwoni\u0142em do moich przyjaci\u00f3\u0142 we Francji, Belgii, Szwecji i Szwajcarii. Wszyscy moi rozm\u00f3wcy s\u0105 rdzennymi obywatelami swoich kraj\u00f3w. Wszystkim zada\u0142em to samo pytanie: <\/span><span style=\"color: #000000; font-family: Verdana; font-size: 13.33px; font-style: normal; font-variant: normal; font-weight: 700; text-decoration: none; vertical-align: baseline; background-color: transparent\">co wiesz i co my\u015blisz o obecnym rz\u0105dzie w Polsce?<\/span><span style=\"color: #000000; font-family: Verdana; font-size: 13.33px; font-style: normal; font-variant: normal; font-weight: 400; text-decoration: none; vertical-align: baseline; background-color: transparent\"> Tylko Francuz odpowiedzia\u0142 \u201cpolitycznie\u201d: \u201c<\/span><span style=\"color: #000000; font-family: Verdana; font-size: 13.33px; font-style: italic; font-variant: normal; font-weight: 400; text-decoration: none; vertical-align: baseline; background-color: transparent\">Polacy zerwali kontrakt\u00a0na helikopter\u00f3w, ale, szczerze m\u00f3wi\u0105c, ja sam nie rozumiem, dlaczego sprzedajemy je taniej do Kuwejtu, do Holandii, a Polska mia\u0142a p\u0142aci\u0107 dwa razy tyle\u201d.<\/span><span style=\"color: #000000; font-family: Verdana; font-size: 13.33px; font-style: normal; font-variant: normal; font-weight: 400; text-decoration: none; vertical-align: baseline; background-color: transparent\"> Ta odpowied\u017a jest taka, jak jest chyba tylko dlatego, \u017ce Jean Paul jest w og\u00f3le blisko polityki, tzn. jest deputowanym w Prowansji. Poznali\u015bmy si\u0119 w 1987 roku, przy okazji festiwalu zespo\u0142\u00f3w folklorystycznych w La Grande Motte, a dwa lata temu by\u0142 w N. Jorku i sp\u0119dzili\u015bmy kilka wieczor\u00f3w na dobrym piwie, w tym kilkakrotnie w mojej ulubionej Karczmie, na Greenpoint Ave. Jean Paul da\u0142 si\u0119 nawet nam\u00f3wi\u0107 na wypicie ze mn\u0105 piwa \u017cywieckiego, bo ja tu innego nie pij\u0119, je\u015bli ju\u017c w og\u00f3le mam ochot\u0119 na piwo. Natomiast Belgowie (pisz\u0119 w liczbie mnogiej, bo pytanie zosta\u0142o natychmiast \u201crzucone\u201d wszystkim, obecnym w domu) odpowiedzieli pytaniem: <\/span><span style=\"color: #000000; font-family: Verdana; font-size: 13.33px; font-style: italic; font-variant: normal; font-weight: 400; text-decoration: none; vertical-align: baseline; background-color: transparent\">\u201cA co, wprowadzaj\u0105 jaki\u015b stan wojenny? Chyba nie ten rz\u0105d? Sk\u0105d niby mamy wiedzie\u0107, co\u015b o polskim rz\u0105dzie? My tu mamy w\u0142asnych problem\u00f3w od cholery\u201d.<\/span><span style=\"color: #000000; font-family: Verdana; font-size: 13.33px; font-style: normal; font-variant: normal; font-weight: 400; text-decoration: none; vertical-align: baseline; background-color: transparent\"> \u00a0Musz\u0119 zaznaczy\u0107, \u017ce rodzice tych ludzi byli niezwykle zaanga\u017cowani w pomoc Polakom w czasach Solidarno\u015bci, szczeg\u00f3lnie za\u015b stanu wojennego. Ale <\/span><span style=\"color: #000000; font-family: Verdana; font-size: 13.33px; font-style: normal; font-variant: normal; font-weight: 700; text-decoration: none; vertical-align: baseline; background-color: transparent\">rodzice<\/span><span style=\"color: #000000; font-family: Verdana; font-size: 13.33px; font-style: normal; font-variant: normal; font-weight: 400; text-decoration: none; vertical-align: baseline; background-color: transparent\">,<\/span><span style=\"color: #000000; font-family: Verdana; font-size: 13.33px; font-style: normal; font-variant: normal; font-weight: 700; text-decoration: none; vertical-align: baseline; background-color: transparent\"> <\/span><span style=\"color: #000000; font-family: Verdana; font-size: 13.33px; font-style: normal; font-variant: normal; font-weight: 400; text-decoration: none; vertical-align: baseline; background-color: transparent\">kt\u00f3rzy, niestety, ju\u017c nie \u017cyj\u0105. Nie chcecie wiedzie\u0107, co ich rodzice m\u00f3wili i, jak komentowali sp\u00f3\u0142kowanie Wa\u0142\u0119sy z Kiszczakiem i Jaruzelskim&#8230; To pokolenie ju\u017c takie nie jest. I, jak s\u0142usznie zauwa\u017cyli, &#8211; \u201c<\/span><span style=\"color: #000000; font-family: Verdana; font-size: 13.33px; font-style: italic; font-variant: normal; font-weight: 400; text-decoration: none; vertical-align: baseline; background-color: transparent\">maj\u0105 swoje problemy<\/span><span style=\"color: #000000; font-family: Verdana; font-size: 13.33px; font-style: normal; font-variant: normal; font-weight: 400; text-decoration: none; vertical-align: baseline; background-color: transparent\">\u201d. W Szwajcarii, znajomy, kt\u00f3rego pozna\u0142em tutaj i, kt\u00f3ry przylatuje do N. Jorku, co rok, w og\u00f3le mnie wy\u015bmia\u0142: <\/span><span style=\"color: #000000; font-family: Verdana; font-size: 13.33px; font-style: italic; font-variant: normal; font-weight: 400; text-decoration: none; vertical-align: baseline; background-color: transparent\">\u201cCh\u0142opie, ja nie za bardzo wiem, co si\u0119 dzieje w moim kraju, a ty chcesz, \u017cebym si\u0119 interesowa\u0142 Polsk\u0105? Z ca\u0142ym szacunkiem, ale odno\u015bnie spraw polskich, to wiem, \u017ce Krystian Zimerman wyk\u0142ada w konserwatorium, w Bazylei, i tyle, Reszta, to praca i rodzina. Nie gniewaj si\u0119, ale nie mam poj\u0119cia, co si\u0119 dzieje w Polsce\u201d.<\/span><\/p>\n<p style=\"line-height: 1.38; margin-top: 0pt; margin-bottom: 0pt\" dir=\"ltr\"><span style=\"color: #000000; font-family: Verdana; font-size: 13.33px; font-style: normal; font-variant: normal; font-weight: 400; text-decoration: none; vertical-align: baseline; background-color: transparent\">Znajomy Szwed powiedzia\u0142 prawie dok\u0142adnie to samo. W Niemczech mam wy\u0142\u0105cznie znajomych rodak\u00f3w i zadzwoni\u0142em do kilku. S\u0105 po prostu zniesmaczeni wywiadem tej tr\u00f3jki \u201cpolityk\u00f3w\u201d, &#8211; taki \u017cart, bo \u017caden z nich politykiem nie jest, a ju\u017c na pewno nie jest patriot\u0105, do kompletu z K. Jand\u0105. Ale zagadn\u0105\u0142em przechodz\u0105cego obok mojej szko\u0142y zaprzyja\u017anionego s\u0105siada, Amerykanina pochodzenia niemieckiego, <\/span><span style=\"color: #000000; font-family: Verdana; font-size: 13.33px; font-style: normal; font-variant: normal; font-weight: 700; text-decoration: none; vertical-align: baseline; background-color: transparent\">czy co\u015b s\u0142ysza\u0142 o wywiadzie Wa\u0142\u0119sy dla Sueddeutsche Zeitung?<\/span><\/p>\n<p style=\"line-height: 1.38; margin-top: 0pt; margin-bottom: 0pt\" dir=\"ltr\"><span style=\"color: #000000; font-family: Verdana; font-size: 13.33px; font-style: normal; font-variant: normal; font-weight: 400; text-decoration: none; vertical-align: baseline; background-color: transparent\">Dla kogo? &#8211; Zapyta\u0142. Sueddeutsche Zeitung to lewicowcy, libera\u0142owie, to Klintonowa! <\/span><\/p>\n<p style=\"line-height: 1.38; margin-top: 0pt; margin-bottom: 0pt\" dir=\"ltr\"><span style=\"color: #000000; font-family: Verdana; font-size: 13.33px; font-style: normal; font-variant: normal; font-weight: 400; text-decoration: none; vertical-align: baseline; background-color: transparent\">I zacz\u0105\u0142 si\u0119 \u015bmia\u0107. Dwie godziny p\u00f3\u017aniej spotka\u0142em go na spacerze w parku, z pieskiem, gdzie zam\u0119czam si\u0119 jazd\u0105 na rowerze.<\/span><\/p>\n<p style=\"line-height: 1.38; margin-top: 0pt; margin-bottom: 0pt\" dir=\"ltr\"><span style=\"color: #000000; font-family: Verdana; font-size: 13.33px; font-style: normal; font-variant: normal; font-weight: 400; text-decoration: none; vertical-align: baseline; background-color: transparent\">-Siadaj,- us\u0142ysza\u0142em.<\/span><\/p>\n<p style=\"line-height: 1.38; margin-top: 0pt; margin-bottom: 0pt\" dir=\"ltr\"><span style=\"color: #000000; font-family: Verdana; font-size: 13.33px; font-style: normal; font-variant: normal; font-weight: 400; text-decoration: none; vertical-align: baseline; background-color: transparent\">Patrz\u0119, a to s\u0105siad, Niemiec.<\/span><\/p>\n<p style=\"line-height: 1.38; margin-top: 0pt; margin-bottom: 0pt\" dir=\"ltr\"><span style=\"color: #000000; font-family: Verdana; font-size: 13.33px; font-style: normal; font-variant: normal; font-weight: 400; text-decoration: none; vertical-align: baseline; background-color: transparent\">Postawi\u0142em rower na stopce, usiad\u0142em, a on m\u00f3wi: Dzwoni\u0142em do mojego brata. Czyta\u0142 S. Z. (Amerykanie uwielbiaj\u0105 skr\u00f3ty; NYT &#8211; New York Times, FDR &#8211; Franklin Delano Roosevelt, FYI &#8211; For Your Information, &#8211; dla twojej informacji, LOL &#8211; Laughing out loud &#8211; \u015bmia\u0107 si\u0119 do rozpuku, itp). <\/span><span style=\"color: #000000; font-family: Verdana; font-size: 13.33px; font-style: italic; font-variant: normal; font-weight: 400; text-decoration: none; vertical-align: baseline; background-color: transparent\">Powiedzia\u0142, \u017ce by\u0142o ich troje i \u017ce to takie szczury; w czasie wojny prawdopodobnie tacy ludzie podpisywali volkslisty. <\/span><\/p>\n<p style=\"line-height: 1.38; margin-top: 0pt; margin-bottom: 0pt\" dir=\"ltr\"><span style=\"color: #000000; font-family: Verdana; font-size: 13.33px; font-style: normal; font-variant: normal; font-weight: 400; text-decoration: none; vertical-align: baseline; background-color: transparent\">Musz\u0119 przyzna\u0107, \u017ce mnie zmrozi\u0142o.<\/span><\/p>\n<p style=\"line-height: 1.38; margin-top: 0pt; margin-bottom: 0pt\" dir=\"ltr\"><span style=\"color: #000000; font-family: Verdana; font-size: 13.33px; font-style: normal; font-variant: normal; font-weight: 400; text-decoration: none; vertical-align: baseline; background-color: transparent\">Wiadomo\u015bci wspomnia\u0142y jeszcze o dziennikarzu Wyborczej, Borodzieju, kt\u00f3ry skar\u017cy\u0142 si\u0119, \u017ce kto\u015b na niego spojrza\u0142 \u017ale, gdy kupowa\u0142 GW. A ja jestem na sto procent pewien, \u017ce to zmy\u015blona historia. \u017baden dziennikarz nie kupuje swojej gazety, bo ma j\u0105 po prostu w pracy, tak, jak wi\u0119kszo\u015b\u0107 dziennikarzy, czy realizator\u00f3w radiowych nie s\u0142ucha radia, w kt\u00f3rym pracuje. Nie maj\u0105 na to czasu, ani ochoty. Chc\u0105 \u017cy\u0107, \u0142apa\u0107 tematy i przygotowywa\u0107 realizacj\u0119. I nie ma w tym ani nic dziwnego, ani nic z\u0142ego. Ale jest to prawda. Tak, \u017ce dobrodzieju, nie cyga\u0144.<\/span><\/p>\n<p style=\"line-height: 1.38; margin-top: 0pt; margin-bottom: 0pt\" dir=\"ltr\"><span style=\"color: #000000; font-family: Verdana; font-size: 13.33px; font-style: normal; font-variant: normal; font-weight: 400; text-decoration: none; vertical-align: baseline; background-color: transparent\">Chc\u0119 podzi\u0119kowa\u0107 innej aktorce, Katarzynie \u0141aniewskiej za podsumowanie, jakiego dokona\u0142a dla Wiadomo\u015bci. I zacytowa\u0107: \u201c ci ludzie s\u0105 odm\u00f3\u017cd\u017ceni\u201d. Co racja, to racja. Tyle tylko, \u017ce ci akurat ludzie w spos\u00f3b niewiarygodnie wstr\u0119tny zdeptali polsk\u0105 rzeczywisto\u015b\u0107, polsk\u0105 demokracj\u0119, Polak\u00f3w, ale i samych siebie. Ci \u201cobro\u0144cy\u201d demokracji maj\u0105 szcz\u0119\u015bcie, \u017ce nie \u017cyj\u0105 w Korei P\u00f3\u0142nocnej. Ca\u0142a tr\u00f3jka, spokojnie \u017cyje sobie w <em>niedemokratycznej, re\u017cimowej Polsce<\/em>, a okropny Kaczy\u0144ski, o kt\u00f3rym Thun plecie, \u017ce to dyktator, re\u017cimowiec, jako\u015b nie wsadza ich do wi\u0119zienia. Oj, g\u0142upia babo, we \u0142bie ci si\u0119 przewr\u00f3ci\u0142o i tyle.<\/span><\/p>\n<p><span style=\"color: #000000; font-family: Verdana; font-size: 13.33px; font-style: normal; font-variant: normal; font-weight: 400; text-decoration: none; vertical-align: baseline; background-color: transparent\">Janda K., jak ju\u017c kiedy\u015b pisa\u0142em, otrzyma\u0142a od \u015bp. Lecha Kaczy\u0144skiego tyle pieni\u0119dzy, \u017ce \u017caden inny teatr tyle nie dosta\u0142, ale jej zawsze ma\u0142o. A mo\u017ce wystawia si\u0119 kiepskie sztuki, mo\u017ce kiepska gra, a mo\u017ce za drogie bilety? Ale wtedy trzeba mie\u0107 pretensje do siebie, a nie do polityk\u00f3w. Krystyno, czy nie przysz\u0142o Ci do g\u0142owy, \u017ce sponsorzy si\u0119 wycofali, bo nie chc\u0105 mie\u0107 z nic wsp\u00f3lnego z tym, co gadasz, jak si\u0119 zachowujesz, a nie, \u017ce si\u0119 czego\u015b boj\u0105? Pami\u0119tasz, jak by\u0142o z Karolakiem? Odbi\u0142o Ci? Czego, niby si\u0119 boj\u0105? Przykro mi, ale gadasz, jakby\u015b si\u0119 na\u0107pa\u0142a. Kaza\u0142bym Ci zorganizowa\u0107 jeden koncert w Carnegie Hall; bez sponsor\u00f3w, bez subwencji, bez opieki pa\u0144stwa, prezydenta, na kompletnie obcym terenie, gdzie Ci\u0119 nie znaj\u0105, gdzie musisz zap\u0142aci\u0107 w terminie, a najlepiej przed. PO-wskie ministerstwo kultury, podobnie, jak\u00a0Instytut Adama Mickiewicza trzykrotnie odm\u00f3wi\u0142o mi, jakiejkolwiek pomocy, a prosi\u0142em o drobne. Nic to, robi\u0142em swoje i zrobi\u0142em tych koncert\u00f3w, a\u017c 16 w ci\u0105gu 10 lat. To ile to jest rocznie? Nikt tego nie zrobi\u0142, \u017caden polski producent. Powiem brzydko, ale po tych bzdetach, kt\u00f3re Ty wygadujesz, to zabrzmi, jak poezja: posra\u0142aby\u015b si\u0119.<\/span><\/p>\n<p><\/strong><\/p>\n","protected":false},"excerpt":{"rendered":"<p>Kim trzeba by\u0107, \u017ceby zrobi\u0107 to, co zrobi\u0142 Wa\u0142\u0119sa, Thun, Kijowski, Janda? Zdesperowanym, bo utraci\u0142o si\u0119 w\u0142adz\u0119? A mo\u017ce kupionym za n\u0119dzne srebrniki? A mo\u017ce przera\u017conym, bo nie potrafi si\u0119 prowadzi\u0107 biznesu tak, by przynosi\u0142 doch\u00f3d bez ogl\u0105dania si\u0119 na sponsor\u00f3w, czyli czekania na cudze pieni\u0105dze?<\/p>\n","protected":false},"author":2,"featured_media":0,"comment_status":"open","ping_status":"open","sticky":false,"template":"","format":"standard","meta":[],"categories":[4],"tags":[],"_links":{"self":[{"href":"https:\/\/sporek.com\/blog\/index.php?rest_route=\/wp\/v2\/posts\/540"}],"collection":[{"href":"https:\/\/sporek.com\/blog\/index.php?rest_route=\/wp\/v2\/posts"}],"about":[{"href":"https:\/\/sporek.com\/blog\/index.php?rest_route=\/wp\/v2\/types\/post"}],"author":[{"embeddable":true,"href":"https:\/\/sporek.com\/blog\/index.php?rest_route=\/wp\/v2\/users\/2"}],"replies":[{"embeddable":true,"href":"https:\/\/sporek.com\/blog\/index.php?rest_route=%2Fwp%2Fv2%2Fcomments&post=540"}],"version-history":[{"count":0,"href":"https:\/\/sporek.com\/blog\/index.php?rest_route=\/wp\/v2\/posts\/540\/revisions"}],"wp:attachment":[{"href":"https:\/\/sporek.com\/blog\/index.php?rest_route=%2Fwp%2Fv2%2Fmedia&parent=540"}],"wp:term":[{"taxonomy":"category","embeddable":true,"href":"https:\/\/sporek.com\/blog\/index.php?rest_route=%2Fwp%2Fv2%2Fcategories&post=540"},{"taxonomy":"post_tag","embeddable":true,"href":"https:\/\/sporek.com\/blog\/index.php?rest_route=%2Fwp%2Fv2%2Ftags&post=540"}],"curies":[{"name":"wp","href":"https:\/\/api.w.org\/{rel}","templated":true}]}}