{"id":541,"date":"2016-11-09T23:56:21","date_gmt":"2016-11-10T03:56:21","guid":{"rendered":"http:\/\/sporek.com\/blog\/?p=541"},"modified":"2016-11-10T00:05:52","modified_gmt":"2016-11-10T04:05:52","slug":"prezydent-elekt-donald-trump","status":"publish","type":"post","link":"https:\/\/sporek.com\/blog\/?p=541","title":{"rendered":"Prezydent Elekt, Donald Trump"},"content":{"rendered":"<p><strong style=\"font-weight: normal\"><\/p>\n<p id=\"docs-internal-guid-f453e30a-4c60-c3aa-3768-a062c02248d3\" style=\"line-height: 1.38; margin-top: 0pt; margin-bottom: 0pt\" dir=\"ltr\"><span style=\"color: #000000; font-family: Verdana; font-size: 13.33px; font-style: normal; font-variant: normal; font-weight: 400; text-decoration: none; vertical-align: baseline; background-color: transparent\">Wybory w USA pokaza\u0142y nie tylko r\u00f3\u017cnice pogl\u0105d\u00f3w, teorii, sympatii i antypatii w USA, ale obna\u017cy\u0142y niedojrza\u0142o\u015b\u0107 polityk\u00f3w europejskich. W artykule \u201cD\u017cuma, czy cholera\u201d cytowa\u0142em polskich ministr\u00f3w, Waszczykowskiego i Morawieckiego, &#8211; wyra\u017cali si\u0119 kompletnie nieodpowiedzialnie. <!--more-->Dzisiejsze gadanie Waszczykowskiego dla Wiadomo\u015bci uzna\u0142em za tak \u015bmieszne, \u017ce wy\u0142\u0105czy\u0142em. Nie spodziewa\u0142em si\u0119 jednak, \u017ce Tusk b\u0119dzie, a\u017c tak nieodpowiedzialnym za swoje s\u0142owa przyw\u00f3dc\u0105 Europy. Jego wpis na Twitterze kompromituje go zar\u00f3wno, jako by\u0142ego premiera Polski, jak i jednego z najwy\u017cszych funkcjonariuszy Unii Europejskiej. Nie mog\u0142em s\u0142ucha\u0107 przem\u00f3wienia Francois Hollande\u2019a, kt\u00f3ry orzek\u0142, \u017ce nadszed\u0142 \u201cczas niepewno\u015bci\u201d. Angela plot\u0142a o zrozumieniu, partnerstwie i innym bla, bla, bla. W ustach tych dwojga, kt\u00f3rzy zafundowali Europie, najbardziej niepewne czasy, zabrzmia\u0142o to, jak parodia rzeczywisto\u015bci. Kolejnym hipokryt\u0105 okaza\u0142 si\u0119 by\u0107 obecny lokator Bia\u0142ego Domu. Powiedzia\u0142, \u017ce cieszy go deklaracja Donalda Trumpa, bycia prezydentem wszystkich obywateli \u00a0i to, \u017ce b\u0119dzie chcia\u0142 zminimalizowa\u0107 podzia\u0142y spo\u0142eczne. Znowu, w ustach obecnego prezydenta, kt\u00f3ry chyba najbardziej ze wszystkich prezydent\u00f3w podzieli\u0142 ameryka\u0144skie spo\u0142ecze\u0144stwo, zabrzmia\u0142o, jak farsa. \u00a0Kilka ostatnich dni Obama po\u015bwi\u0119ci\u0142 na forsowanie kandydatki demokrat\u00f3w ob\u015bmiewaniem i wy\u015bmiewaniem Trumpa. Przyznam si\u0119, \u017ce cieszy\u0142 mnie widok jego p\u00f3\u0142 g\u0142upiego u\u015bmiechu, \u015bwiadcz\u0105cego o za\u017cenowaniu, o tym, \u017ce ma on \u015bwiadomo\u015b\u0107, \u017ce najbardziej ob\u015bmia\u0142 samego siebie, \u017ce spo\u0142ecze\u0144stwo nie kupi\u0142o jego kabaretu. Skoro mowa o podzia\u0142ach; &#8211; kiedy\u015b by\u0142o dosy\u0107 jasne, \u017ce gdy rz\u0105dzili biali, to czarni obywatele byli, jakby z nakazu \u201cwrogami\u201d bia\u0142ych, (nie myli\u0107 z rasizmem). Dzi\u015b natomiast mn\u00f3stwo czarnych obywateli stwierdzi\u0142o, \u017ce maj\u0105 dosy\u0107 Obamy, jego rz\u0105d\u00f3w, jego \u201cObama care\u201d (nie ma ludzi zadowolonych z tego ubezpieczenia), ale te\u017c i jego ludzi. Wygra\u0142a Ameryka pragmatyczna. Prawdopodobnie wychodz\u0105ca z za\u0142o\u017cenia, \u017ce skoro Donald Trump dorobi\u0142 si\u0119 tak ogromnego maj\u0105tku, to na pewno wie, jak prowadzi\u0107 gospodark\u0119 finansow\u0105 i w og\u00f3le, jak prowadzi\u0107 kraj.<\/span><\/p>\n<p><\/strong><strong style=\"font-weight: normal\"><\/p>\n<p style=\"line-height: 1.38; margin-top: 0pt; margin-bottom: 0pt\" dir=\"ltr\"><span style=\"color: #000000; font-family: Verdana; font-size: 13.33px; font-style: normal; font-variant: normal; font-weight: 400; text-decoration: none; vertical-align: baseline; background-color: transparent\">Hillary Clinton nie wysz\u0142a nawet do swoich wyborc\u00f3w, gdy og\u0142oszono, jaki nokaut zada\u0142 jej Trump; 289 g\u0142os\u00f3w elektorskich Trumpa, do 218 H. Clinton, to pora\u017cka, jakiej ani ona, ani Demokraci nie przewidywali w najczarniejszych snach,. Prowadzi\u0142a w sonda\u017cach, mia\u0142a za sob\u0105 media i Bia\u0142y Dom. Trump mia\u0142 przeciwko sobie nawet polityk\u00f3w obcych pa\u0144stw, ale te\u017c i spor\u0105 grupk\u0119 cz\u0142onk\u00f3w swojej partii. Pod tym wzgl\u0119dem uwa\u017cam Donalda Trumpa za absolutnego mistrza \u015bwiata. Ale on nie rozdawa\u0142 par\u00f3wek, kawy, ciastek, piwa, wina i s\u0142odko\u015bci; on po prostu m\u00f3wi\u0142, \u201cjak jest\u201d. Ca\u0142a reszta jego zwyci\u0119stwa spowodowana zosta\u0142a polityk\u0105 Obamy i Clinton, zapocz\u0105tkowanej przez Billa-Rozpustnika. Najja\u015bniej t\u0142umacz\u0105 to cyfry: w 2012 roku wygrana Obamy do Romney\u2019a wynosi\u0142a 332 do 200, czyli lepiej, ni\u017c teraz Trumpa i gorzej, ni\u017c teraz Clintonowej. Wyniki poprzednich wybor\u00f3w s\u0105 podstaw\u0105 do przewidywania, do wysuwania \u201crachunk\u00f3w prawdopodobie\u0144stwa\u201d w nast\u0119pnych wyborach. I to na podstawie tamtych wynik\u00f3w prorokowano, kt\u00f3re stany p\u00f3jd\u0105 za demokratk\u0105. Wi\u0119c, co si\u0119 sta\u0142o, \u017ce 332 g\u0142osy elektorskie Obamy, zjecha\u0142y do 218, a 200 g\u0142os\u00f3w Romney\u2019a wyskoczy\u0142o do 289 dla Trumpa? A, no sta\u0142o si\u0119 to, \u017ce demokraci przestali wierzy\u0107 zar\u00f3wno Obamie, Clintonowej, jak i kongresmenom oraz senatorom. I dlatego w\u0142a\u015bnie, jak \u015bpiewa\u0142a ABBA, &#8211; \u201cThe winner takes it all\u201d, &#8211; \u201cZwyci\u0119zca bierze wszystko\u201d: Republikanie wzi\u0119li Bia\u0142y Dom, Kongres i Senat. \u00a0Dlaczego uwa\u017cam Donalda Trumpa za dobrego kandydata? Ten cz\u0142owiek umie czyta\u0107 rzeczywisto\u015b\u0107. Kto\u015b m\u0105dry powiedzia\u0142, \u017ce po ilo\u015bci wrog\u00f3w poznaje si\u0119 wielko\u015b\u0107 cz\u0142owieka. Trump ma wrog\u00f3w nawet w swojej partii. Ale to nie kto inny, jak w\u0142a\u015bnie on skonkludowa\u0142, \u017ce Republikanie nie wychowali sobie nikogo, kto m\u00f3g\u0142by si\u0119gn\u0105\u0107 po fotel prezydencki. Po prezydenturze Reagana, w partii republika\u0144skiej nast\u0105pi\u0142a dziura, kt\u00f3rej niestety nie uda\u0142o si\u0119 wype\u0142ni\u0107. Partia nie wykszta\u0142ci\u0142a, nie \u201cwychowa\u0142a\u201d nikogo, kto m\u00f3g\u0142by podj\u0105\u0107 rywalizacj\u0119 z jakimkolwiek kandydatem Demokrat\u00f3w. I on si\u0119 zdecydowa\u0142. A poniewa\u017c jest to niezwykle niezale\u017cny go\u015b\u0107, poprowadzi\u0142 swoj\u0105 kampani\u0119, jakby pod pr\u0105d, a jednocze\u015bnie niesamowicie z pr\u0105dem. Uderzy\u0142 w \u015bwiadomo\u015b\u0107 przeci\u0119tnego Amerykanina: <\/span><span style=\"color: #000000; font-family: Verdana; font-size: 13.33px; font-style: italic; font-variant: normal; font-weight: 400; text-decoration: none; vertical-align: baseline; background-color: transparent\">hej, ten kraj by\u0142 kiedy\u015b pot\u0119g\u0105, co\u015bmy z nim zrobili?<\/span><span style=\"color: #000000; font-family: Verdana; font-size: 13.33px; font-style: normal; font-variant: normal; font-weight: 400; text-decoration: none; vertical-align: baseline; background-color: transparent\"> I obudzi\u0142. Obudzi\u0142 nawet demokrat\u00f3w. Powr\u00f3t do warto\u015bci pa\u0144stwowych, tylko przez g\u0142upc\u00f3w mo\u017ce by\u0107 traktowany, jako faszyzm (to opinie polskich platformers\u00f3w, nowoczesnych z zaKODowanych). Zwracam uwag\u0119 na ten trend, &#8211; on si\u0119 b\u0119dzie rozszerza\u0142, a najskuteczniej pomaga w tym polityka UE. Dlatego by\u0142y W\u0119gry, , by\u0142a Polska w ubieg\u0142ym roku, a teraz s\u0105 Stany.<\/span><\/p>\n<p style=\"line-height: 1.38; margin-top: 0pt; margin-bottom: 0pt\" dir=\"ltr\"><span style=\"color: #000000; font-family: Verdana; font-size: 13.33px; font-style: normal; font-variant: normal; font-weight: 400; text-decoration: none; vertical-align: baseline; background-color: transparent\">Podoba\u0142a mi si\u0119 dzisiejsza wypowied\u017a Prezydenta, Andrzeja Dudy. Je\u015bli chodzi o inwektywy, ob\u015bmiewanie, kpiny, drwiny, to mogliby poda\u0107 sobie obydwie r\u0119ce. I mo\u017ce dlatego wypowied\u017a naszego prezydenta by\u0142a tak stonowana, trze\u017awa do b\u00f3lu i otwieraj\u0105ca drzwi do dialogu. Ktokolwiek mia\u0142 nadziej\u0119, \u017ce skierowanie uwagi wyborc\u00f3w na \u201cskandale\u201d seksualne Trumpa wyrzuc\u0105 go za burt\u0119, srodze si\u0119 pomyli\u0142, ale w kontek\u015bcie pos\u0142ugiwania si\u0119 tego typu w\u0105tpliwymi argumentami, szalenie mnie dziwi i to g\u0142\u00f3wnie w odniesieniu do przedstawicieli Polonii fakt totalnego usprawiedliwiania setek tysi\u0119cy maili wypuszczonych nie wiadomo gdzie, (ka\u017cdy wie, \u017ce \u201cdelite\u201d nie jest r\u00f3wnoznaczne z wyparowaniem), przest\u0119pstw finansowych, niejasnego pochodzenia pieni\u0119dzy w fundacji Clinton\u00f3w, zw\u0142aszcza wykorzystanie tragedii narodu haita\u0144skiego (jest na ten temat wstrz\u0105saj\u0105cy wr\u0119cz film na Internecie) i ca\u0142kowite pot\u0119pienie Donalda Trumpa, za jak\u0105\u015b tam wypowied\u017a w m\u0119skiej szatni, za jak\u0105\u015b tam kobiecin\u0119, kt\u00f3ra po trzydziestu latach przypomnia\u0142a sobie, \u017ce Trump z\u0142apa\u0142 j\u0105 za pier\u015b i w dodatku za lew\u0105. <\/span><\/p>\n<p style=\"line-height: 1.38; margin-top: 0pt; margin-bottom: 0pt\" dir=\"ltr\"><span style=\"color: #000000; font-family: Verdana; font-size: 13.33px; font-style: normal; font-variant: normal; font-weight: 400; text-decoration: none; vertical-align: baseline; background-color: transparent\">I na koniec: Pierwsza Dama, s\u0142owe\u0144ska pi\u0119kno\u015b\u0107, pe\u0142na dystynkcji, czaru, a jednocze\u015bnie skromno\u015bci. S\u0142ucha\u0142em jednego z jej przem\u00f3wie\u0144. Owszem, ma mocny akcent obcokrajowca, ale m\u00f3wi ze swad\u0105, stoi murem za swoim m\u0119\u017cem, &#8211; Amerykanie to lubi\u0105 i deklaruje, \u017ce b\u0119dzie aktywna. Ju\u017c nied\u0142ugo dolar wr\u00f3ci na swoje miejsce, mo\u017ce nawet lepsze, ni\u017c ma teraz, Amerykanki zaczn\u0105 si\u0119 ubiera\u0107 a\u2019 la Melania, sceptyczne i niech\u0119tne Trumpowi elyty jewropejskie zjad\u0105 do poziomu kolan i b\u0119d\u0105 prosi\u0107 o wybaczenie i zrozumienie g\u0142upot, jakie wygadywa\u0142y podczas kampanii, wierz\u0105c, \u017ce Hillary zmiecie biznesmena, jak brzozowa miot\u0142a. Czemu go nie lubi\u0105? Bo zapowiedzia\u0142 koniec wydawania pieni\u0119dzy, jako dobry Wujek Sam.<\/span><\/p>\n<p style=\"line-height: 1.38; margin-top: 0pt; margin-bottom: 0pt\" dir=\"ltr\"><span style=\"color: #000000; font-family: Verdana; font-size: 13.33px; font-style: normal; font-variant: normal; font-weight: 400; text-decoration: none; vertical-align: baseline; background-color: transparent\">Osobi\u015bcie polecam przynajmniej jedn\u0105 ksi\u0105\u017ck\u0119 D. Trumpa. On ma naprawd\u0119 sporo do powiedzenia.<\/span><\/p>\n<p style=\"line-height: 1.38; margin-top: 0pt; margin-bottom: 0pt\" dir=\"ltr\"><span style=\"color: #000000; font-family: Verdana; font-size: 13.33px; font-style: normal; font-variant: normal; font-weight: 700; text-decoration: none; vertical-align: baseline; background-color: transparent\">Mr. Donald Trump, &#8211; moje gratulacje.<\/span><\/p>\n<p><\/strong><\/p>\n","protected":false},"excerpt":{"rendered":"<p>Wybory w USA pokaza\u0142y nie tylko r\u00f3\u017cnice pogl\u0105d\u00f3w, teorii, sympatii i antypatii w USA, ale obna\u017cy\u0142y niedojrza\u0142o\u015b\u0107 polityk\u00f3w europejskich. W artykule \u201cD\u017cuma, czy cholera\u201d cytowa\u0142em polskich ministr\u00f3w, Waszczykowskiego i Morawieckiego, &#8211; wyra\u017cali si\u0119 kompletnie nieodpowiedzialnie.<\/p>\n","protected":false},"author":2,"featured_media":0,"comment_status":"open","ping_status":"open","sticky":false,"template":"","format":"standard","meta":[],"categories":[4],"tags":[],"_links":{"self":[{"href":"https:\/\/sporek.com\/blog\/index.php?rest_route=\/wp\/v2\/posts\/541"}],"collection":[{"href":"https:\/\/sporek.com\/blog\/index.php?rest_route=\/wp\/v2\/posts"}],"about":[{"href":"https:\/\/sporek.com\/blog\/index.php?rest_route=\/wp\/v2\/types\/post"}],"author":[{"embeddable":true,"href":"https:\/\/sporek.com\/blog\/index.php?rest_route=\/wp\/v2\/users\/2"}],"replies":[{"embeddable":true,"href":"https:\/\/sporek.com\/blog\/index.php?rest_route=%2Fwp%2Fv2%2Fcomments&post=541"}],"version-history":[{"count":0,"href":"https:\/\/sporek.com\/blog\/index.php?rest_route=\/wp\/v2\/posts\/541\/revisions"}],"wp:attachment":[{"href":"https:\/\/sporek.com\/blog\/index.php?rest_route=%2Fwp%2Fv2%2Fmedia&parent=541"}],"wp:term":[{"taxonomy":"category","embeddable":true,"href":"https:\/\/sporek.com\/blog\/index.php?rest_route=%2Fwp%2Fv2%2Fcategories&post=541"},{"taxonomy":"post_tag","embeddable":true,"href":"https:\/\/sporek.com\/blog\/index.php?rest_route=%2Fwp%2Fv2%2Ftags&post=541"}],"curies":[{"name":"wp","href":"https:\/\/api.w.org\/{rel}","templated":true}]}}