{"id":542,"date":"2016-11-23T01:40:51","date_gmt":"2016-11-23T05:40:51","guid":{"rendered":"http:\/\/sporek.com\/blog\/?p=542"},"modified":"2017-02-12T07:55:26","modified_gmt":"2017-02-12T11:55:26","slug":"mam-tego-dosyc","status":"publish","type":"post","link":"https:\/\/sporek.com\/blog\/?p=542","title":{"rendered":"Mam tego dosy\u0107"},"content":{"rendered":"<p><strong style=\"font-weight: normal\"><\/p>\n<p dir=\"ltr\" style=\"line-height: 1.38; margin-top: 0pt; margin-bottom: 0pt\" id=\"docs-internal-guid-b9b3a818-8fb1-bb26-e362-e26fe6f0fa01\"><span style=\"color: #000000; font-family: Verdana; font-size: 13.33px; font-style: normal; font-variant: normal; font-weight: 400; text-decoration: none; vertical-align: baseline; background-color: transparent\">Podtytu\u0142: Ko\u0142o historii. <\/span><\/p>\n<p dir=\"ltr\" style=\"line-height: 1.38; margin-top: 0pt; margin-bottom: 0pt\"><span style=\"color: #000000; font-family: Verdana; font-size: 13.33px; font-style: normal; font-variant: normal; font-weight: 400; text-decoration: none; vertical-align: baseline; background-color: transparent\">Pojawi\u0142y si\u0119 na Internecie filmy z przem\u00f3wieniami os\u00f3b bior\u0105cych udzia\u0142 w tzw. Konferencji \u201cPa\u0144stwo Polskie a Polonia\u201d. <\/span>Tyle ob\u0142udy, ile us\u0142ysza\u0142em w przem\u00f3wieniach Stanis\u0142awa Freja, z Kanady i Agaty Miko\u0142ajczyk z Chicago nie s\u0142ysza\u0142em nawet z ust platformers\u00f3w k\u0142ami\u0105cych na temat PiSu.<!--more--> Przeplatali prawdziwe fakty z, kompletnie fa\u0142szyw\u0105 interpretacj\u0105, ale wy\u0142\u0105cznie na w\u0142asne potrzeby; Pan Frej\u00a0<font size=\"3\" face=\"Times New Roman\">\u00a0 <\/font><\/p>\n<p style=\"margin: 0in 0in 10pt\"><span style=\"color: black; line-height: 115%; font-family: 'Helvetica','sans-serif'; font-size: 10pt\" lang=\"EN-US\"><a target=\"_blank\" href=\"https:\/\/www.youtube.com\/watch?v=153iX_5clJA\"><span style=\"color: blue\" lang=\"PL\">Stanis\u0142aw Frej: &#8222;Formy wsp\u00f3\u0142pracy wsp\u00f3\u0142czesnych \u015brodowisk polonijnych z Polsk\u0105 &#8230;&#8221;<\/span><\/a><\/span><font size=\"3\" face=\"Times New Roman\">\u00a0zar\u00f3<\/font>wno siebie, Rosowskiego, jak i Miko\u0142ajczyk przedstawi\u0142, jako nieskazitelnych patriot\u00f3w na obczy\u017anie. Nie wnikam, ale dok\u0142adanie, \u017ce s\u0105 biali, jak kreda i \u201cbez skazy pocz\u0119ci\u201d by\u0142o wr\u0119cz bezczelne w kontek\u015bcie tego, co ca\u0142a ta tr\u00f3jka wyczynia\u0142a dwa lata temu. Przem\u00f3wienie Agaty Miko\u0142ajczyk, to kompletna farsa, kt\u00f3rej po prostu nie da si\u0119 s\u0142ucha\u0107 maj\u0105c \u015bwiadomo\u015b\u0107, jak\u0105 postaw\u0119 prezentowa\u0142a dwa lata temu. <span style=\"color: #000000; font-family: Verdana; font-size: 13.33px; font-style: normal; font-variant: normal; font-weight: 400; text-decoration: none; vertical-align: baseline; background-color: transparent\">Zatem po kolei: Frej przedstawia Agat\u0119 Miko\u0142ajczyk, jako g\u0142\u0119boko skrzywdzon\u0105 i chamsko potraktowan\u0105, bo zdj\u0119to j\u0105 z funkcji koordynatora Klub\u00f3w GP w USA. <\/span><span style=\"color: #000000; font-family: Verdana; font-size: 13.33px; font-style: normal; font-variant: normal; font-weight: 400; text-decoration: none; vertical-align: baseline; background-color: transparent\">Ot\u00f3\u017c Pani Agata powinna sobie przypomnie\u0107, jak j\u0105 na t\u0119 funkcj\u0119 nominowano. Dok\u0142adnie tak, jak j\u0105 teraz zdj\u0119to I wsadzono Antoniaka: i dok\u0142adnie w tym samym miejscu &#8211; Klasztor Paulin\u00f3w w Ameryka\u0144skiej Cz\u0119stochowie. Tylko wtedy wszystko by\u0142o cacy, bo wsadzono j\u0105 na \u015bwiecznik. Sta\u0142o si\u0119 to w dzie\u0144 zako\u0144czenia zjazdu Klub\u00f3w GP Ameryki P\u00f3\u0142nocnej, w lutym, 2014 roku. Tomasz Sakiewicz przy okazji zamykania zjazdu oznajmi\u0142, \u017ce <\/span><span style=\"color: #000000; font-family: Verdana; font-size: 13.33px; font-style: italic; font-variant: normal; font-weight: 400; text-decoration: none; vertical-align: baseline; background-color: transparent\">\u201cod dzi\u015b pani Agata Miko\u0142ajczyk pe\u0142ni\u0107 b\u0119dzie funkcj\u0119 koordynatora KGP w USA\u201d<\/span><span style=\"color: #000000; font-family: Verdana; font-size: 13.33px; font-style: normal; font-variant: normal; font-weight: 400; text-decoration: none; vertical-align: baseline; background-color: transparent\">. \u017badnej dyskusji, \u017cadnych innych kandydat\u00f3w, ani nawet t\u0142umaczenia, co \u201ckoordynator\u201d b\u0119dzie robi\u0142. <\/span><span style=\"color: #000000; font-family: Verdana; font-size: 13.33px; font-variant: normal; font-weight: 400; text-decoration: none; vertical-align: baseline; background-color: transparent\">Chlapn\u0105\u0142 tylko jeszcze<em>, \u017ce kluby ameryka\u0144skie powinny rozwa\u017cy\u0107 odprowadzanie jakich\u015b kwot pieni\u0119\u017cnych do pania Agatki, \u017ceby nie musia\u0142a pracowa\u0107, jako niania, bo b\u0119dzie wykonywa\u0107 ci\u0119\u017ck\u0105 prac\u0119 koordynatora.<\/em><\/span><span style=\"color: #000000; font-family: Verdana; font-size: 13.33px; font-style: normal; font-variant: normal; font-weight: 400; text-decoration: none; vertical-align: baseline; background-color: transparent\"> Ali\u015bci ta propozycja rozbawi\u0142a wszystkich setnie\u00a0i zosta\u0142a na zawsze w pomieszczeniach klasztornych. Przewodnicz\u0105cy z Filadelfii, Romuald Milkowski, kt\u00f3ry najbardziej napracowa\u0142 si\u0119 nad przygotowaniem zjazdu podszed\u0142 do T. Sakiewicza i zapyta\u0142 <\/span><span style=\"color: #000000; font-family: Verdana; font-size: 13.33px; font-style: italic; font-variant: normal; font-weight: 400; text-decoration: none; vertical-align: baseline; background-color: transparent\">na jakiej zasadzie pani Miko\u0142ajczyk zosta\u0142a koordynatork\u0105? Najd\u0142u\u017cej dzia\u0142aj\u0105cym klubem jest klub nowojorski i to jego przewodnicz\u0105cy powinien koordynowa\u0107 kluby w USA. <\/span><span style=\"color: #000000; font-family: Verdana; font-size: 13.33px; font-style: normal; font-variant: normal; font-weight: 400; text-decoration: none; vertical-align: baseline; background-color: transparent\">Tomasz Sakiewicz odpar\u0142 najzwyczajniej: taka jest moja decyzja i prosz\u0119 to zaakceptowa\u0107. Do Sakiewicza do\u0142\u0105czy\u0142 Pawe\u0142 Piekarczyk, kt\u00f3ry do\u015b\u0107 ostro upomnina\u0142, \u017ce powinni\u015bmy respektowa\u0107 decyzje \u201cszefa\u201d. Roman Milkowski otworzy\u0142 wtedy \u201cczarn\u0105 list\u0119\u201d Tomasza Sakiewicza. Drugi na tej li\u015bcie znalaz\u0142em si\u0119 ja, za to, \u017ce gdy postanowiono w spos\u00f3b absolutnie dyktatorski zmieni\u0107 zarz\u0105d klubu w Filadelfii, usun\u0105\u0107 R. Milkowskiego i wstawi\u0107 Antoniaka, rozpocz\u0105\u0142em akcj\u0119 ratowania zar\u00f3wno klubu, jak i jego przewodnicz\u0105cego i zarz\u0105du. Kto wtedy sekundowa\u0142 Sakiewiczowi? Frej, Miko\u0142ajczyk, Kujbida i Rosowski, kt\u00f3ry do \u017cadnego klubu nie nale\u017ca\u0142 NIGDY! \u00a0\u00a0Koordynatork\u0119, Agat\u0119 Miko\u0142ajczyk b\u0142aga\u0142em, aby przyjecha\u0142a do Filadelfii i jako koordynatorka wesz\u0142a w sp\u00f3r, a nie bezkrytycznie wspiera\u0142a Warszaw\u0119. <\/span><span style=\"color: #000000; font-family: Verdana; font-size: 13.33px; font-style: italic; font-variant: normal; font-weight: 400; text-decoration: none; vertical-align: baseline; background-color: transparent\">\u201cNie ma takiej obcji<\/span><span style=\"color: #000000; font-family: Verdana; font-size: 13.33px; font-style: normal; font-variant: normal; font-weight: 400; text-decoration: none; vertical-align: baseline; background-color: transparent\"> &#8211; us\u0142ysza\u0142em &#8211; <\/span><span style=\"color: #000000; font-family: Verdana; font-size: 13.33px; font-style: italic; font-variant: normal; font-weight: 400; text-decoration: none; vertical-align: baseline; background-color: transparent\">decyduj\u0105 w\u0142adze w Warszawie\u201d.<\/span><span style=\"color: #000000; font-family: Verdana; font-size: 13.33px; font-style: normal; font-variant: normal; font-weight: 400; text-decoration: none; vertical-align: baseline; background-color: transparent\"> Pan Frej z kolei upomina\u0142 mnie w emailach, \u017ce powinienem wykazywa\u0107 wi\u0119cej szacunku dla szef\u00f3w i zaprzesta\u0107 rozbijackiej dzia\u0142alno\u015bci. On i Wac\u0142aw Kujbida z lubo\u015bci\u0105 dok\u0142adali mi, jak dech\u0105 w ty\u0142ek, byle przypodoba\u0107 si\u0119 szefowi z W-wy. Mam te maile, Panowie, nie pr\u00f3bujcie zaprzecza\u0107. Wszyscy wiedzieli, \u017ce rok wcze\u015bniej W. Rosowski zbojkotowa\u0142 wystaw\u0119 \u201cKaty\u0144-Smole\u0144sk\u201d na Long Island, zawalaj\u0105c tym samym Anicie Gargas i Ewie Stankiewicz spotkanie z bogat\u0105, m\u0142od\u0105 Poloni\u0105 z Copiague, kt\u00f3rej przedstawiciele, m\u0142odzi biznesmeni czekali z dotacjami w lokalu, gdzie wystawa mia\u0142a si\u0119 odby\u0107. Gdyby Klubowicze z Filadelfii nie przyjechali po eksponaty, to i w FIladelfii ta wystawa by si\u0119 nie odby\u0142a, wiedzieli te\u017c, \u017ce podczas III rocznicy Katastrofy Smole\u0144skiej Rosowski nie pozwoli\u0142 odczyta\u0107 apelu R. Kapu\u015bci\u0144skiego i zamiast na Msz\u0119 \u015aw. zabra\u0142 swoich Solidarnych solidarnie na \u201cherbatk\u0119 z czosnkiem\u201d do Domu Narodowego. Rosowski dzia\u0142a wy\u0142\u0105cznie tam, gdzie ma sw\u00f3j interes i najlepiej za pieni\u0105dze sponsor\u00f3w. Mimo to wszyscy w\/w przyj\u0119li go do grona pot\u0119piaj\u0105cego w\u0142adze klubu w Filadelfii i mnie. Efekt? Wprowadzono ludzi \u201cznik\u0105d\u201d w Filadelfii i od tego czasu sko\u0144czy\u0142y si\u0119 miesi\u0119cznice, spotkania z politykami, dbanie o pami\u0119\u0107 katastrofy smole\u0144skiej. Ale zorganizowano IV rocznic\u0119 Smole\u0144ska, oczywi\u015bcie za pieni\u0105dze sponsor\u00f3w, tyle tylko, \u017ce skarbnik komitetu obchod\u00f3w do dzi\u015b nie otrzyma\u0142 rozliczenia, a przewodnicz\u0105cy, Antoniak da\u0142 do medi\u00f3w informacj\u0119, \u017ce jego dom zosta\u0142 obrabowany i m. in. zgin\u0105\u0142&#8230;lop tap, w kt\u00f3rym by\u0142y rozliczenia&#8230; Niech i tak b\u0119dzie\u2026 <\/span><span style=\"color: #000000; font-family: Verdana; font-size: 13.33px; font-style: normal; font-variant: normal; font-weight: 400; text-decoration: none; vertical-align: baseline; background-color: transparent\">W tym samym, 2014 roku T. Sakiewicz zrealizowa\u0142 wreszcie gro\u017aby pod moim adresem, jakie stosowa\u0142 podczas konfliktu filadelfijskiego, <em>\u017ce mog\u0119 si\u0119 doigra\u0107 i mnie zniesie<\/em>. Jeszcze na wspomnianym zje\u017adzie okrzykn\u0105\u0142 mnie publicznie \u201cszko\u0142\u0105 moskiewsk\u0105\u201d po tym, jak w moim wyst\u0105pieniu upomnia\u0142em si\u0119 o pami\u0119\u0107 o Wo\u0142yniu przy okazji \u201cszeroko poj\u0119tej pomocy Ukrainie\u201d i pr\u00f3bowa\u0142em stonowa\u0107 has\u0142o \u201cmocna Ukraina, to mocna Polska\u201d przypominaj\u0105c delikatnie, \u017ce owa silna Ukraina, to by\u0142y niestety boj\u00f3wki, kt\u00f3rym ho\u0142d pr\u00f3buje si\u0119 tam nadal oddawa\u0107, a z powodu kt\u00f3rych tysi\u0105ce Polak\u00f3w ucierpia\u0142o niemi\u0142osiernie tu\u017c po II Wojnie \u015awiatowej. I w\u0142a\u015bnie wtedy, po odej\u015bciu od mikrofonu us\u0142ysza\u0142em dobitne s\u0142owa T. Sakiewicza: \u201c<\/span><span style=\"color: #000000; font-family: Verdana; font-size: 13.33px; font-style: italic; font-variant: normal; font-weight: 700; text-decoration: none; vertical-align: baseline; background-color: transparent\">I to jest w\u0142a\u015bnie szko\u0142a moskiewska<\/span><span style=\"color: #000000; font-family: Verdana; font-size: 13.33px; font-style: normal; font-variant: normal; font-weight: 400; text-decoration: none; vertical-align: baseline; background-color: transparent\">\u201d. Nasza relacja zosta\u0142a mocno nadwyr\u0119\u017cona. Niechc\u0105cy Sakiewicz rozwin\u0105\u0142 \u015bwiadomo\u015b\u0107 cz\u0142onk\u00f3w mojego klubu, kt\u00f3rzy pocz\u0119li si\u0119 zastanawia\u0107, czy jeste\u015bmy dla Polski, czy dla Tomasza Sakiewicza? \u00a0No, i sta\u0142o si\u0119: w grudniu, 2014, po tym, jak zorganizowa\u0142em spotkanie z ks. Tadeuszem Isakowiczem-Zaleskim, Sakiewicz wys\u0142a\u0142 mi smsa: <\/span><span style=\"color: #000000; font-family: Verdana; font-size: 13.33px; font-style: italic; font-variant: normal; font-weight: 400; text-decoration: none; vertical-align: baseline; background-color: transparent\">Drogi Januszu widzia\u0142em afisz, na kt\u00f3rym napisali\u015bcie, \u017ce Isakowicz przesta\u0142 pisa\u0107 dla GP, gdy ocenzurowano jego tekst. My\u015bl\u0119, \u017ce rozumiesz, i\u017c nie mam ju\u017c w stosunku do Ciebie \u017cadnego innego ruchu\u201d. <\/span><span style=\"color: #000000; font-family: Verdana; font-size: 13.33px; font-style: normal; font-variant: normal; font-weight: 400; text-decoration: none; vertical-align: baseline; background-color: transparent\">Zanim jednak zd\u0105\u017cy\u0142 z tym \u201cruchem\u201d cz\u0142onkowie wystosowali w\u0142asny list, w kt\u00f3rym zadeklarowali oddanie logo GP i likwidacj\u0119 Klubu. W miejsce KGP za\u0142o\u017cyli\u015bmy natychmiast Polonijny Ruch Obrony Polski. I wszystkim ul\u017cy\u0142o. Jednym z najwi\u0119kszych wrog\u00f3w KGP w Nowym Jorku by\u0142 wtedy, wspomniany wy\u017cej W. Rosowski. Sakiewicz nawet instruowa\u0142 nas, jak si\u0119 go pozby\u0107, jak go spacyfikowa\u0107. I co? I w\u0142a\u015bnie Rosowskiemu powierzy\u0142 \u201cnowy klub\u201d. To dopiero hipokryzja! Rosowski oczywi\u015bcie swoim zwyczajem waln\u0105\u0142 komunikat do medi\u00f3w, \u017ce <\/span><span style=\"color: #000000; font-family: Verdana; font-size: 13.33px; font-style: italic; font-variant: normal; font-weight: 400; text-decoration: none; vertical-align: baseline; background-color: transparent\">\u201cSporek zosta\u0142 usuni\u0119ty, a w jego miejsce ja, Witold Rosowski zosta\u0142em mianowany nowym szefem klubu Gazety Polskiej i b\u0119d\u0119 go prowadzi\u0142 w koordynacji z Solidarnymi, 2010\u201d. <\/span><span style=\"color: #000000; font-family: Verdana; font-size: 13.33px; font-style: normal; font-variant: normal; font-weight: 400; text-decoration: none; vertical-align: baseline; background-color: transparent\">Jako\u017c nie trwa\u0142o to d\u0142ugo, bo ju\u017c na kolejnym zje\u017adzie w Ameryka\u0144skiej Cz\u0119stochowie zmuszono go do rezygnacji. Sam Rosowski da\u0142 natychmiast og\u0142oszenie do medi\u00f3w (straszne parcie na media ma ten facet), \u017ce <\/span><span style=\"color: #000000; font-family: Verdana; font-size: 13.33px; font-style: italic; font-variant: normal; font-weight: 400; text-decoration: none; vertical-align: baseline; background-color: transparent\">on rezygnuje i teraz kto inny b\u0119dzie realizowa\u0142 polityk\u0119 pana Sakiewicza\u201d. <\/span><span style=\"color: #000000; font-family: Verdana; font-size: 13.33px; font-style: normal; font-variant: normal; font-weight: 400; text-decoration: none; vertical-align: baseline; background-color: transparent\">Jak to si\u0119 wszystko dziwnie, historycznie powt\u00f3rzy\u0142o.\u00a0<\/span><span style=\"color: #000000; font-family: Verdana; font-size: 13.33px; font-style: normal; font-variant: normal; font-weight: 400; text-decoration: none; vertical-align: baseline; background-color: transparent\">Ale najgorsze w tym jest to, \u017ce wszyscy ci, wymienieni w tym artykule ludzie: Frej, Miko\u0142ajczyk, Rosowski, Sakiewicz, Piekarczyk, Kapu\u015bci\u0144ski, Antoniak i Sp-ka nieprawdopodobnie skutecznie rozwalili fantastyczn\u0105 robot\u0119 dw\u00f3ch znakomicie dzia\u0142aj\u0105cych Klub\u00f3w Gazety Polskiej. Teraz kolego Frej, kole\u017canko Agatko p\u0142aczecie nad tym co si\u0119 sta\u0142o? Byli\u015bcie dok\u0142adnie w tej samej ferajnie z Sakiewiczem i Antoniakiem. <span style=\"color: #000000; font-family: Verdana; font-size: 13.33px; font-style: normal; font-variant: normal; font-weight: 400; text-decoration: none; vertical-align: baseline; background-color: transparent\" id=\"docs-internal-guid-b9b3a818-933c-4088-1e26-22b53e68eeac\">I, jak teraz pogn\u0119bi\u0142 Was Sakiewicz, tak wtedy Wy, razem z nim gn\u0119bili\u015bcie Romualda Milkowskiego i wspania\u0142ych ludzi z \u00f3wczesnego KGP. Byle tylko znikn\u0119li i byle tylko Sakiewicz m\u00f3g\u0142 na miejsce R. Milkowskiego wstawi\u0107 kompletnie nieznanego z dzia\u0142a\u0144 w Polonii Antoniaka. A potem rozwin\u0119\u0142a si\u0119 orgia k\u0142amstw; facet wyg\u0142asza\u0142 k\u0142amliwe oskar\u017cenia na zje\u017adzie KGP w Polsce i nikt z was nie zwr\u00f3ci\u0142 nawet uwagi, \u017ce nas tam nie ma, \u017ce nie mo\u017cemy si\u0119 broni\u0107. Cieszyli\u015bcie si\u0119, gdy Sakiewicz oznajmia\u0142, w rozsy\u0142anych do klub\u00f3w e-mailach, \u00a0\u017ce \u201cst\u0105pam po w\u0105skiej linii i za chwil\u0119 nie b\u0119dzie mia\u0142 innego wyj\u015bcia, jak tylko mnie usun\u0105\u0107 \u201d. A co on mia\u0142 do usuwania? Czy on za\u0142o\u017cy\u0142 klub, czy on organizowa\u0142 spotkania, czy on dok\u0142ada\u0142 pieni\u0105dze? Nie, przyjed\u017ca\u0142 na gotowe; wikt, transport, zwiedzanie, pla\u017ca, mieszkanko. My ju\u017c wtedy rozszyfrowali\u015bmy sporo spraw i gdyby\u015bcie przynajmniej nie do\u0142\u0105czyli do ch\u00f3ru obro\u0144c\u00f3w T. Sakiewicza, a zdecydowali si\u0119 broni\u0107 dorobku Polonii Ameryka\u0144skiej, dzi\u015b nie byliby\u015bcie tak bole\u015bnie dotkni\u0119ci. <\/span><\/span><span style=\"color: #000000; font-family: Verdana; font-size: 13.33px; font-style: normal; font-variant: normal; font-weight: 400; text-decoration: none; vertical-align: baseline; background-color: transparent\"><span style=\"color: #000000; font-family: Verdana; font-size: 13.33px; font-style: normal; font-variant: normal; font-weight: 400; text-decoration: none; vertical-align: baseline; background-color: transparent\" id=\"docs-internal-guid-b9b3a818-933c-4088-1e26-22b53e68eeac\">Oddalimy logo. Koniec.<\/span><\/span><\/p>\n<p><\/strong><\/p>\n<p style=\"margin: 0in 0in 10pt\"><strong style=\"font-weight: normal\"><span style=\"color: #000000; font-family: Verdana; font-size: 13.33px; font-style: normal; font-variant: normal; font-weight: 400; text-decoration: none; vertical-align: baseline; background-color: transparent\">Rozbijanie Polonii trwa nadal i to, \u017ce Adam B\u0105k, Rosowski, Frej, czy Miko\u0142ajczyk sobie pogadaj\u0105 w Warszawie, czy tutaj niczego nie zmieni, bo z\u0142o zosta\u0142o zasiane. Na razie wygrywaj\u0105 prywatne, osobiste ambicje, z\u0142o\u015bci, niech\u0119\u0107 do innych dzia\u0142aczy i zwyk\u0142y, perfidny \u00a0plan rozbicia Polonii. Gadanie St. Freja o dzia\u0142alno\u015bci \u201coddolnej\u201d i krytyce Sakiewicza teraz nijak si\u0119 ma do gloryfikowania Sakiewicza wtedy, gdy niszczy\u0142 dwa znakomite Kluby. To samo z Miko\u0142ajczyk, to samo z Rosowskim. Hipokryzja, Ale czy tylko? W\u0105tpi\u0119. <\/span><br \/>\n<\/strong><\/p>\n","protected":false},"excerpt":{"rendered":"<p>Podtytu\u0142: Ko\u0142o historii. Pojawi\u0142y si\u0119 na Internecie filmy z przem\u00f3wieniami os\u00f3b bior\u0105cych udzia\u0142 w tzw. Konferencji \u201cPa\u0144stwo Polskie a Polonia\u201d. Tyle ob\u0142udy, ile us\u0142ysza\u0142em w przem\u00f3wieniach Stanis\u0142awa Freja, z Kanady i Agaty Miko\u0142ajczyk z Chicago nie s\u0142ysza\u0142em nawet z ust platformers\u00f3w k\u0142ami\u0105cych na temat PiSu.<\/p>\n","protected":false},"author":2,"featured_media":0,"comment_status":"open","ping_status":"open","sticky":false,"template":"","format":"standard","meta":[],"categories":[1,3],"tags":[],"_links":{"self":[{"href":"https:\/\/sporek.com\/blog\/index.php?rest_route=\/wp\/v2\/posts\/542"}],"collection":[{"href":"https:\/\/sporek.com\/blog\/index.php?rest_route=\/wp\/v2\/posts"}],"about":[{"href":"https:\/\/sporek.com\/blog\/index.php?rest_route=\/wp\/v2\/types\/post"}],"author":[{"embeddable":true,"href":"https:\/\/sporek.com\/blog\/index.php?rest_route=\/wp\/v2\/users\/2"}],"replies":[{"embeddable":true,"href":"https:\/\/sporek.com\/blog\/index.php?rest_route=%2Fwp%2Fv2%2Fcomments&post=542"}],"version-history":[{"count":0,"href":"https:\/\/sporek.com\/blog\/index.php?rest_route=\/wp\/v2\/posts\/542\/revisions"}],"wp:attachment":[{"href":"https:\/\/sporek.com\/blog\/index.php?rest_route=%2Fwp%2Fv2%2Fmedia&parent=542"}],"wp:term":[{"taxonomy":"category","embeddable":true,"href":"https:\/\/sporek.com\/blog\/index.php?rest_route=%2Fwp%2Fv2%2Fcategories&post=542"},{"taxonomy":"post_tag","embeddable":true,"href":"https:\/\/sporek.com\/blog\/index.php?rest_route=%2Fwp%2Fv2%2Ftags&post=542"}],"curies":[{"name":"wp","href":"https:\/\/api.w.org\/{rel}","templated":true}]}}