{"id":543,"date":"2016-12-30T05:26:27","date_gmt":"2016-12-30T09:26:27","guid":{"rendered":"http:\/\/sporek.com\/blog\/?p=543"},"modified":"2017-04-04T11:46:03","modified_gmt":"2017-04-04T15:46:03","slug":"co-mysle-gdy-slysze-%e2%80%9epolska%e2%80%9d","status":"publish","type":"post","link":"https:\/\/sporek.com\/blog\/?p=543","title":{"rendered":"Co my\u015bl\u0119, gdy m\u00f3wi\u0119, s\u0142ysz\u0119 \u201ePolska\u201d?"},"content":{"rendered":"<p><font face=\"Times New Roman\"><\/p>\n<p style=\"margin: 0in 0in 0pt; text-align: justify\">Napisa\u0142em ten tekst w lutym, 2014 roku. Przele\u017ca\u0142 w szufladzie. Dzi\u015b widz\u0119, jak POwcy nie odpuszczaj\u0105, jak nadal chc\u0105 rz\u0105dzi\u0107, jak depcz\u0105 deokracj\u0119. Widz\u0119, jak zachowuj\u0105 si\u0119 ludzie z Nowoczesnej i KODu. Przera\u017caj\u0105ce.<\/p>\n<p style=\"margin: 0in 0in 0pt; text-align: justify\">&nbsp;<\/p>\n<p><\/font><!--more--><span style=\"font-size: 1em; text-align: justify; font-family: 'Times New Roman'\">My\u015bl\u0119 o tym kraju codziennie. Jak? Codziennie inaczej. Jest to jeden z niewielu kraj\u00f3w na \u015bwiecie, kt\u00f3ry najbardziej krzywdzony jest przez w\u0142asnych obywateli. Polska, to przeogromna historia nieprawdopodobnej nobilitacji s\u0142owa <\/span><em style=\"font-size: 1em; text-align: justify; font-family: 'Times New Roman'\">patriotyzm, po\u015bwi\u0119cenie, ofiarno\u015b\u0107, odwaga, uczciwo\u015b\u0107, honor, ojczyzna. <\/em><span style=\"font-size: 1em; text-align: justify; font-family: 'Times New Roman'\">Tak, ale to historia. Polska teraz, to nieprawdopodobne zdewaluowanie s\u0142\u00f3w <\/span><em style=\"font-size: 1em; text-align: justify; font-family: 'Times New Roman'\">patriotyzm, po\u015bwi\u0119cenie, ofiarno\u015b\u0107, odwaga, uczciwo\u015b\u0107, honor, ojczyzna.<\/em><span style=\"font-size: 1em; text-align: justify; font-family: 'Times New Roman'\"> Czy tych zmian dokona\u0142y czasy, czy dokonali ich ludzie? Oczywi\u015bcie, \u017ce ludzie. Ale najgorsze jest to, \u017ce tymi lud\u017ami byli i teraz s\u0105 ci, kt\u00f3rzy rz\u0105dzili i rz\u0105dz\u0105 tym przepi\u0119knym krajem. My\u015bl\u0105c \u201ePolska\u201d, odczuwam co\u015b w rodzaju w\u015bciek\u0142o\u015bci, na tych, kt\u00f3rzy po latach okupacji, nieopisanej martyrologii polskiego narodu, zrobili z niej rosyjsk\u0105 kurtyzan\u0119, daj\u0105c\u0105 si\u0119 gwa\u0142ci\u0107 ruskim hordom w czerwonych kabotach komunistycznego re\u017cimu. Byli, niczym m\u0105\u017c, biernie przypatruj\u0105cy si\u0119, jak jego \u017cona oddaje si\u0119 innemu z jego m\u0119\u017cowskiej, strachliwej, ale te\u017c i wyrachowanej w\u0142asnymi korzy\u015bciami woli. Pocz\u0105wszy od ko\u0144ca II Wojny \u015awiatowej rz\u0105dcy naszej ojczyzny byli jak alfonsi wystawiaj\u0105cy j\u0105, niczym prostytutk\u0119 na sprzeda\u017c rosyjskiemu zaborcy, krajowi, kt\u00f3rego symbolem tej cholernej przyja\u017ani m\u00f3g\u0142by by\u0107 tylko Rasputin. A propos, &#8211; jak dziwnie znajomo brzmi\u0105 dwie ostatnie sylaby nazwiska tego rozpustnika\u2026 Ras-Putin.  Ale dzi\u015b kieruj\u0105 si\u0119 ju\u017c w stron\u0119 innego \u201epana\u201d &#8211; Europa, &#8211; to wzorzec, to idea\u0142, &#8211; Polska, to tylko s\u0142u\u017c\u0105ca, Polska, to \u201enienormalno\u015b\u0107\u201d.<\/span><\/p>\n<p><font face=\"Times New Roman\"><\/p>\n<p style=\"margin: 0in 0in 0pt; text-align: justify\">&nbsp;<\/p>\n<p style=\"margin: 0in 0in 0pt; text-align: justify\">  Przez wiele lat, Polska by\u0142a moj\u0105 matk\u0105; to jej ziemia karmi\u0142a mnie r\u0119koma i prac\u0105 mojej rodzonej matki; by\u0142a nauczycielk\u0105, gdy wspaniali pedagodzy, zw\u0142aszcza ci, kt\u00f3rzy nie boj\u0105c si\u0119 konsekwencji, jednak jakimi\u015b \u201ebocznymi\u201d \u015bcie\u017ckami, na zaj\u0119ciach pozaszkolnych, klubowych, sportowych, jako\u015b tam zawsze pr\u00f3bowali otworzy\u0107 nam oczy na czerwon\u0105 rzeczywisto\u015b\u0107. By\u0142a nauczycielk\u0105, pedagogiem i wychowawc\u0105, gdy uczy\u0142a nas, jak kocha\u0107 i opiekowa\u0107 si\u0119 przyrod\u0105, karmi\u0107 wyg\u0142odzone zim\u0105 zwierz\u0119ta, dokarmia\u0107 ptaki, gdy pokazywa\u0142a nam pi\u0119kno swoich zak\u0105tk\u00f3w. Uczy\u0142a nas wytrwa\u0142o\u015bci, honoru prawo\u015bci, gdy w harcerskich mundurkach lat 50-tych i 60-tych gania\u0142a nas po wertepach beskidzkich g\u00f3r, ods\u0142aniaj\u0105c przed nami ich bezkresn\u0105 wolno\u015b\u0107. A potem kto\u015b wpad\u0142 na debilny pomys\u0142, aby niekt\u00f3re z tych zdrowych organizacji zlikwidowa\u0107, a inne przyozdobi\u0107 przymiotnikiem <em>socjalistyczny. <\/em>\u00a0I sko\u0144czy\u0142a si\u0119 rado\u015b\u0107, autentyczno\u015b\u0107, beztroska. Zacz\u0119\u0142o si\u0119 wmawianie, \u017ce \u201e<em>jedynie s\u0142uszna droga; kolejne plenum-kolejnym drogowskazem\u201d <\/em>i takie tam bzdety.<\/p>\n<p style=\"margin: 0in 0in 0pt; text-align: justify\">  Gdy my\u015bl\u0119 o niej teraz, &#8211; jest bezradn\u0105 kurtyzan\u0105 postkomunistycznych swawolnik\u00f3w, kt\u00f3rzy kradn\u0105c, co si\u0119 tylko da i ile si\u0119 da, pozbawiaj\u0105 j\u0105 naturalnych d\u00f3br, ograniczaj\u0105 swobod\u0119 jej obywateli do ekspansywnego rozwoju swoich talent\u00f3w, prawo biednych do opieki pa\u0144stwa, ilo\u015b\u0107 \u0142\u00f3\u017cek w szpitalach, uposa\u017cenia tych, kt\u00f3rzy chc\u0105 pracowa\u0107. Gdy my\u015bl\u0119 o niej teraz, modl\u0119 si\u0119, by g\u0142upota i nieuczciwo\u015b\u0107 dosta\u0142y skrzyde\u0142 i mog\u0142y lata\u0107; &#8211; by\u0142aby nadzieja, \u017ce jaka\u015b\u00a0cz\u0119\u015b\u0107 pos\u0142\u00f3w ulecia\u0142aby z parlamentu bezpowrotnie w przestworza.<\/p>\n<p style=\"margin: 0in 0in 0pt; text-align: justify\">  Gdy my\u015bl\u0119, &#8211; Polska, widz\u0119 przepi\u0119kn\u0105 \u0142\u0105k\u0119 ukwiecon\u0105 milionami niezwykle utalentowanych <em>kwiat\u00f3w ziemi polskiej<\/em>. Wznosz\u0105 do nieba swe genialnie rozwini\u0119te kielichy, a twardy but postkomunistycznego polityka \u0142amie pod nimi \u0142odygi, schylaj\u0105c\u00a0je do samej gleby, ci\u0119\u017cki trep p\u00f3\u0142g\u0142upiego pos\u0142a wdeptuje\u00a0je w ziemi\u0119, by ca\u0142kiem ju\u017c przekre\u015bli\u0107 szanse na rozkwit. Wi\u0119c kwiaty zmieniaj\u0105 gleb\u0119&#8230; wynosz\u0105 si\u0119 do innego ogrodu.<span style=\"font-family: Verdana, sans-serif; font-size: 10pt\"> <\/span>Polska, to kochanka moich m\u0142odych lat, beztroska, ukochana, wskazuj\u0105ca miejsce na ziemi. To kraj, kt\u00f3ry opu\u015bci\u0142em nie widz\u0105c szans na normalno\u015b\u0107, nie maj\u0105c si\u0142 na bezustanne n\u0119kanie mnie przez \u201ebezpiek\u0119\u201d, tylko, dlatego, \u017ce nale\u017ca\u0142em do \u201eSolidarno\u015bci\u201d.<\/p>\n<p style=\"margin: 0in 0in 0pt; text-align: justify\">  Kiedy jednak my\u015bl\u0119 o Polsce, to zauwa\u017cam, \u017ce dziwnym zbiegiem okoliczno\u015bci przenie\u015bli\u015bmy nasze przywary na tereny ameryka\u0144skiej emigracji. Niby wszyscy uciekli stamt\u0105d, by \u017cy\u0107 w wolnym kraju, by czerpa\u0107 z demokracji, by \u017cy\u0107 w prawdzie, uczciwo\u015bci, wzajemnym szacunku. Niestety, strasznie szybko ogromna cz\u0119\u015b\u0107 naszej emigracyjnej spo\u0142eczno\u015bci przeflancowa\u0142a najgorsze nawyki z mrocznych czelu\u015bci komunistycznych, a z kolei spo\u0142ecze\u0144stwo polskie tam, w kraju, szalenie szybko pr\u00f3buje zaimportowa\u0107 najgorsze warto\u015bci Zachodu. Zupe\u0142nie, jakby nie sta\u0107 nas by\u0142o na co\u015b \u2018naszego\u201d, jakby\u015bmy &#8211; tam &#8211; nie rozumieli, czym jest wolno\u015b\u0107, a tu &#8211; zapomnieli, czym by\u0142a niewola.<\/p>\n<p style=\"margin: 0in 0in 0pt; text-align: justify\">  Musz\u0119 tak pisa\u0107, bo Polska, to ludzie, to \u017cywy organizm, kt\u00f3ry jednak chyba, gdzie\u015b pod sk\u00f3r\u0105 nosi wielowiekowe, wielopokoleniowe \u015blady uciemi\u0119\u017cenia przez obce kraje, ale te\u017c uciemi\u0119\u017cenia przez w\u0142asnych, rodzimych, ojczy\u017anianych rz\u0105dc\u00f3w i, gdzie\u015b pod t\u0105 sk\u00f3r\u0105 czeka na swojego Pi\u0142sudzkiego, bo ta polityczna swo\u0142ocz nie wyprowadzi tego kraju na \u017cadn\u0105 \u201eprost\u0105\u201d, ku dobremu. Ju\u017c nie ma takiej opcji, bo oni nie maj\u0105.<\/p>\n<p style=\"margin: 0in 0in 0pt; text-align: justify\">  Nie przestaj\u0119 kocha\u0107 tego kraju, to prawda, ale te\u017c prawd\u0105 jest, \u017ce kolejni w\u0142adcy mojej Ojczyzny robi\u0105 wszystko, aby chcia\u0142o mi si\u0119 tam wr\u00f3ci\u0107 mo\u017ce dopiero po spokojn\u0105 staro\u015b\u0107, by sp\u0119dzi\u0107 j\u0105 w\u015br\u00f3d swoich; tych, z kt\u00f3rymi wyros\u0142em, ale i tych, kt\u00f3rych wychowa\u0142em.<\/p>\n<p style=\"margin: 0in 0in 0pt; text-align: justify\">  Zatem p\u00f3ki, co, Polska pozostaje wspania\u0142\u0105 kultur\u0105, kt\u00f3r\u0105 b\u0119d\u0119 tu kultywowa\u0142 i pokazywa\u0142 \u201etubylcom\u201d, by nie my\u015bleli, \u017ce Polska, to kraj z \u201dTrzeciego \u015awiata\u201d. P\u00f3ki, co b\u0119d\u0119 otwarcie m\u00f3wi\u0142 o bigoterii w\u015br\u00f3d Polonii, g\u0142upocie, egoizmie, ch\u0119ciach amator\u00f3w by rz\u0105dzi\u0107 profesjonalistami, a i przest\u0119pczo\u015bci, malwersacjach i tym podobnych sprawach, kt\u00f3rych a\u017c nadto w polonijnym \u015bwiatku.<\/p>\n<p style=\"margin: 0in 0in 0pt; text-align: justify\">  Czy to ma sens? Wszystko, co nas boli, je\u015bli o tym m\u00f3wimy, ma sens. Kto\u015b nas kiedy\u015b us\u0142yszy.<\/p>\n<p style=\"margin: 0in 0in 0pt; text-align: justify\">  Przecie\u017c Polska, to by\u0142 polski Papie\u017c i wreszcie us\u0142ysza\u0142 Polsk\u0119 dzi\u0119ki Niemu ca\u0142y \u015bwiat. On czeka\u0142 na to ponad pi\u0119\u0107dziesi\u0105t lat swojego \u015bwi\u0119tego \u017cycia. No to i my b\u0105d\u017amy cierpliwi, a czekaj\u0105c, a\u017c nas us\u0142ysz\u0105, starajmy si\u0119 nie wpada\u0107 w te b\u0142otne tereny intryg, z\u0142o\u015bliwo\u015bci i pod\u0142o\u015bci. \u201eR\u00f3bmy swoje\u201d &#8211; to has\u0142o dla ka\u017cdego, kto czuje w sobie najmniejsz\u0105 nawet kreatywno\u015b\u0107, a kreuj\u0105c my\u015blmy o niej, o Polsce, bo my ci\u0105gle jeste\u015bmy jej dzie\u0107mi, &#8211; ona ci\u0105gle nasz\u0105 Matk\u0105.<\/p>\n<p style=\"margin: 0in 0in 0pt; text-align: justify\">  Rosyjski \u201ealfons\u201d ma bezustann\u0105 ochot\u0119 wys\u0142a\u0107 J\u0105 na polityczn\u0105 ulic\u0119, a wspomagaj\u0105 go wewn\u0119trzni, w Polsce \u201emaluczcy\u201d, cho\u0107 z wielkimi nazwiskami; sprzedaj\u0105, co si\u0119 da z jej d\u00f3br obfitych, handluj\u0105, czym si\u0119 da, by napcha\u0107 swoje kiesy, wykrwawiaj\u0105 jej biedny organizm z \u017cyciodajnych sok\u00f3w nie bacz\u0105c, \u017ce po nich id\u0105 nast\u0119pne pokolenia. Sfora idiot\u00f3w w wygodnych \u0142awach Parlamentu pod szumnymi has\u0142ami \u201enaprawy III Rzeczpospolitej\u201d narobi\u0142a wi\u0119cej z\u0142a, ni\u017c ca\u0142a banda komunist\u00f3w przez pi\u0119\u0107dziesi\u0105t lat. Komuni\u015bci, chocia\u017c troch\u0119 si\u0119 bali, cho\u0107by z tego wzgl\u0119du, \u017ce g\u0142osili has\u0142a r\u00f3wno\u015bci i g\u0142upio im by\u0142o pokazywa\u0107, jak si\u0119 bogac\u0105. Obecnym kacykom, baronom i innym funkcyjnym w\u0142adza i bezkarno\u015b\u0107 uderzy\u0142a w m\u00f3zgi tak mocno, \u017ce zrobili wszystko, aby pos\u0142owie i rz\u0105dcy nast\u0119pnej kadencji nie mieli ju\u017c, z czego kra\u015b\u0107 i aby mieli jak najwi\u0119cej problem\u00f3w, by ojczy\u017aniane ko\u0144ce zwi\u0105za\u0107 jeden z drugim.<\/p>\n<p style=\"margin: 0in 0in 0pt; text-align: justify\">  Kiedy my\u015bl\u0119 \u201ePolska\u201d, to zastanawiam si\u0119 w\u0142a\u015bnie, gdzie ona pope\u0142ni\u0142a b\u0142\u0105d wychowawczy, jako matka. Czy by\u0142a zbyt pob\u0142a\u017cliwa, czy zbyt biedna, czy po prostu wierzy\u0142a, \u017ce skoro jej dzieci rodz\u0105 si\u0119 w nadwi\u015bla\u0144skim kraju, to powinny by\u0107 z gruntu uczciwe, honorowe, prawe, odwa\u017cne i bardzo j\u0105 kochaj\u0105ce, czyli dbaj\u0105ce o jej rozw\u00f3j, oddaj\u0105ce jej swoje talenty? Biedna, bo ta wiara w swoje dzieci kompletn\u0105 by\u0142a pomy\u0142k\u0105, &#8211; im wy\u017cej niekt\u00f3re jej dziatki wspina\u0142y si\u0119 po drabinie kariery, zw\u0142aszcza politycznej, tym ni\u017cej spada\u0142y, jako prawe, honorowe, odwa\u017cne i uczciwe latoro\u015ble, nieprzestaj\u0105ce jednak ssa\u0107 jej um\u0119czonych piersi, a\u017c do b\u00f3lu. Ale ka\u017cde z tych dzieci\u0105tek ma pe\u0142ne g\u0119by swojego oddania, swojej uczciwo\u015bci, zatem jeszcze jedna przywara doklei\u0142a si\u0119 do ich charakter\u00f3w, &#8211; k\u0142amstwo. Biedna Polsko.<\/p>\n<p style=\"margin: 0in 0in 0pt; text-align: justify\">  A jednak warta jeste\u015b wszystkiego, co mamy, &#8211; naszych talent\u00f3w, naszej pracy, naszej mi\u0142o\u015bci, naszego patriotyzmu i dawania ci wszystkiego, co dawa\u0107 ci mo\u017cemy. Ka\u017cdy wed\u0142ug siebie, bez hase\u0142, bez akcji (np. dla powodzian), bez przymusu, ot tak, z serca, z codziennego my\u015blenia, \u017ce ja jestem z Polski, ale \u201eON\u201d te\u017c jest stamt\u0105d, to mo\u017ce lepiej mu pom\u00f3c, ni\u017c zaszkodzi\u0107\u2026? Zbyt pi\u0119kne? A ja wierz\u0119 w pi\u0119kne rzeczy. W cuda te\u017c. B\u0119d\u0119 sobie Polakiem w Ameryce. I b\u0119d\u0119 im \u2013 Amerykanom &#8211; g\u0142o\u015bno m\u00f3wi\u0142 sk\u0105d przyjecha\u0142em: z tysi\u0105cletniej kultury, drodzy \u201etubylcy\u201d, z wielowiekowej tradycji obrony wolno\u015bci \u201ewaszej i naszej\u201d, &#8211; nie zapominajcie, kto tu o was walczy\u0142, dowiedzcie si\u0119, dlaczego jeden most nazywa si\u0119 Pu\u0142aski, a inny Ko\u015bciuszko, dlaczego Savannah, to cmentarz polskiego bohatera, kt\u00f3ry odda\u0142 \u017cycie w\u0142a\u015bnie za wasz\u0105 wolno\u015b\u0107, w\u0142a\u015bnie za to, by ten kraj by\u0142 tym, czym jest. Dowiedzcie si\u0119, \u017ce ten, co kosami Rusa pogoni\u0142, tu \u201ezmajstrowa\u0142\u201d najwspanialsz\u0105 akademi\u0119 wojskow\u0105 i najwspanialsze sza\u0144ce, co wy nazwali\u015bcie West Point, ale trzy czwarte waszej spo\u0142eczno\u015bci nie wie, co to za facet na tym pomniku, w tym\u017ce w\u0142a\u015bnie West Point stoi. Czasem mi wstyd, ale tylko czasem, kiedy widz\u0119 \u201enaszych\u201d schlanych, stoczonych. Szybko jednak zaczyna mi ich by\u0107 \u017cal. Brak\u0142o si\u0142, brak\u0142o twardo\u015bci w charakterach, brak\u0142o przewodnika, a mo\u017ce w\u0142a\u015bnie tego dumnego my\u015blenia: szlag by trafi\u0142, przecie\u017c jestem Polakiem, musz\u0119 si\u0119 podnie\u015b\u0107, nie mo\u017ce mnie z\u0142ama\u0107 byle wiatr, byle niepowodzenie. Przecie\u017c jestem z rodu Lech\u00f3w, Piast\u00f3w, Jagie\u0142\u0142\u00f3w i innych Kazimierz\u00f3w Wielkich. Zabrak\u0142o dumy, bo mo\u017ce te\u017c i przysz\u0142a \u015bwiadomo\u015b\u0107, \u017ce nie ma, z czego by\u0107 dumnym, bo <em>tam<\/em> ju\u017c o dumie nikt nie m\u00f3wi; <em>tam<\/em> o honorze ju\u017c zapomniano, a uczciwo\u015b\u0107 wdeptano w uliczne b\u0142oto. Nie, nie tak! Jeste\u015b cz\u0142owiekiem, &#8211; po pierwsze i przede wszystkim! Ty sam decydujesz o sobie, ty sam masz trzyma\u0107 g\u0142ow\u0119 na powierzchni, tego nikt za ciebie nie zrobi. Pomnij tych wszystkich, kt\u00f3rzy walczyli przez wieki, tych, kt\u00f3rzy oddali swoje \u017cycie, nie b\u0105d\u017a warcho\u0142em, podnie\u015b sw\u00f3j m\u0105dry \u0142eb i powiedz, \u017ce musisz wygra\u0107 z losem, kt\u00f3ry rzuci\u0142 ci\u0119 w ramiona obcego kraju. Plu\u0144 na ten pieski los i podaj r\u0119k\u0119 samemu sobie. Nie czekaj na lito\u015b\u0107, bo to czekanie ci\u0119 zabije. Wsta\u0144, \u201eunie\u015b g\u0142ow\u0119\u201d, podnie\u015b si\u0119 z kl\u0119czek, nie ty jeden mia\u0142e\u015b trudne momenty, \u201ews\u0142uchaj si\u0119 w s\u0142owa pie\u015bni o Ma\u0142ym Rycerzu\u201d. Rozejrzyj si\u0119 i szukaj tych, kt\u00f3rzy osi\u0105gn\u0119li sukces; id\u017a ich \u015bladem, to dobry trop. Tu te\u017c mo\u017cesz mie\u0107 swoj\u0105 Polsk\u0119, &#8211; tylko zr\u00f3b co\u015b od siebie.<\/p>\n<p style=\"margin: 0in 0in 0pt; text-align: justify\">  Polska, &#8211; mam j\u0105 w sobie, chc\u0119 j\u0105 mie\u0107 wok\u00f3\u0142, mam j\u0105 w sercu, chc\u0119 j\u0105 mie\u0107 w czynach,- nie trzeba miecz\u00f3w, nie trza or\u0119\u017ca. Teraz my\u015bl, tworzenie, praca, &#8211; dajmy jej to, poprzez to, co chcemy da\u0107 i zdoby\u0107 dla siebie. To wystarczy. Ka\u017cdej matce wystarcza\u0142 nasz sukces, J\u0105 te\u017c usatysfakcjonuje. I nie wstyd\u017amy si\u0119 m\u00f3wi\u0107: przyjecha\u0142em tu z Polski i teraz \u201erobi\u0119\u201d dla dw\u00f3ch kraj\u00f3w. \u201eBo\u017ce, co\u015b Polsk\u0119\u201d\u2026 Przesta\u0144my zwala\u0107 wszystko na Boga. Zr\u00f3bmy co\u015b od siebie. Wielu z nas robi i to ju\u017c jest bardzo du\u017co. Jest, z czego by\u0107 dumnym.<\/p>\n<p style=\"margin: 0in 0in 0pt; text-align: justify\">&nbsp;<\/p>\n<p><\/font><\/p>\n<p style=\"margin: 0in 0in 0pt; text-align: justify\">&nbsp;<\/p>\n<p><font face=\"Times New Roman\"><\/p>\n<p style=\"margin: 0in 0in 0pt; text-align: justify\">&nbsp;<\/p>\n<p style=\"margin: 0in 0in 0pt; text-align: justify\">&nbsp;<\/p>\n<p><\/font><\/p>\n<p style=\"margin: 0in 0in 0pt; text-align: justify\">&nbsp;<\/p>\n","protected":false},"excerpt":{"rendered":"<p>Napisa\u0142em ten tekst w lutym, 2014 roku. Przele\u017ca\u0142 w szufladzie. Dzi\u015b widz\u0119, jak POwcy nie odpuszczaj\u0105, jak nadal chc\u0105 rz\u0105dzi\u0107, jak depcz\u0105 deokracj\u0119. Widz\u0119, jak zachowuj\u0105 si\u0119 ludzie z Nowoczesnej i KODu. Przera\u017caj\u0105ce. &nbsp;<\/p>\n","protected":false},"author":2,"featured_media":0,"comment_status":"open","ping_status":"open","sticky":false,"template":"","format":"standard","meta":[],"categories":[3],"tags":[],"_links":{"self":[{"href":"https:\/\/sporek.com\/blog\/index.php?rest_route=\/wp\/v2\/posts\/543"}],"collection":[{"href":"https:\/\/sporek.com\/blog\/index.php?rest_route=\/wp\/v2\/posts"}],"about":[{"href":"https:\/\/sporek.com\/blog\/index.php?rest_route=\/wp\/v2\/types\/post"}],"author":[{"embeddable":true,"href":"https:\/\/sporek.com\/blog\/index.php?rest_route=\/wp\/v2\/users\/2"}],"replies":[{"embeddable":true,"href":"https:\/\/sporek.com\/blog\/index.php?rest_route=%2Fwp%2Fv2%2Fcomments&post=543"}],"version-history":[{"count":0,"href":"https:\/\/sporek.com\/blog\/index.php?rest_route=\/wp\/v2\/posts\/543\/revisions"}],"wp:attachment":[{"href":"https:\/\/sporek.com\/blog\/index.php?rest_route=%2Fwp%2Fv2%2Fmedia&parent=543"}],"wp:term":[{"taxonomy":"category","embeddable":true,"href":"https:\/\/sporek.com\/blog\/index.php?rest_route=%2Fwp%2Fv2%2Fcategories&post=543"},{"taxonomy":"post_tag","embeddable":true,"href":"https:\/\/sporek.com\/blog\/index.php?rest_route=%2Fwp%2Fv2%2Ftags&post=543"}],"curies":[{"name":"wp","href":"https:\/\/api.w.org\/{rel}","templated":true}]}}