{"id":544,"date":"2017-02-10T23:48:37","date_gmt":"2017-02-11T03:48:37","guid":{"rendered":"http:\/\/sporek.com\/blog\/?p=544"},"modified":"2017-02-10T23:54:50","modified_gmt":"2017-02-11T03:54:50","slug":"co-z-miesiecznicami-w-nowym-jorku","status":"publish","type":"post","link":"https:\/\/sporek.com\/blog\/?p=544","title":{"rendered":"Co z miesi\u0119cznicami w Nowym Jorku?"},"content":{"rendered":"<p id=\"docs-internal-guid-78fada64-2b4a-80db-6cbd-7d4daa5e96d7\" style=\"line-height: 1.38; margin-top: 0pt; margin-bottom: 0pt\" dir=\"ltr\"><span style=\"color: #000000; font-family: Arial; font-size: 10pt; font-style: normal; font-variant-ligatures: normal; font-variant-caps: normal; font-weight: 400; text-decoration: none; vertical-align: baseline; background-color: transparent\">NIC!!! Kompletnie nic. Nie ma. To samo nale\u017cy powiedzie\u0107 o Filadelfii. By\u0142y sobie dwa, znakomicie dzia\u0142aj\u0105ce Kluby Gazety Polskiej; jeden w Nowym Jorku, drugi w Filadelfii I przyjecha\u0142 \u201cw\u00f3dz, nad wodze\u201d, ten, kt\u00f3ry sp\u0142odzi\u0142 ide\u0119 klub\u00f3w Gazety Polskiej, sk\u0142\u00f3ci\u0142 ludzi, zamiesza\u0142, zaj\u0105trzy\u0142 i&#8230; rozwali\u0142.\u00a0<\/span><\/p>\n<p><!--more--><\/p>\n<p id=\"docs-internal-guid-78fada64-2b4a-80db-6cbd-7d4daa5e96d7\" style=\"line-height: 1.38; margin-top: 0pt; margin-bottom: 0pt\" dir=\"ltr\"><span style=\"color: #000000; font-family: Arial; font-size: 10pt; font-style: normal; font-variant-ligatures: normal; font-variant-caps: normal; font-weight: 400; text-decoration: none; vertical-align: baseline; background-color: transparent\">Niby powsta\u0142y hucznie dwa \u201cnowe\u201d kluby, ale od 2014 roku nikt nie s\u0142ysza\u0142 o miesi\u0119cznicach 10 ka\u017cdego miesi\u0105ca. W Warszawie, do dzisiaj odprawiana jest wielka, uroczysta Msza \u015awi\u0119ta. Nikt nie s\u0142ysza\u0142 o spotkaniach politycznych. Ale \u201cw\u00f3dz\u201d nie m\u00f3g\u0142 tego zrobi\u0107 sam. Zar\u00f3wno w Nowym Jorku, jak i w Filadelfii, od kt\u00f3rej rozpocz\u0119\u0142a si\u0119 niechlubna akcja zniszczenia dobrze dzia\u0142aj\u0105cych klub\u00f3w, mia\u0142 \u201cswoich\u201d ludzi. Ludzi, kt\u00f3rzy nie wahali si\u0119 pakowa\u0107 w g\u0142ow\u0119 \u201cwodza\u201d k\u0142amstw i oszczerstw. Ludzi, kt\u00f3rzy, jak pies ko\u015b\u0107, natychmiast przechwycili \u201csched\u0119\u201d po starych klubach i, kt\u00f3rzy na tym w\u0142a\u015bnie zako\u0144czyli szczytn\u0105 dzia\u0142alno\u015b\u0107 polonijnych \u201caktywist\u00f3w\u201d. Teraz nie ma dzia\u0142alno\u015bci upami\u0119tniaj\u0105cej tragedi\u0119 kwietniow\u0105 z 2010 roku, najwi\u0119ksz\u0105, jaka wydarzy\u0142a si\u0119 w powojennej Polsce, ale na \u201cprzekl\u0119tej ziemi\u201d. Czy mo\u017ce o to w\u0142a\u015bnie chodzi\u0142o? To pytanie musia\u0142oby by\u0107 zadane zar\u00f3wno Sakiewiczowi, jak i Kapu\u015bci\u0144skiemu w Polsce, ale te\u017c Rosowskiemu, Antoniakowi i ich najbli\u017cszym lizusom, k\u0142ami\u0105cym na temat zarz\u0105d\u00f3w i przewodnicz\u0105cych poprzednich, podkre\u015bl\u0119, \u015bwietnie dzia\u0142aj\u0105cych klub\u00f3w. Panowie, czy chodzi\u0142o o zniszczenie Pami\u0119ci Ofiar Katastrofy Smole\u0144skiej? (<\/span><span style=\"color: #000000; font-family: Arial; font-size: 10pt; font-style: italic; font-variant-ligatures: normal; font-variant-caps: normal; font-weight: 400; text-decoration: none; vertical-align: baseline; background-color: transparent\">Pisz\u0119 z du\u017cych liter, bo dla mnie jest to ju\u017c nazwa historyczna i tak\u0105 pozostanie).<\/span><span style=\"color: #000000; font-family: Arial; font-size: 10pt; font-style: normal; font-variant-ligatures: normal; font-variant-caps: normal; font-weight: 400; text-decoration: none; vertical-align: baseline; background-color: transparent\"> Co zrobili\u015bcie od 2014 roku, by t\u0119 pami\u0119\u0107 kultywowa\u0107, tu, w Stanach? Panie Sakiewicz, Panie Kapu\u015bci\u0144ski, Panie Rosowski, Panie Antoniak i Panie Bogdanie Kowalski w Filadelfii, Pani Miko\u0142ajczyk Agato, w Chicago? Nie zrobili\u015bcie nic i zostaniecie zapami\u0119tani, jako ci, kt\u00f3rzy t\u0119 pami\u0119\u0107 zniweczyli; przero\u015bni\u0119tymi ambicjami, chorym ego, nienawi\u015bci\u0105 do prawdy, uwielbieniem dla swoich teorii i nienawi\u015bci\u0105 do ka\u017cdego, kto o\u015bmieli\u0142 si\u0119 te teorie podwa\u017ca\u0107; kompleksami ma\u0142ych ludzi, \u017c\u0105dnych funkcji, nawet tak niewiele znacz\u0105cych, jak przewodnicz\u0105cy klubu. Ale dla nas, by\u0142ych przewodnicz\u0105cych, ta funkcja oznacza\u0142a prac\u0119 dla Ojczyzny i prac\u0119 dla Polonii. Dzi\u015b ludzie na Greenpoincie zadaj\u0105 mi pytania: dlaczego nie ma spotka\u0144, dlaczego nic si\u0119 nie organizuje, czemu nie ma miesi\u0119cznic? Te pytania ju\u017c nie do mnie. Ale \u015bwiadcz\u0105 one o tym, \u017ce ludzie pami\u0119taj\u0105. Pami\u0119taj\u0105 spotkania z ponad \u00a0czterdziestoma polskimi politykami, dzia\u0142aczami, naukowcami, pami\u0119taj\u0105 manifestacje pod konsulatem, pod ambasad\u0105 niemieck\u0105, pod misj\u0105 niemieck\u0105, spotkania w Centrum Polsko-S\u0142owia\u0144skim, w ko\u015bcio\u0142ach i te regularne spotkania Klubu Gazety Polskiej. Ksi\u0119\u017ca pytaj\u0105, co si\u0119 sta\u0142o z miesi\u0119cznicami?<\/span><\/p>\n<p style=\"line-height: 1.38; margin-top: 0pt; margin-bottom: 0pt\" dir=\"ltr\"><span style=\"color: #000000; font-family: Arial; font-size: 10pt; font-style: normal; font-variant-ligatures: normal; font-variant-caps: normal; font-weight: 400; text-decoration: none; vertical-align: baseline; background-color: transparent\">W Filadelfii, porz\u0105dni ludzie z by\u0142ego Klubu Gazety Polskiej za\u0142o\u017cyli Stowarzyszenie Rodzin Polonijnych. Przewodzi im by\u0142y przewodnicz\u0105cy by\u0142ego KGP, Roman Milkowski. W ka\u017cd\u0105, drug\u0105 niedziel\u0119 miesi\u0105ca Stowarzyszenie zaprasza na Msz\u0119 \u015awi\u0119t\u0105 w intencji Ojczyzny. \u00a0W Nowym Jorku mamy Solidarnych, podobno te\u017c jest Klub Gazety Polskiej, ale nie ma dzia\u0142alno\u015bci. By\u0142 to jeden z najpr\u0119\u017cniej dzia\u0142aj\u0105cych klub\u00f3w w ca\u0142ej Ameryce i uderzenie by\u0142o tak mocne, \u017ce jego byli cz\u0142onkowie, ju\u017c nie chcieli s\u0142ysze\u0107 o podobnej dzia\u0142alno\u015bci. Ten klub du\u017co wcze\u015bniej prze\u017cy\u0142 wewn\u0119trzn\u0105 \u201cwojn\u0119\u201d sprowokowana przez nierozgarni\u0119tych prostaczk\u00f3w, pod wodz\u0105 Rosowskiego, kt\u00f3rym si\u0119 wydawa\u0142o, \u017ce mog\u0105 dokona\u0107 puczu, zmieni\u0107 zarz\u0105d i podlizywa\u0107 si\u0119 szefom w W-wie. Nie dali rady, &#8211; odeszli, klub dzia\u0142a\u0142 dalej i by\u0142 niezwykle aktywny w tej dzia\u0142alno\u015bci. A\u017c do przyjazdu \u201cwodza\u201d, kt\u00f3remu kto\u015b us\u0142u\u017cny (?) pokaza\u0142 afisz z deklaracj\u0105 Ksi\u0119dza Tadeusza Isakowicza-Zaleskiego, \u017ce w Gazecie Polskiej ocenzurowano jego tekst. \u201cW\u00f3dz\u201d stwierdzi\u0142, \u017ce Ksi\u0105dz k\u0142amie i zadecydowa\u0142, \u017ce\u2026 rozwali Klub. Bardzo logiczne.<\/span><\/p>\n<p style=\"line-height: 1.38; margin-top: 0pt; margin-bottom: 0pt\" dir=\"ltr\"><span style=\"color: #000000; font-family: Arial; font-size: 10pt; font-style: normal; font-variant-ligatures: normal; font-variant-caps: normal; font-weight: 400; text-decoration: none; vertical-align: baseline; background-color: transparent\">Dawno temu w kabaretowym spektaklu pad\u0142o s\u0142ynne pytanie: \u201c<\/span><span style=\"color: #000000; font-family: Arial; font-size: 10pt; font-style: italic; font-variant-ligatures: normal; font-variant-caps: normal; font-weight: 400; text-decoration: none; vertical-align: baseline; background-color: transparent\">Panie, przed wojn\u0105 to w tym sklepie sta\u0142a beczka z czarnym kawiorem i druga, z czerwonym kawiorem, &#8211; komu to przeszkadza\u0142o?\u201d<\/span><\/p>\n<p style=\"line-height: 1.38; margin-top: 0pt; margin-bottom: 0pt\" dir=\"ltr\"><span style=\"color: #000000; font-family: Arial; font-size: 10pt; font-style: normal; font-variant-ligatures: normal; font-variant-caps: normal; font-weight: 400; text-decoration: none; vertical-align: baseline; background-color: transparent\">A, no, komu?<\/span><\/p>\n<p id=\"docs-internal-guid-78fada64-2b46-367b-1dba-3673a67d5642\" style=\"line-height: 1.38; margin-top: 0pt; margin-bottom: 0pt\" dir=\"ltr\">&nbsp;<\/p>\n","protected":false},"excerpt":{"rendered":"<p>NIC!!! Kompletnie nic. Nie ma. To samo nale\u017cy powiedzie\u0107 o Filadelfii. By\u0142y sobie dwa, znakomicie dzia\u0142aj\u0105ce Kluby Gazety Polskiej; jeden w Nowym Jorku, drugi w Filadelfii I przyjecha\u0142 \u201cw\u00f3dz, nad wodze\u201d, ten, kt\u00f3ry sp\u0142odzi\u0142 ide\u0119 klub\u00f3w Gazety Polskiej, sk\u0142\u00f3ci\u0142 ludzi, zamiesza\u0142, zaj\u0105trzy\u0142 i&#8230; rozwali\u0142.\u00a0<\/p>\n","protected":false},"author":2,"featured_media":0,"comment_status":"open","ping_status":"open","sticky":false,"template":"","format":"standard","meta":[],"categories":[3],"tags":[],"_links":{"self":[{"href":"https:\/\/sporek.com\/blog\/index.php?rest_route=\/wp\/v2\/posts\/544"}],"collection":[{"href":"https:\/\/sporek.com\/blog\/index.php?rest_route=\/wp\/v2\/posts"}],"about":[{"href":"https:\/\/sporek.com\/blog\/index.php?rest_route=\/wp\/v2\/types\/post"}],"author":[{"embeddable":true,"href":"https:\/\/sporek.com\/blog\/index.php?rest_route=\/wp\/v2\/users\/2"}],"replies":[{"embeddable":true,"href":"https:\/\/sporek.com\/blog\/index.php?rest_route=%2Fwp%2Fv2%2Fcomments&post=544"}],"version-history":[{"count":0,"href":"https:\/\/sporek.com\/blog\/index.php?rest_route=\/wp\/v2\/posts\/544\/revisions"}],"wp:attachment":[{"href":"https:\/\/sporek.com\/blog\/index.php?rest_route=%2Fwp%2Fv2%2Fmedia&parent=544"}],"wp:term":[{"taxonomy":"category","embeddable":true,"href":"https:\/\/sporek.com\/blog\/index.php?rest_route=%2Fwp%2Fv2%2Fcategories&post=544"},{"taxonomy":"post_tag","embeddable":true,"href":"https:\/\/sporek.com\/blog\/index.php?rest_route=%2Fwp%2Fv2%2Ftags&post=544"}],"curies":[{"name":"wp","href":"https:\/\/api.w.org\/{rel}","templated":true}]}}