{"id":545,"date":"2017-02-15T22:51:30","date_gmt":"2017-02-16T02:51:30","guid":{"rendered":"http:\/\/sporek.com\/blog\/?p=545"},"modified":"2017-02-15T22:55:51","modified_gmt":"2017-02-16T02:55:51","slug":"klamstwa-klamstwa-klamstwa-2","status":"publish","type":"post","link":"https:\/\/sporek.com\/blog\/?p=545","title":{"rendered":"K\u0142amstwa, k\u0142amstwa, k\u0142amstwa"},"content":{"rendered":"<p>Politycy PO, za spo\u0142eczne pieni\u0105dze goni\u0105 swoje s\u0142u\u017cbowe limuzyny, po Polsce, \u017ceby kreowa\u0107 k\u0142amstwa i wykorzystywa\u0107 wypadek Pani Premier do swoich parszywych <em>(nie myli<span style=\"font-size: 1em\">\u0107<\/span><\/em><span style=\"font-size: 1em\"><em>\u00a0z partykularnymi)<\/em> interes\u00f3w. Interes\u00f3w brudnych, jak oni sami, haniebnych, jak haniebne by\u0142y ich o\u015bmioletnie rz\u0105dy w Polsce, kt\u00f3r\u0105 nazywali \u201ech\u2026, d\u2026 i kamieni kupa\u201d.\u00a0<\/span><\/p>\n<p><!--more--><span style=\"font-size: 1em\">Nic w tym dziwnego, &#8211; sze\u015b\u0107 lat temu latali nawet do Moskwy i Smole\u0144ska, \u017ceby karmi\u0107 nas k\u0142amstwami o sekcjach zw\u0142ok, przesianej na g\u0142\u0119boko\u015b\u0107 metra ziemi, itp. By\u0142y k\u0142amstwa moskiewskie i smole\u0144skie, teraz s\u0105 k\u0142amstwa o\u015bwi\u0119cimskie. Oto pierwsze z nich:\u00a0<\/span><span style=\"font-size: 1em\">Budka Borys: <\/span><em style=\"font-size: 1em\">\u201eNa pro\u015bb\u0119 rodziny zdecydowali\u015bmy si\u0119 po\u015bredniczy\u0107 i zorganizowa\u0107 pomoc prawn\u0105 dobrego, niezale\u017cnego &#8211; nie polityka \u2013 adwokata, kt\u00f3ry temu m\u0142odemu Sebastianowi pomo\u017ce w zderzeniu z pa\u0144stwem PiS\u201d<\/em><span style=\"font-size: 1em\">. Pomijam chamstwo w stosunku do wyborc\u00f3w, bo to nie jest \u201epa\u0144stwo PiS\u201d, to jest pa\u0144stwo polskie, w kt\u00f3rym spo\u0142ecze\u0144stwo wybra\u0142o Prawo i Sprawiedliwo\u015b\u0107 daj\u0105c tej partii mandat do rz\u0105dzenia. Tymczasem matka Sebastiana, owego niefortunnego kierowcy zapewni\u0142a portal \u201eFakty O\u015bwi\u0119cim\u201d, \u017ce to politycy opozycji zwr\u00f3cili si\u0119 do niej. Portal pisze: <\/span><strong style=\"font-size: 1em\">\u201eZapewnia, \u017ce rodzina nie ma \u017cadnych powi\u0105za\u0144 politycznych, ale to w\u0142a\u015bnie opozycyjni parlamentarzy\u015bci pierwsi zwr\u00f3cili si\u0119 do niej\u201d.<\/strong><span style=\"font-size: 1em\">\u00a0Mecenas W\u0142adys\u0142aw Pociej, jak na prawnika przysta\u0142o owin\u0105\u0142 odpowied\u017a na pytanie, czy politycy Platformy si\u0119 z nim spotkali, tradycyjn\u0105 bawe\u0142n\u0105: <\/span><em style=\"font-size: 1em\">\u201ePo raz kolejny zmuszony jestem panu o\u015bwiadczy\u0107 <\/em><span style=\"font-size: 1em\">\u2013 powiedzia\u0142 do dziennikarza -, <\/span><em style=\"font-size: 1em\">\u017ce wkracza pan w zakres tajemnicy adwokackiej\u201d<\/em><span style=\"font-size: 1em\">. \u00a0Tak, jakby to pytanie mia\u0142o jakie\u015b znaczenie dla dobra \u015bledztwa. G\u0142upota \u015bciga g\u0142upot\u0119. Natomiast zupe\u0142nie bezcenna by\u0142a mina Schetyny, w rozmowie z dziennikarzem RMF24, Robertem Mazurkiem, kt\u00f3ry przeczyta\u0142 Grzesiowi nast\u0119puj\u0105cy tekst: <\/span><em style=\"font-size: 1em\">\u201ePotraktowano mnie wyj\u0105tkowo niesprawiedliwie, pr\u00f3buj\u0105c zrobi\u0107 ze mnie koz\u0142a ofiarnego, ignoruj\u0105c ewidentne \u0142amanie przepis\u00f3w przez kierowc\u00f3w BORu, kt\u00f3rzy czuj\u0105 si\u0119 bezkarnie, je\u017cd\u017c\u0105c, jak piraci drogowi\u201d.<\/em><span style=\"font-size: 1em\"> \u00a0I na to, guru PO, Schetyna odpowiada, jak z automatu: <\/span><strong style=\"font-size: 1em\">\u201eTo jest pytanie na temat polskiego pa\u0144stwa prawa, polskiej praworz\u0105dno\u015bci, o to, w jaki spos\u00f3b traktuje si\u0119 podejrzanego, w jaki spos\u00f3b przeprowadza si\u0119 przes\u0142uchania\u2026\u201d <\/strong><span style=\"font-size: 1em\">W tym momencie red. Mazurek przerywa m\u00f3wi\u0105c: <\/span><em style=\"font-size: 1em\">\u201eZanim pan powie za du\u017co, to powiem, \u017ce by\u0142 to list pani Natalii Arnald, kt\u00f3ra 10 grudnia 2014 roku mia\u0142a st\u0142uczk\u0119 pod Belwederem z limuzyn\u0105 pana prezydenta Komorowskiego. W wyniku tej\u017ce st\u0142uczki, c\u00f3rka pani Arnald trafi\u0142a do szpitala; nikt wtedy o tym nie rozmawia\u0142. Media milcza\u0142y\u2026\u201d<\/em><span style=\"font-size: 1em\"> No, i Grze\u015b Schetyna, z nieprawdopodobnie g\u0142upi\u0105 min\u0105, te\u017c zamilk\u0142. Wycieczki do O\u015bwi\u0119cimia, za spo\u0142eczne pieni\u0105dze, obra\u017canie pa\u0144stwa polskiego, pod\u017ceganie do zamachu. \u017be niby za du\u017co powiedzia\u0142em? A czym\u017ce jest organizowanie pomocy prawnej i zbi\u00f3rka na nowy samoch\u00f3d, dla kierowcy, kt\u00f3ry uderzy\u0142 w samoch\u00f3d Beaty Szyd\u0142o, je\u015bli nie namawianiem do zamach\u00f3w? Taranujcie samochody rz\u0105dowe, a my wam pomo\u017cemy prawnie, zrekompensujemy straty finansowe!!! <\/span><span style=\"background-color: transparent; font-family: Verdana; font-size: 10pt\">Taki, niestety wyd\u017awi\u0119k maj\u0105 o\u015bwi\u0119cimskie akcje POpapra\u0144c\u00f3w.\u00a0<\/span><span style=\"font-size: 1em\">Czy jest jaka\u015b kara za o\u015bmieszanie pa\u0144stwa, za nawo\u0142ywanie do prowokowania nieszcz\u0119\u015b\u0107, tragedii? Ci politycy powinni i\u015b\u0107 siedzie\u0107, jak jeden m\u0105\u017c.\u00a0<\/span><\/p>\n","protected":false},"excerpt":{"rendered":"<p>Politycy PO, za spo\u0142eczne pieni\u0105dze goni\u0105 swoje s\u0142u\u017cbowe limuzyny, po Polsce, \u017ceby kreowa\u0107 k\u0142amstwa i wykorzystywa\u0107 wypadek Pani Premier do swoich parszywych (nie myli\u0107\u00a0z partykularnymi) interes\u00f3w. Interes\u00f3w brudnych, jak oni sami, haniebnych, jak haniebne by\u0142y ich o\u015bmioletnie rz\u0105dy w Polsce, kt\u00f3r\u0105 nazywali \u201ech\u2026, d\u2026 i kamieni kupa\u201d.\u00a0<\/p>\n","protected":false},"author":2,"featured_media":0,"comment_status":"open","ping_status":"open","sticky":false,"template":"","format":"standard","meta":[],"categories":[4],"tags":[],"_links":{"self":[{"href":"https:\/\/sporek.com\/blog\/index.php?rest_route=\/wp\/v2\/posts\/545"}],"collection":[{"href":"https:\/\/sporek.com\/blog\/index.php?rest_route=\/wp\/v2\/posts"}],"about":[{"href":"https:\/\/sporek.com\/blog\/index.php?rest_route=\/wp\/v2\/types\/post"}],"author":[{"embeddable":true,"href":"https:\/\/sporek.com\/blog\/index.php?rest_route=\/wp\/v2\/users\/2"}],"replies":[{"embeddable":true,"href":"https:\/\/sporek.com\/blog\/index.php?rest_route=%2Fwp%2Fv2%2Fcomments&post=545"}],"version-history":[{"count":0,"href":"https:\/\/sporek.com\/blog\/index.php?rest_route=\/wp\/v2\/posts\/545\/revisions"}],"wp:attachment":[{"href":"https:\/\/sporek.com\/blog\/index.php?rest_route=%2Fwp%2Fv2%2Fmedia&parent=545"}],"wp:term":[{"taxonomy":"category","embeddable":true,"href":"https:\/\/sporek.com\/blog\/index.php?rest_route=%2Fwp%2Fv2%2Fcategories&post=545"},{"taxonomy":"post_tag","embeddable":true,"href":"https:\/\/sporek.com\/blog\/index.php?rest_route=%2Fwp%2Fv2%2Ftags&post=545"}],"curies":[{"name":"wp","href":"https:\/\/api.w.org\/{rel}","templated":true}]}}