{"id":547,"date":"2017-03-05T02:29:51","date_gmt":"2017-03-05T06:29:51","guid":{"rendered":"http:\/\/sporek.com\/blog\/?p=547"},"modified":"2017-03-05T02:37:12","modified_gmt":"2017-03-05T06:37:12","slug":"spotkania-muzyczne","status":"publish","type":"post","link":"https:\/\/sporek.com\/blog\/?p=547","title":{"rendered":"Spotkania muzyczne"},"content":{"rendered":"<p id=\"docs-internal-guid-a532f305-9d27-c4d2-8fdf-3d94c0050fa2\" style=\"line-height: 1.38; margin-top: 0pt; margin-bottom: 0pt\" dir=\"ltr\"><span style=\"font-family: Verdana; font-size: 10pt; vertical-align: baseline; background-color: transparent\">Tak si\u0119 sk\u0142ada, \u017ce mia\u0142em swoje audycje muzyczne w czterech rozg\u0142o\u015bniach radiowych, dzia\u0142aj\u0105cych w Nowym Jorku i okolicach. Zacz\u0119\u0142o si\u0119 od Naszego Radia, za\u0142o\u017conego na pocz\u0105tku lat 90-tych ubieg\u0142ego stulecia (cholera, jak to brzmi\u2026?), przez redaktora Jerzego Bekkera i by\u0142o to najbardziej profesjonalnie prowadzone radio, potem by\u0142o Radio Rytm, dalej Polskie Radio Chicago, w Pomonie, NJ, zwane tu potocznie Radio 910 i na koniec Radio Rampa &#8211; Internetowe.<\/span><\/p>\n<p><!--more--><\/p>\n<p style=\"line-height: 1.38; margin-top: 0pt; margin-bottom: 0pt\" dir=\"ltr\"><span style=\"font-family: Verdana; font-size: 10pt; vertical-align: baseline; background-color: transparent\">Opr\u00f3cz tego ostatniego, trzy pozosta\u0142e s\u0105 ju\u017c w\u0142a\u015bciwie tylko wspomnieniem, a wszystkie trzy zosta\u0142y unicestwione przez \u201cnaszych\u201d, czyli wewn\u0119trznych, polonijnych dywersant\u00f3w, kt\u00f3rzy, albo byli analfabetami w dziedzinie radiowej, albo byli wyznaczeni do likwidacji rozg\u0142o\u015bni, albo okazali si\u0119 by\u0107 zwyk\u0142ymi szkodnikami, kt\u00f3rzy chc\u0105c koniecznie wybi\u0107 si\u0119 na sukces, utr\u0105cali po kolei \u015bwietnych dziennikarzy, doprowadzaj\u0105c ostatecznie do ich odej\u015bcia, a \u017ce sami nie byli w stanie prowadzi\u0107 radia, &#8211; radio pada\u0142o. Mamy, jak\u0105\u015b wewn\u0119trzn\u0105 potrzeb\u0119 niszczenia swojego. Patrz obecne dzia\u0142ania PO, Nowoczesnej i KODu w Polsce.<\/span><\/p>\n<p style=\"line-height: 1.38; margin-top: 0pt; margin-bottom: 0pt\" dir=\"ltr\"><span style=\"font-family: Verdana; font-size: 10pt; vertical-align: baseline; background-color: transparent\">Wszystkie te rozg\u0142o\u015bnie &#8211; opr\u00f3cz jednej &#8211; chc\u0105c mie\u0107 ciekaw\u0105 audycj\u0119 proponowa\u0142y mi, jak\u0105\u015b tam akceptowaln\u0105 kwot\u0119 za prowadzenie, dla jednej,\u00a0<\/span><span style=\"background-color: transparent; font-family: Verdana; font-size: 10pt\">wszelako\u00a0<\/span><span style=\"background-color: transparent; font-family: Verdana; font-size: 10pt\">pracowa\u0142em za darmo przez ponad dwa lata (czasem si\u0119 jednak zdarza, \u017ce nasi biznesmeni chcieliby, \u017ceby dla nich pracowa\u0107 za darmo, przy czym oni za darmo nie machn\u0105 nawet malutkim paluszkiem), a inna, sprzed ponad dziesi\u0119ciu ju\u017c lat jest mi nadal winna sporo pieni\u0119dzy i rekompensat\u0119 za krzywd\u0119 moralno-materialn\u0105 bo straci\u0142em z powodu nieuczciwo\u015bci szef\u00f3w tej rozg\u0142o\u015bni mo\u017cliwo\u015b\u0107 zarobienia sporych pieni\u0119dzy na Florydzie i zrobi\u0142em z siebie g\u0142upa w oczach ludzi, kt\u00f3rzy w\u0142a\u015bnie na Florydzie zaproponowali mi intratn\u0105 \u201cfuch\u0119\u201d na okres wakacji. Rzeczona rozg\u0142o\u015bnia natychmiast zaproponowa\u0142a lepsze warunku i w dodatku z przed\u0142u\u017ceniem poza okres letni. No i, oczywi\u015bcie nie dotrzyma\u0142a obietnicy.<\/span><\/p>\n<p style=\"line-height: 1.38; margin-top: 0pt; margin-bottom: 0pt\" dir=\"ltr\"><span style=\"font-family: Verdana; font-size: 10pt; vertical-align: baseline; background-color: transparent\">W wi\u0119kszo\u015bci tych rozg\u0142o\u015bni mog\u0142em \u201cprzemyca\u0107\u201d tre\u015bci og\u00f3lnie uznane za \u201cniepoprawne politycznie\u201d, a to na temat polityki w\u0142a\u015bnie, albo na temat Polsko-S\u0142owia\u0144skiej Unii Kredytowej, &#8211; jedna, wszelako rozg\u0142o\u015bnia nie \u017cyczy\u0142a sobie nawet aluzji na tematy wskazane wy\u017cej, prowadz\u0105c polityk\u0119 z cyklu \u201cpotulne ciel\u0119 dwie matki ssie\u201d, czyli bezbarwne, bezp\u0142ciowe lawirowanie po r\u00f3\u017cnych tematach, niekoniecznie interesuj\u0105cych og\u00f3\u0142 polonijnego bractwa.<\/span><\/p>\n<p style=\"line-height: 1.38; margin-top: 0pt; margin-bottom: 0pt\" dir=\"ltr\"><span style=\"font-family: Verdana; font-size: 10pt; vertical-align: baseline; background-color: transparent\">Pisa\u0142em te\u017c artyku\u0142y do wszystkich polonijnych gazet, przynajmniej dwa, lub trzy, a do jednej, jak policzy\u0142em, ponad setk\u0119 i te\u017c mam w tej gazecie \u201culokowane\u201d kilkaset dolar\u00f3w, ale, jak mniemam, nie na procent i w dodatku nie do otrzymania. Bywa, &#8211; czyli kolejny przyk\u0142ad umi\u0142owania w\u0142a\u015bcicieli biznes\u00f3w do robienia dla nich za darmo.<\/span><\/p>\n<p style=\"line-height: 1.38; margin-top: 0pt; margin-bottom: 0pt\" dir=\"ltr\"><span style=\"font-family: Verdana; font-size: 10pt; vertical-align: baseline; background-color: transparent\">Mia\u0142em te\u017c w\u0142asny program w US POLSAT i wspominam te kilka lat w spos\u00f3b niezwykle sympatyczny, aczkolwiek i tam wkrad\u0142a si\u0119 nasza, \u201cbezinteresowna\u201d zawi\u015b\u0107, czyli \u201cza du\u017co go w tej telewizji\u201d i program pad\u0142 na skutek wewn\u0119trznych intryg. Ale, jak powiedzia\u0142em &#8211; wspominam sympatycznie, zw\u0142aszcza, \u017ce szef by\u0142 w stosunku do mnie zawsze bardzo fair.<\/span><\/p>\n<p style=\"line-height: 1.38; margin-top: 0pt; margin-bottom: 0pt\" dir=\"ltr\"><span style=\"font-family: Verdana; font-size: 10pt; vertical-align: baseline; background-color: transparent\">Posk\u0142ada\u0142o si\u0119 tych do\u015bwiadcze\u0144 ponad 20 lat i, jak to cz\u0142owiek, wpad\u0142em w przyzwyczajenia, \u017ceby nie powiedzie\u0107 w na\u0142\u00f3g, a podobno s\u0105 one drug\u0105 nasza natur\u0105. I \u201ckupi\u0142em\u201d znakomity pomys\u0142 mojej zacnej i jednej z najszczerszych przyjaci\u00f3\u0142ek: czemu nie zrobisz swoich audycji muzycznych na youtube? S\u0142uchali ci\u0119 ludzie od Nowego Jorku, przez Filadelfi\u0119, Los Angeles, W\u0142ochy, Niemcy, Polsk\u0119, nawet Australi\u0119\u2026 Mia\u0142e\u015b sta\u0142ych s\u0142uchaczy we Francji, &#8211; potrzebne ci do tego jakie\u015b radio?<\/span><\/p>\n<p style=\"line-height: 1.38; margin-top: 0pt; margin-bottom: 0pt\" dir=\"ltr\"><span style=\"font-family: Verdana; font-size: 10pt; vertical-align: baseline; background-color: transparent\">No, i jak tu nie wierzy\u0107 w teori\u0119, \u017ce \u015bwiat bez kobiet by\u0142by raczej \u015brednio fajny? Rozejrza\u0142em si\u0119 wi\u0119c za kim\u015b, kto umie \u201ckamerowa\u0107\u201d z nagrywaniem, a potem \u201cobs\u0142u\u017cy\u0107\u201d ten ca\u0142y youtube, bo przyznam si\u0119 bez tortur, \u017ce poj\u0119cie o wk\u0142adaniu czegokolwiek na Internet mam takie samo, jak m\u00f3j utalentowany wnuczek o graniu na kobzie. Chocia\u017c pewnie on by szybciej \u201cwytropi\u0142\u201d, jak ten instrument u\u017cywa\u0107, ni\u017c ja rozezna\u0142 ten ca\u0142y youtube.<\/span><\/p>\n<p style=\"line-height: 1.38; margin-top: 0pt; margin-bottom: 0pt\" dir=\"ltr\"><span style=\"font-family: Verdana; font-size: 10pt; vertical-align: baseline; background-color: transparent\">Zatem, z najwi\u0119ksz\u0105 przyjemno\u015bci\u0105 zawiadamiam moich dawnych S\u0142uchaczy, \u017ce b\u0119d\u0105 mogli s\u0142ucha\u0107 audycji muzycznych, kiedy tylko zechc\u0105, bo b\u0119d\u0105 one po prostu \u201cwisia\u0142y\u201d, &#8211; jak m\u00f3wi moja zacna kole\u017canka, &#8211; na Internecie i b\u0119d\u0105 do \u201cwzi\u0119cia\u201d w dowolnej chwili.<\/span><\/p>\n<p style=\"line-height: 1.38; margin-top: 0pt; margin-bottom: 0pt\" dir=\"ltr\"><span style=\"font-family: Verdana; font-size: 10pt; vertical-align: baseline; background-color: transparent\">Planuj\u0119 pierwsz\u0105 audycj\u0119 zrealizowa\u0107 na pi\u0105tek, 10 marca, a dotyczy\u0107 ona b\u0119dzie polskiej muzyki, Wielkopostnej. Temat, kt\u00f3ry praktycznie znany jest chyba tylko \u015bcis\u0142emu gronu specjalist\u00f3w, a ja bardzo bym chcia\u0142, \u017ceby\u015bmy si\u0119 wszyscy troch\u0119 spr\u00f3bowali rozezna\u0107 w tej dziedzinie, bo jest ona w Polsce r\u00f3wnie pi\u0119kna, jak kol\u0119dy, pastora\u0142ki, czy inne pie\u015bni Bo\u017conarodzeniowe. Zatem do pi\u0105tku, a potem, co pi\u0105tek chcia\u0142bym, w miar\u0119 regularnie wita\u0107 Was w \u015bwiecie muzyki. Jak znam siebie, to i polityki troch\u0119 te\u017c wrzuc\u0119, ale tak, \u017ce nawet nie do ko\u0144ca zauwa\u017cycie, a i o Polonii te\u017c troch\u0119 przemyc\u0119, bo wdzi\u0119czny to temat, \u017ce ho, ho!\u00a0<\/span><span style=\"background-color: transparent; font-family: Verdana; font-size: 10pt\">Tymczasem&#8230;<\/span><\/p>\n","protected":false},"excerpt":{"rendered":"<p>Tak si\u0119 sk\u0142ada, \u017ce mia\u0142em swoje audycje muzyczne w czterech rozg\u0142o\u015bniach radiowych, dzia\u0142aj\u0105cych w Nowym Jorku i okolicach. Zacz\u0119\u0142o si\u0119 od Naszego Radia, za\u0142o\u017conego na pocz\u0105tku lat 90-tych ubieg\u0142ego stulecia (cholera, jak to brzmi\u2026?), przez redaktora Jerzego Bekkera i by\u0142o to najbardziej profesjonalnie prowadzone radio, potem by\u0142o Radio Rytm, dalej Polskie Radio Chicago, w Pomonie, [&hellip;]<\/p>\n","protected":false},"author":2,"featured_media":0,"comment_status":"open","ping_status":"open","sticky":false,"template":"","format":"standard","meta":[],"categories":[1],"tags":[],"_links":{"self":[{"href":"https:\/\/sporek.com\/blog\/index.php?rest_route=\/wp\/v2\/posts\/547"}],"collection":[{"href":"https:\/\/sporek.com\/blog\/index.php?rest_route=\/wp\/v2\/posts"}],"about":[{"href":"https:\/\/sporek.com\/blog\/index.php?rest_route=\/wp\/v2\/types\/post"}],"author":[{"embeddable":true,"href":"https:\/\/sporek.com\/blog\/index.php?rest_route=\/wp\/v2\/users\/2"}],"replies":[{"embeddable":true,"href":"https:\/\/sporek.com\/blog\/index.php?rest_route=%2Fwp%2Fv2%2Fcomments&post=547"}],"version-history":[{"count":0,"href":"https:\/\/sporek.com\/blog\/index.php?rest_route=\/wp\/v2\/posts\/547\/revisions"}],"wp:attachment":[{"href":"https:\/\/sporek.com\/blog\/index.php?rest_route=%2Fwp%2Fv2%2Fmedia&parent=547"}],"wp:term":[{"taxonomy":"category","embeddable":true,"href":"https:\/\/sporek.com\/blog\/index.php?rest_route=%2Fwp%2Fv2%2Fcategories&post=547"},{"taxonomy":"post_tag","embeddable":true,"href":"https:\/\/sporek.com\/blog\/index.php?rest_route=%2Fwp%2Fv2%2Ftags&post=547"}],"curies":[{"name":"wp","href":"https:\/\/api.w.org\/{rel}","templated":true}]}}