{"id":548,"date":"2017-04-07T09:19:04","date_gmt":"2017-04-07T13:19:04","guid":{"rendered":"http:\/\/sporek.com\/blog\/?p=548"},"modified":"2017-04-10T21:28:41","modified_gmt":"2017-04-11T01:28:41","slug":"unia-kredytowa-wybory1","status":"publish","type":"post","link":"https:\/\/sporek.com\/blog\/?p=548","title":{"rendered":"PSFUK-Wybory 1"},"content":{"rendered":"<p>B\u0119d\u0105 mnie nienawidzi\u0107, b\u0119d\u0119 niewygodny, b\u0119d\u0119 ten niesforny, niegrzeczny Polonus, kt\u00f3ry si\u0119 czepia. Jednak w zgodzie z teori\u0105, \u017ce milczenie na temat z\u0142a jest przyzwoleniem i akceptacj\u0105 z\u0142ego b\u0119d\u0119 niegrzeczny, niesforny i nie dbam, czy mnie pokochaj\u0105, czy mnie znienawidz\u0105, bo chodzi nie o moje dobro, a dobro og\u00f3lne i chodzi o k\u0142amstwa, kombinacje i oszustwo. Ostro? No, trudno.<!--more-->\u00a0Chwa\u0142a Polsko-S\u0142owia\u0144skiej Federalnej Unii Kredytowej za pomoc Instytutowi Pi\u0142sudzkiego. I tylko za to. Ale, kiedy s\u0142ysz\u0119 pochwalne peany niekt\u00f3rych polonijnych dzia\u0142aczy zgi\u0119tych w p\u00f3\u0142 i dzi\u0119kuj\u0105cych za kilkaset dolar\u00f3w wsparcia, albo nawet kilka tysi\u0119cy, to trzewia przewracaj\u0105 si\u0119 we mnie, jakbym siedzia\u0142 w wy\u017cymaczce. Zbli\u017caj\u0105 si\u0119 wybory do Polsko-S\u0142owia\u0144skiej Federalnej Unii Kredytowej. I ju\u017c na samym pocz\u0105tku mamy do czynienia z dziwnymi \u201enominacjami\u201d, a raczej \u201eNie &#8211; nominacjami\u201d. Ot\u00f3\u017c zadaj\u0119 sobie pytanie, dlaczego komisja nominacyjna odrzuci\u0142a dwoje kandydat\u00f3w z ogromnym do\u015bwiadczeniem bankowym i do\u015bwiadczeniem w pe\u0142nieniu funkcji cz\u0142onka rady dyrektor\u00f3w? Tych dwoje, to Danuta Siemi\u0144ska i Leon Kokoszka. Pani Danuta by\u0142a przez kilka lat dyrektorem wykonawczym, a Leon Kokoszka by\u0142 cz\u0142onkiem rady dyrektor\u00f3w przez dwie kadencje. A ja pami\u0119tam go, z czas\u00f3w, gdy ja by\u0142em w tej\u017ce radzie i pami\u0119tam go, jako niezwykle dociekliwego i \u015bwietnie orientuj\u0105cego si\u0119 w bankowej dokumentacji fachowca, kt\u00f3ry ju\u017c wtedy, podobnie, jak ja by\u0142 szalenie niewygodny dla rz\u0105dz\u0105cych, czyli Wierzbowskiej, Matyszczyka, Chmielewskiego. Oczywi\u015bcie komisja nominacyjna nie ma obowi\u0105zku t\u0142umaczy\u0107, dlaczego jednych odrzuca, a innych nominuje. Nie jest to jednak pierwszy raz, \u017ce odrzucono fachowc\u00f3w, a nominowano \u201eswoich\u201d. Dlaczego tak si\u0119 dzieje? To tez proste, &#8211; bo dzia\u0142alno\u015b\u0107 rady dyrektor\u00f3w ma coraz wi\u0119cej znak\u00f3w zapytania, na kt\u00f3re nie ma \u017cadnych odpowiedzi:<br \/>\n-Dlaczego od pi\u0119ciu lat nie zorganizowano ani jednego zebrania informacyjnego dla cz\u0142onk\u00f3w?<br \/>\n-Ile my, jako cz\u0142onkowie stracili\u015bmy pieni\u0119dzy w zwi\u0105zku z wyrokami s\u0105dowymi?<br \/>\n-Ile pieni\u0119dzy wydano na darmowe koncerty Jana Pietrzaka? \u2013 Przeloty, hotele, wynagrodzenie? Widz\u00f3w by\u0142o niespe\u0142na 400 (na 80 tysi\u0119cy cz\u0142onk\u00f3w)\u2026<br \/>\n-Ile pieni\u0119dzy wydano na Golec uOrkiestra, z rodzinami \u2013 przeloty, hotele, podr\u00f3\u017ce mi\u0119dzy Nowym Jorkiem, a Chicago, udzia\u0142 Golc\u00f3w w Paradzie Pu\u0142askiego, pot\u0119\u017cne zdj\u0119cie zespo\u0142u na platformie, wynagrodzenia? I, czy prawd\u0105 jest, ze wydano na to oko\u0142o 700 tysi\u0119cy dolar\u00f3w?<br \/>\n-Dlaczego fundusz \u201eszkoleniowo-turystyczny\u201d zwi\u0119kszono ze 110 tysi\u0119cy, do 600 tysi\u0119cy, a wydano ju\u017c ponad 700 tysi\u0119cy?<br \/>\nSkandalem jest to, \u017ce nawet dyrektorzy pytaj\u0105cy o te kwoty nie otrzymuj\u0105 odpowiedzi. Zatem, kto podejmowa\u0142 te decyzje?<br \/>\nJa oceniam, \u017ce odpowied\u017a na te pytania, warta jest, jakie\u015b 600 \u2013 700 tysi\u0119cy dolar\u00f3w!!!<br \/>\nPonad trzykrotnie wi\u0119cej, ni\u017c przeznacza si\u0119 na stypendia dla utalentowanych, ale i niezwykle pracowitych polonijnych uczni\u00f3w.<br \/>\nDla por\u00f3wnania: Zwi\u0105zek \u015apiewak\u00f3w Polskich, Okr\u0119g Nowojorski otrzyma\u0142 na zorganizowanie koncertu Noworocznego w tym roku\u2026 $300.<br \/>\nW czym Polonusi dzia\u0142aj\u0105cy w kulturze, &#8211; teatr, \u015bpiew, film, taniec, m\u0142odzi zdolni, studiuj\u0105cy, ch\u00f3ry, talenty polonijne, ect., czy w sporcie; &#8211; szermierka, pi\u0142ka no\u017cna i mn\u00f3stwo innych dyscyplin, s\u0105 gorsi od Golc\u00f3w? Jaka jest r\u00f3\u017cnica mi\u0119dzy dzia\u0142aczami polonijnymi, a Golcami?\u00a0 Taka, \u017ce po pierwsze Golce nie potrzebuj\u0105 wsparcia Unii Kredytowej; maj\u0105 pieni\u0105dze, du\u017ce pieni\u0105dze z p\u0142yt, koncert\u00f3w, nagr\u00f3d, to po pierwsze. Po drugie &#8211; dzia\u0142acze polonijni pracuj\u0105 najcz\u0119\u015bciej za darmo, dok\u0142adaj\u0105 sporo z w\u0142asnej kieszeni i to oni jednocz\u0105 Poloni\u0119, szerz\u0105 kultur\u0119, po\u015bwi\u0119caj\u0105 sw\u00f3j czas, talenty, energi\u0119 i zdrowie. Dyrektorzy Unii Kredytowej dziel\u0105 Poloni\u0119 i to niezwykle skutecznie. Zatem, w czym nasi dzia\u0142acze s\u0105 gorsi? Kiedy, kt\u00f3ry\u015b z cz\u0142onk\u00f3w rady dyrektor\u00f3w zrobi\u0142 co\u015b za darmo dla Polonii, opr\u00f3cz comiesi\u0119cznego siedzenia na zebraniu z dobrym i sutym obiadkiem? Opr\u00f3cz wyjazd\u00f3w do ciep\u0142ych kraj\u00f3w, teraz ju\u017c dooko\u0142a \u015bwiata, bo przecie\u017c zaliczono Chiny i Australi\u0119? Prosz\u0119 mi wyt\u0142umaczy\u0107, &#8211; w czym gorszy od Golc\u00f3w jest J\u00f3zef Pa\u0142ka, genialny instruktor ta\u0144ca? W czym gorszy jest Janusz M\u0142ynek, r\u00f3wnie genialny trener szermierki? Izabela Laskowska prowadz\u0105ca Instytut Teatralny, Hania Hartowicz, organizuj\u0105ca Nowojorski Festiwal Film\u00f3w Polskich, Zwi\u0105zek \u015apiewak\u00f3w Polskich, w Ameryce, &#8211; najstarsza polonijna organizacja kultywuj\u0105ca polsk\u0105 pie\u015b\u0144, j\u0119zyk ojczysty i kultur\u0119 \u015bpiewacz\u0105 od 128 lat? Kto\u015b mi doni\u00f3s\u0142, \u017ce kiedy dyrektorzy widz\u0105 moje nazwisko na li\u015bcie zarz\u0105du Okr\u0119gu, jako Dyrygenta Generalnego, to od razu m\u00f3wi\u0105, \u017ce nie dadz\u0105 pieni\u0119dzy. I wiecie, co? Proszono mnie, \u017cebym nie krytykowa\u0142, bo Unia mo\u017ce przecie\u017c da\u0107 przynajmniej\u2026 ze trzysta dolar\u00f3w na koncert, a tak, nie da nic. I m\u00f3wi si\u0119 &#8211; \u201edobre i te trzysta dolar\u00f3w\u201d, za reszt\u0119 musz\u0105 zap\u0142aci\u0107 ch\u00f3rzy\u015bci i publiczno\u015b\u0107. Takie jest podej\u015bcie szefostwa zarz\u0105du \u015bpiewak\u00f3w. Poni\u017caj\u0105ce. Nie ma pieni\u0119dzy na dyrygent\u00f3w, stroje, kopie nut, wynajem sal na koncerty, nagrody dla najlepszych ch\u00f3r\u00f3w, najlepszych dyrygent\u00f3w, ale \u201edobre jest te trzysta\u201d. Tak\u0105 mamy logik\u0119. Typowo pokomunistyczn\u0105: sied\u017a cicho, mo\u017ce ci\u0119 kto\u015b zauwa\u017cy i absolutnie nie krytykuj, bo si\u0119 narazisz. A ko\u015bcio\u0142y, ligi morskie, harcerze? A cudownie zdolni m\u0142odzi Polacy studiuj\u0105cy tu na uczelaniach artystyczncyh, mog\u0105cy by\u0107 ambasadorami naszej kultury i naszej Ojczyzny? Szko\u0142y, to oddzielny temat. Zrobi\u0142y si\u0119 &#8222;politycznym&#8221; narz\u0119dziem w r\u0119kach prezes\u00f3w. Niestety.<\/p>\n<p>W najbli\u017cszym czasie podam nazwiska kandydat\u00f3w, na kt\u00f3rych powinni\u015bmy g\u0142osowa\u0107, aby przybli\u017cy\u0107 szanse opuszczenia rady dyrektor\u00f3w przez tych, kt\u00f3rzy zasiedzieli si\u0119 w niej po na\u015bcie, albo i dwadzie\u015bcia lat i tych, kt\u00f3rzy s\u0105 ich pieskami go\u0144czymi do bezmy\u015blnego wykonywania polece\u0144. My\u015bl\u0119 te\u017c, \u017ce jednak obecny CEO, to nie jest zbyt w\u0142a\u015bciwy cz\u0142owiek na w\u0142a\u015bciwym miejscu. Byli lepsi, ale nie mieli przyjaci\u00f3\u0142 w szefostwie rady dyrektor\u00f3w. Analizuj\u0119 te\u017c, por\u00f3wnawczo raporty naszej Unii z raportami Unii Ukrai\u0144skiej, &#8211; tu ju\u017c naprawd\u0119 mo\u017cemy m\u00f3wi\u0107 o skandalicznej sytuacji.<br \/>\nGratuluj\u0119 Golcom, moim krajanom, bo przecie\u017c Rajcza i Mil\u00f3wka, to s\u0105siaduj\u0105ce z sob\u0105, urokliwe miejscowo\u015bci na \u017bywiecczy\u017anie, &#8211; dostali cudowne wakacje rodzinne w Stanach, zrobili przez miesi\u0105c zaledwie trzy, czy cztery koncerty i zarobili tyle, \u017ce \u017cadna z polonijnych organizacji nie dosta\u0142a od Unii przez ca\u0142e jej 40-letnie istnienie.<\/p>\n","protected":false},"excerpt":{"rendered":"<p>B\u0119d\u0105 mnie nienawidzi\u0107, b\u0119d\u0119 niewygodny, b\u0119d\u0119 ten niesforny, niegrzeczny Polonus, kt\u00f3ry si\u0119 czepia. Jednak w zgodzie z teori\u0105, \u017ce milczenie na temat z\u0142a jest przyzwoleniem i akceptacj\u0105 z\u0142ego b\u0119d\u0119 niegrzeczny, niesforny i nie dbam, czy mnie pokochaj\u0105, czy mnie znienawidz\u0105, bo chodzi nie o moje dobro, a dobro og\u00f3lne i chodzi o k\u0142amstwa, kombinacje i [&hellip;]<\/p>\n","protected":false},"author":2,"featured_media":0,"comment_status":"open","ping_status":"open","sticky":false,"template":"","format":"standard","meta":[],"categories":[3],"tags":[],"_links":{"self":[{"href":"https:\/\/sporek.com\/blog\/index.php?rest_route=\/wp\/v2\/posts\/548"}],"collection":[{"href":"https:\/\/sporek.com\/blog\/index.php?rest_route=\/wp\/v2\/posts"}],"about":[{"href":"https:\/\/sporek.com\/blog\/index.php?rest_route=\/wp\/v2\/types\/post"}],"author":[{"embeddable":true,"href":"https:\/\/sporek.com\/blog\/index.php?rest_route=\/wp\/v2\/users\/2"}],"replies":[{"embeddable":true,"href":"https:\/\/sporek.com\/blog\/index.php?rest_route=%2Fwp%2Fv2%2Fcomments&post=548"}],"version-history":[{"count":0,"href":"https:\/\/sporek.com\/blog\/index.php?rest_route=\/wp\/v2\/posts\/548\/revisions"}],"wp:attachment":[{"href":"https:\/\/sporek.com\/blog\/index.php?rest_route=%2Fwp%2Fv2%2Fmedia&parent=548"}],"wp:term":[{"taxonomy":"category","embeddable":true,"href":"https:\/\/sporek.com\/blog\/index.php?rest_route=%2Fwp%2Fv2%2Fcategories&post=548"},{"taxonomy":"post_tag","embeddable":true,"href":"https:\/\/sporek.com\/blog\/index.php?rest_route=%2Fwp%2Fv2%2Ftags&post=548"}],"curies":[{"name":"wp","href":"https:\/\/api.w.org\/{rel}","templated":true}]}}