{"id":55,"date":"2008-02-28T23:45:37","date_gmt":"2008-02-29T03:45:37","guid":{"rendered":"http:\/\/sporek.com\/blog\/?p=55"},"modified":"2015-04-14T11:43:55","modified_gmt":"2015-04-14T15:43:55","slug":"po-stu-dniachpo-studniach-rzadu-dt","status":"publish","type":"post","link":"https:\/\/sporek.com\/blog\/?p=55","title":{"rendered":"Po stu dniach&#8230;po studniach rz\u0105du DT"},"content":{"rendered":"<p>Najwi\u0119ksz\u0105 studni\u0105 w ci\u0105gu pierwszych stu dni rz\u0105d\u00f3w Donalda Tuska jest &#8211; poza brakiem jakiegokolwiek post\u0119pu, obiecanego cudu i Irlandii &#8211; wyczyn drugiego premiera, Waldemara Pawlaka &#8211; umorzenie przez niego kary pona 461 milion\u00f3w z\u0142otych (!!!) na\u0142o\u017conej przez Agencj\u0119 Rezerw Materialnych na J&amp;S Energie za brak wymaganych ustaw\u0105 rezerw paliwowych. Zaniedbanie ewidentne, ale <!--more-->pa\u0144stwowy urz\u0119dnik, w randze wice-premiera jednym swoim podpisem nara\u017ca skarb pa\u0144stwa na strat\u0119 w wysoko\u015bci oko\u0142o p\u00f3\u0142 miliarda z\u0142otych. Fakt ten mia\u0142 miejsce 14 grudnia, 2007, a wi\u0119c niespe\u0142na miesi\u0105c po awansowaniu tego &#8222;polityka&#8221;, po raz drugi ju\u017c w jego niezbyt d\u0142ugim \u017cyciu, na tak wysokie stanowisko. O ile po przewrocie z 4 czerwca, 1992 (Nocna zmiana), by\u0142 on, jako I-y Minister\u00a0pos\u0142uszn\u0105 Wa\u0142\u0119sie marionetk\u0105 i kompletnie nic nie zdzia\u0142a\u0142, o tyle teraz, jako II-gi, zdoby\u0142 si\u0119 natychmiast na wysok\u0105 samodzielno\u015b<span style=\"font-family: Arial; font-size: 11pt\" lang=\"PL\">\u0107 i jako wice-premier odpowiadaj\u0105cy za gospodark\u0119, umorzy\u0142 swoim autografem kar\u0119&#8230;za zaniedbanie gospodarcze.<\/span><\/p>\n<p><span style=\"font-family: Arial; font-size: 11pt\" lang=\"PL\">Nie s\u0142ysza\u0142em, aby Donald Tusk wyci\u0105gn\u0105\u0142 z tego jakie\u015b konsekwencje, cho<span style=\"font-family: Arial; font-size: 11pt\" lang=\"PL\">\u0107 eksperci d\/s prawa administracyjnego publicznie oznajmili, \u017ce decyzja Pawlaka zawiera tak znamienne b\u0142\u0119dy, \u017ce istnieje ogromne prawdopodobie\u0144stwo uniewa\u017cnienia jej, o ile nast\u0105pi jakiekolwiek dochodzenie wyjasniaj\u0105ce. Janusz Wojciechowski, by\u0142y prezes NIK-u z\u0142o\u017cy\u0142 do tej\u017ce instytucji wniosek o dochodzenie w tej sprawie, Jakie b\u0119d\u0105 tego rezultaty, poka\u017ce przysz\u0142o\u015b<span style=\"font-family: Arial; font-size: 11pt\" lang=\"PL\">\u0107. To, co przera\u017ca, to niekompetencja i kompletny brak przygotowania tego rz\u0105du do przewodzenia narodowi. W Polsce nie istnieje co\u015b takiego, jak odpowiedzialno\u015b<span style=\"font-family: Arial; font-size: 11pt\" lang=\"PL\">\u0107 indywidualna za kiepskie decyzje polityczne, czy gospodarcze przedstawicieli rz\u0105du. Co chwil\u0119 s\u0142yszymy, \u017ce jaki\u015b tam prezes, jakiej\u015b tam sp\u00f3\u0142\u0142ki zosta\u0142 oddany do dyspozycji prokuratora za zaniedbania, na skutek kt\u00f3rych owa sp\u00f3\u0142ka zosta\u0142a nara\u017cona na straty. W przypadku kacyk\u00f3w z rz\u0105du takie co\u015b nie istnieje, oni s\u0105 poza odpowiedzialno\u015bci\u0105 indywidualn\u0105. Pieprzu tej sprawie dodaje fakt, \u017ce w sp\u00f3\u0142ce J&amp;S Energie Zdzis\u0142aw Zamrzycki (ojciec prezesa sp\u00f3\u0142ki) \u00a0i Jozef Pawlak &#8211; (nie wiadomo czy krewny premiera), ale obydwaj niegdy\u015b z ZLS, dzi\u015b z PSL. <\/span><\/span><\/span><\/span><\/p>\n<p><span style=\"font-family: Arial; font-size: 11pt\" lang=\"PL\"><span style=\"font-family: Arial; font-size: 11pt\" lang=\"PL\"><span style=\"font-family: Arial; font-size: 11pt\" lang=\"PL\"><span style=\"font-family: Arial; font-size: 11pt\" lang=\"PL\">A Donald Tusk i sp-ka zorganizowali uroczyst\u0105 akademi\u0119 ku czci bezowocnych stu dni (i owocnych studni) zachwalaj\u0105c, \u017ce by\u0142y to bardzo dobre 100 dni i nawet do g\u0142owy mu nie przysz\u0142o wyja\u015bni<span style=\"font-family: Arial; font-size: 11pt\" lang=\"PL\">\u0107 wyborcom, \u017ce &#8222;cud\u00f3w nie ma i nie b\u0119dzie&#8221;, i \u017ce Irlandia pozostanie nadal samotna, bez bli\u017aniaczki, co to si\u0119 w Polsce mia\u0142a urodzi<span style=\"font-family: Arial; font-size: 11pt\" lang=\"PL\">\u0107.<\/span><\/span><\/span><\/span><\/span><\/span><\/p>\n<p><span style=\"font-family: Arial; font-size: 11pt\" lang=\"PL\"><span style=\"font-family: Arial; font-size: 11pt\" lang=\"PL\"><span style=\"font-family: Arial; font-size: 11pt\" lang=\"PL\"><span style=\"font-family: Arial; font-size: 11pt\" lang=\"PL\"><span style=\"font-family: Arial; font-size: 11pt\" lang=\"PL\"><span style=\"font-family: Arial; font-size: 11pt\" lang=\"PL\">Osobi\u015bcie czekam na cud, kt\u00f3ry w przedwyborczych, ludowych porzekad\u0142ach brzmia\u0142: <strong>T<\/strong>eraz <strong>U<\/strong>derz\u0105 <strong>S<\/strong>tare <strong>K<\/strong>omuchy, za\u015b skandal z p\u00f3\u0142 miliardem z\u0142otych, umorzonych ciep\u0142\u0105 r\u0105czk\u0105 pana V-ce i milczenie na ten temat\u00a0pana I-ego\u00a0polecam tym wszystkim, kt\u00f3rzy gnali do urn, aby tylko nie wygra\u0142 PiS. <\/span><\/span><\/span><\/span><\/span><\/span><\/p>\n<p><span style=\"font-family: Arial; font-size: 11pt\" lang=\"PL\"><span style=\"font-family: Arial; font-size: 11pt\" lang=\"PL\"><span style=\"font-family: Arial; font-size: 11pt\" lang=\"PL\"><span style=\"font-family: Arial; font-size: 11pt\" lang=\"PL\"><span style=\"font-family: Arial; font-size: 11pt\" lang=\"PL\"><span style=\"font-family: Arial; font-size: 11pt\" lang=\"PL\"><\/span><\/span><\/span><\/span><\/span><\/span><\/p>\n","protected":false},"excerpt":{"rendered":"<p>Najwi\u0119ksz\u0105 studni\u0105 w ci\u0105gu pierwszych stu dni rz\u0105d\u00f3w Donalda Tuska jest &#8211; poza brakiem jakiegokolwiek post\u0119pu, obiecanego cudu i Irlandii &#8211; wyczyn drugiego premiera, Waldemara Pawlaka &#8211; umorzenie przez niego kary pona 461 milion\u00f3w z\u0142otych (!!!) na\u0142o\u017conej przez Agencj\u0119 Rezerw Materialnych na J&amp;S Energie za brak wymaganych ustaw\u0105 rezerw paliwowych. Zaniedbanie ewidentne, ale<\/p>\n","protected":false},"author":2,"featured_media":0,"comment_status":"open","ping_status":"open","sticky":false,"template":"","format":"standard","meta":[],"categories":[4],"tags":[],"_links":{"self":[{"href":"https:\/\/sporek.com\/blog\/index.php?rest_route=\/wp\/v2\/posts\/55"}],"collection":[{"href":"https:\/\/sporek.com\/blog\/index.php?rest_route=\/wp\/v2\/posts"}],"about":[{"href":"https:\/\/sporek.com\/blog\/index.php?rest_route=\/wp\/v2\/types\/post"}],"author":[{"embeddable":true,"href":"https:\/\/sporek.com\/blog\/index.php?rest_route=\/wp\/v2\/users\/2"}],"replies":[{"embeddable":true,"href":"https:\/\/sporek.com\/blog\/index.php?rest_route=%2Fwp%2Fv2%2Fcomments&post=55"}],"version-history":[{"count":0,"href":"https:\/\/sporek.com\/blog\/index.php?rest_route=\/wp\/v2\/posts\/55\/revisions"}],"wp:attachment":[{"href":"https:\/\/sporek.com\/blog\/index.php?rest_route=%2Fwp%2Fv2%2Fmedia&parent=55"}],"wp:term":[{"taxonomy":"category","embeddable":true,"href":"https:\/\/sporek.com\/blog\/index.php?rest_route=%2Fwp%2Fv2%2Fcategories&post=55"},{"taxonomy":"post_tag","embeddable":true,"href":"https:\/\/sporek.com\/blog\/index.php?rest_route=%2Fwp%2Fv2%2Ftags&post=55"}],"curies":[{"name":"wp","href":"https:\/\/api.w.org\/{rel}","templated":true}]}}