{"id":552,"date":"2017-04-30T12:41:27","date_gmt":"2017-04-30T16:41:27","guid":{"rendered":"http:\/\/sporek.com\/blog\/?p=552"},"modified":"2017-04-30T12:55:28","modified_gmt":"2017-04-30T16:55:28","slug":"west-point","status":"publish","type":"post","link":"https:\/\/sporek.com\/blog\/?p=552","title":{"rendered":"West Point"},"content":{"rendered":"<p>&#8222;Patrz Ko\u015bciuszko na nas z nieba&#8230;&#8221;, to pierwsze s\u0142owa Poloneza Ko\u015bciuszki, pie\u015bni, kt\u00f3ra wesz\u0142a do repertuaru ch\u00f3r\u00f3w polonijnych przy okazji i dla jeszcze wi\u0119kszego uczczenia obchod\u00f3w\u00a0Dwusetnej\u00a0Rocznicy \u015amierci wielkiego genera\u0142a-in\u017cyniera. Mi\u0142o by\u0142o rozmawia\u0107 z kadetami USMA &#8211; United States Military Academy,\u00a0 <!--more-->w West Point i s\u0142ysze\u0107, jak wielkim szacunkiem darz\u0105 polskiego genera\u0142a, jak podkre\u015blaj\u0105, \u017ce to on wymy\u015bli\u0142 t\u0119 Akademi\u0119 Wojskow\u0105, \u017ce to on projektowa\u0142 fortyfikacje na rzek\u0105 Hudson i, \u017ce wielu z nich salutuje mijaj\u0105c jego pomnik. Stoi nasz Tadeusz dumnie i kontroluje, czy od strony tej wielkiej, wspania\u0142ej rzeki nie nadchodzi niebezpiecze\u0144stwo. Co roku, w kwietrniu\u00a0obchodzone s\u0105 w West Point uroczysto\u015bci zwi\u0105zane z pami\u0119ci\u0105 o Ko\u015bciuszce i wydawa\u0142o mi si\u0119, \u017ce w tym, roku, kt\u00f3ry przez UNESCO og\u0142oszony jest Rokiem Ko\u015bciuszki, Westpoint b\u0119dzie za ma\u0142e na przyj\u0119cie polonijnych t\u0142um\u00f3w, \u017ce ko\u015bci\u00f3l nie pomie\u015bci wiernych, \u017ce wszystko b\u0119dzie si\u0119 ci\u0105gn\u0119\u0142o do p\u00f3\u017anego wieczora, bo oficjalnych przem\u00f3wie\u0144 b\u0119dzie tyle, \u017ce czasu za dnia braknie. I co? I nic, w ko\u015bciele, na Mszy \u015awi\u0119tej prawie pusto, na \u015bcie\u017ckach i uliczkach luz, na stadionie, gdzie odbywa\u0142a si\u0119 paradna delfilada kadeckich regiment\u00f3w miejsca na trybunach wi\u0119cej, ni\u017c publiczno\u015bci, pod pomnikiem wielkiego Genera\u0142a dwa kr\u00f3tko-w\u0119z\u0142owate przem\u00f3wienia Ambasadora Polski przy ONZ, pana Bogus\u0142awa Winida oraz pani ambasador Litwy, r\u00f3wnie\u017c przy ONZ, potem r\u00f3wnie kr\u00f3tko przem\u00f3wi\u0142 prof. Bajdek, ch\u00f3ry od\u015bpiewa\u0142y hymn polski i ameryka\u0144ski, \u015bliczniutka Kristina Malinauskaite od\u015bpiewa\u0142a r\u00f3wnie \u015blicznie hymn litewski, z\u0142o\u017cono trzy wi\u0105zanki kwiat\u00f3w, w tym Richard Brzozowski z\u0142o\u017cy\u0142 w imieniu KPA, Long Island, z\u0142o\u017cy\u0142a organizacja z New Jersey i organizacja z Westchester,\u00a0 z tamtejsz\u0105 Miss Polonia i oczywi\u015bcie nowojorscy, polonijni Harcerze, kt\u00f3rzy nigdy nie zawodz\u0105 i przyje\u017cd\u017caj\u0105 pod wodz\u0105 Marii Bielskiej i Gra\u017cyny Mo\u015bcickiej, by\u0142y sztandary\u00a0i du\u017ca delagacja Ligi\u00a0Morskiej w Brooklynu\u00a0i wreszcie, cho\u0107 w niewielkiej liczbie, to przyby\u0142a Polonia, ta Polonia zwyk\u0142ych, niefunkcyjnych patriot\u00f3w, z dzie\u0107mi, kochaj\u0105ca tradycj\u0119, warto\u015bci polskie, warto\u015bci historyczne i chc\u0105ca przekazywa\u0107 to swoich dzieciom, &#8211; co\u015b wspania\u0142ego! I koniec uroczysto\u015bci. By\u0142o wznio\u015ble, by\u0142o patriotycznie, by\u0142o wzruszaj\u0105co, zw\u0142aszcza, gdy s\u0142ysza\u0142o si\u0119 histori\u0119 Ko\u015bciuszki i histori\u0119 tego zacnego miejsca z ust adept\u00f3w sztuki wojskowej.<br \/>\nPolonijne ch\u00f3ry za\u015bpiewa\u0142y podczas Mszy \u015aw. i pod pomnikiem, ale \u015bpiewacy zjechali z Filadelfii, New Britain, New Jersey, Brooklynu, Queensu. Czego nie by\u0142o? Ot\u00f3\u017c nie by\u0142o:<br \/>\nPolonii,<br \/>\nKongresu Polonii Ameryka\u0144skiej z N. Jorku (nie wspominam o Chicago, bo stamt\u0105d, to, co najwy\u017cej na jaki\u015b bal by przyjechali, chocia\u017c prezes Spula pewnie by i na to si\u0119 nie zdoby\u0142. Konsekwentnie, ze swoimi \u017co\u0142nierzykami sprowadza KPA do najni\u017cszych do\u0142\u00f3w. Tyle tylko, \u017ce nikt nie wie w jakim celu&#8230;?),<br \/>\nKonsulatu Generalnego RP, w N. Jorku,<br \/>\nFundacji Ko\u015bciuszkowskiej (najwi\u0119ksze zdziwienie, bo ani kwiat\u00f3w, ani s\u0142owa przem\u00f3wienia&#8230;?)<br \/>\nPolsko-S\u0142owia\u0144skiej Federalnej Unii Kredytowej,<br \/>\nCentrum Polsko-S\u0142owia\u0144skiego,<br \/>\nCentrali Polskich Szk\u00f3\u0142 Dokszta\u0142caj\u0105cych,<br \/>\nPulaski Association of Business and Professional Men,<br \/>\nPolish-American Business Club,<br \/>\nPolonia Technica,<br \/>\nNowo powstaj\u0105cego cia\u0142a &#8222;kontra KPA&#8221; &#8211; nie wiem, jak si\u0119 w ko\u0144cu cia\u0142o nazywa, ale &#8222;cia\u0142o&#8221; mia\u0142o jakie\u015b incjacyjne spotkanie w Cz\u0119stochowie Ameryka\u0144skiej,<br \/>\nKlub\u00f3w Gazety Polskiej,<br \/>\nSolidarnych 2010 (ich w\u00f3dz, ju\u017c teraz redaktor, zosta\u0142, podobno z nadania &#8222;korespondentem PAPu&#8221;. &#8211; Trzymajcie mnie, ludzie)<br \/>\nNowego Dziennika,<br \/>\nPolskiej Gazety,<br \/>\nSuper Expressu,<br \/>\nRadia Rampa,<br \/>\nI ca\u0142ej, reszty, tysi\u0105ca polonijnych organizacji, kt\u00f3rym, jak ju\u017c kiedy\u015b pisa\u0142em, najlepiej wychodz\u0105 bale i wzajemne klepanie si\u0119 po plecach i tych wszystkich, szumnych &#8222;fundacji&#8221;. Bida z n\u0119dz\u0105, jak m\u00f3wi\u0105 g\u00f3rale. T\u0142umnie i szumnie przybyli na most Ko\u015bciuszki, ale teraz ju\u017c wiem, dlaczego? &#8211; Przecie\u017c tam by\u0142 gubernator i tam byli przedstawiciele w\u0142adz ameryka\u0144skich. Trzeba si\u0119 by\u0142o pokaza\u0107, a West Point? Ko\u015bciuszko i tak z tego pomnika nie zauwa\u017cy, czy by\u0142o nas mniej, czy wi\u0119cej, w ko\u0144cu patrzy na rzek\u0119. Oby\u015bcie si\u0119 nie zdziwili, prezesi, dyrektorzy, r\u00f3\u017cnej ma\u015bci doktory nierehabilitowane.<br \/>\nMamy pretensje, \u017ce Amerykanie nie wiedz\u0105, kto to by\u0142 Ko\u015bciuszko, kto to by\u0142 Pu\u0142aski. W taki dzie\u0144, jak wczoraj, w takim roku, jakim jest ten rok powinno si\u0119 do West Point sprowadzi\u0107 Prezydenta Stan\u00f3w Zjednoczonych i jakiego\u015b genera\u0142a, powinien by\u0107 tam zorganizowany wielki, polonijny piknik, powinien by\u0107 przedstawiciel polskiego rz\u0105du i kancelarii Prezydenta.<br \/>\nPatrz, Ko\u015bciuszko na nas z nieba&#8230;<\/p>\n","protected":false},"excerpt":{"rendered":"<p>&#8222;Patrz Ko\u015bciuszko na nas z nieba&#8230;&#8221;, to pierwsze s\u0142owa Poloneza Ko\u015bciuszki, pie\u015bni, kt\u00f3ra wesz\u0142a do repertuaru ch\u00f3r\u00f3w polonijnych przy okazji i dla jeszcze wi\u0119kszego uczczenia obchod\u00f3w\u00a0Dwusetnej\u00a0Rocznicy \u015amierci wielkiego genera\u0142a-in\u017cyniera. Mi\u0142o by\u0142o rozmawia\u0107 z kadetami USMA &#8211; United States Military Academy,\u00a0<\/p>\n","protected":false},"author":2,"featured_media":0,"comment_status":"open","ping_status":"open","sticky":false,"template":"","format":"standard","meta":[],"categories":[3],"tags":[],"_links":{"self":[{"href":"https:\/\/sporek.com\/blog\/index.php?rest_route=\/wp\/v2\/posts\/552"}],"collection":[{"href":"https:\/\/sporek.com\/blog\/index.php?rest_route=\/wp\/v2\/posts"}],"about":[{"href":"https:\/\/sporek.com\/blog\/index.php?rest_route=\/wp\/v2\/types\/post"}],"author":[{"embeddable":true,"href":"https:\/\/sporek.com\/blog\/index.php?rest_route=\/wp\/v2\/users\/2"}],"replies":[{"embeddable":true,"href":"https:\/\/sporek.com\/blog\/index.php?rest_route=%2Fwp%2Fv2%2Fcomments&post=552"}],"version-history":[{"count":0,"href":"https:\/\/sporek.com\/blog\/index.php?rest_route=\/wp\/v2\/posts\/552\/revisions"}],"wp:attachment":[{"href":"https:\/\/sporek.com\/blog\/index.php?rest_route=%2Fwp%2Fv2%2Fmedia&parent=552"}],"wp:term":[{"taxonomy":"category","embeddable":true,"href":"https:\/\/sporek.com\/blog\/index.php?rest_route=%2Fwp%2Fv2%2Fcategories&post=552"},{"taxonomy":"post_tag","embeddable":true,"href":"https:\/\/sporek.com\/blog\/index.php?rest_route=%2Fwp%2Fv2%2Ftags&post=552"}],"curies":[{"name":"wp","href":"https:\/\/api.w.org\/{rel}","templated":true}]}}