{"id":553,"date":"2017-07-04T20:56:33","date_gmt":"2017-07-05T00:56:33","guid":{"rendered":"http:\/\/sporek.com\/blog\/?p=553"},"modified":"2017-07-04T21:12:40","modified_gmt":"2017-07-05T01:12:40","slug":"co-z-tym-trumpem","status":"publish","type":"post","link":"https:\/\/sporek.com\/blog\/?p=553","title":{"rendered":"Co z tym Trumpem?"},"content":{"rendered":"<p><strong style=\"font-weight: normal\"><\/p>\n<p id=\"docs-internal-guid-08ff9b59-103e-4d47-9212-e8d25510aab4\" style=\"line-height: 1.38; margin-top: 0pt; margin-bottom: 0pt\" dir=\"ltr\"><span style=\"color: #000000; font-family: Verdana; font-size: 10pt; font-style: normal; font-variant: normal; font-weight: 400; text-decoration: none; vertical-align: baseline; background-color: transparent\">A, no, &#8211; dzieje si\u0119. Ucich\u0142y protesty, krytyka maleje, ujadanie przedwyborczych wrog\u00f3w obecnego prezydenta stopniowo przycich\u0142o. To tutaj. A czemu w Polsce Donald Trump ma tylu przeciwnik\u00f3w, tego zrozumie\u0107 nie podobna. <!--more-->Albo s\u0105 to ludzie, kt\u00f3rzy swoje teorie motywuj\u0105 w swoich m\u00f3zgach wy\u0142\u0105cznie nienawi\u015bci\u0105 do obecnej ekipy rz\u0105dz\u0105cej, czytaj, PiSu, albo nie maj\u0105 najmniejszego poj\u0119cia o tym, co dzieje si\u0119 na \u015bwiecie, czym s\u0105 Stany Zjednoczone, co oznacza fakt, \u017ce przyw\u00f3dca najpot\u0119\u017cniejszego kraju na \u015bwiecie rozpoczyna kontakt z Europ\u0105 nie od Niemiec, Francji, Belgii, Holandii, a w\u0142a\u015bnie od Polski. Jak wielkie znaczenie ma fakt, \u017ce pierwsze przem\u00f3wienie na kontynencie europejskim Prezydent USA wyg\u0142osi w Polsce, tej \u201cg\u00f3wnianej, g\u0142upiej Polski\u201d. (cytuj\u0119 Andrzeja Celi\u0144skiego, kt\u00f3ry a\u017c si\u0119 zaplu\u0142 z w\u015bciek\u0142o\u015bci, \u017ce rz\u0105dzi PiS, a nie komuchy). Kiedy\u015b podziwia\u0142em tego faceta, dzi\u015b jest dla mnie przyk\u0142adem, jak z wykszta\u0142conego, inteligentnego cz\u0142owieka, mo\u017cna zmieni\u0107 si\u0119 w prymitywnego chama. Bo trzeba by\u0107 wyj\u0105tkowo prymitywnym, \u017ceby kpi\u0107 z rodzin otrzymuj\u0105cych 500+ i wyj\u0105tkowym chamem, \u017ceby ten program i jego beneficjent\u00f3w nazywa\u0107 g\u00f3wnem. Celi\u0144ski jest dla mnie kompletnym zerem. Nie rozumiem, dlaczego ludzie tak na wyrost wygaduj\u0105 niesamowicie g\u0142upie rzeczy, a potem nagle nabieraj\u0105 wody w usta i siedz\u0105 cicho?<\/span><\/p>\n<p><\/strong><strong style=\"font-weight: normal\"><\/p>\n<p style=\"line-height: 1.38; margin-top: 0pt; margin-bottom: 0pt\" dir=\"ltr\"><span style=\"color: #000000; font-family: Verdana; font-size: 10pt; font-style: normal; font-variant: normal; font-weight: 400; text-decoration: none; vertical-align: baseline; background-color: transparent\">Wszyscy ci, tak strasznie krytykuj\u0105cy i wy\u015bmiewaj\u0105cy PiS, krytykuj\u0105cy i wy\u015bmiewaj\u0105cy Donalda Trumpa, sp\u00f3jrzcie, jak jest teraz w USA? Dlaczego nikt z tych wielkich gwiazdor\u00f3w nie wyjecha\u0142? Mieli opu\u015bci\u0107 Ameryk\u0119 natychmiast, je\u015bli tylko Trump wygra wybory.<\/span><\/p>\n<p style=\"line-height: 1.38; margin-top: 0pt; margin-bottom: 0pt\" dir=\"ltr\"><span style=\"color: #000000; font-family: Verdana; font-size: 10pt; font-style: normal; font-variant: normal; font-weight: 400; text-decoration: none; vertical-align: baseline; background-color: transparent\">Wygra\u0142, a oni co? Siedz\u0105 cicho, jak myszy pod miot\u0142\u0105; Madonna nie odlecia\u0142a na miotle. Mo\u017ce miot\u0142a nawali\u0142a\u2026? De Niro nadal w Nowym Jorku, a nie we W\u0142oszech. Nie b\u0119d\u0119 rozwija\u0142 tej litanii wielkich nazwisk. Chcia\u0142bym si\u0119 jednak, kiedy\u015b dowiedzie\u0107 jednej, jedynej rzeczy od, chocia\u017cby \u00a0tych dwojga wymienionych: o co im tak naprawd\u0119 chodzi\u0142o? Jaki mieli argument, aby ten cz\u0142owiek nie wygra\u0142? Prezydent Trump przylatuje do Polski za dwa dni. Dzisiaj \u015bwi\u0119tujemy tu Dzie\u0144 Niepodleg\u0142o\u015bci. Donald Trump chyba najbardziej ze wsp\u00f3\u0142czesnych prezydent\u00f3w, po Ronaldzie Reaganie pokazuje, jak ten kraj jest niepodleg\u0142y, jak beznadziejn\u0105 jest polityczna poprawno\u015b\u0107, &#8211; wymys\u0142 europejskich kacyk\u00f3w, kt\u00f3rzy t\u0119 \u00a0Europ\u0119 prowadz\u0105 prosto nad skraj przepa\u015bci. Przestrzega i swoimi decyzjami, gestami nawet wyznacza zupe\u0142nie nowe trendy. I mo\u017ce si\u0119 sta\u0107 tak, \u017ce b\u0119dziemy go stawia\u0107 tu\u017c obok Ronalda Reagana, ale na pewno nie obok Obamy, czy Clintona. I, na pewno nie obok G. W. Busha, &#8211; nie uwa\u017cam, \u017ce by\u0142 to dobry dla Stan\u00f3w prezydent. <\/span><\/p>\n<p style=\"line-height: 1.38; margin-top: 0pt; margin-bottom: 0pt\" dir=\"ltr\"><span style=\"color: #000000; font-family: Verdana; font-size: 10pt; font-style: normal; font-variant: normal; font-weight: 400; text-decoration: none; vertical-align: baseline; background-color: transparent\">Kiedy s\u0142ysz\u0119 ugrzecznione przemowy Tuska, w kt\u00f3rych pr\u00f3buje on przypodoba\u0107 si\u0119 swoim \u201czwierzchnikom\u201d w Europie, &#8211; robi mi si\u0119 niedobrze. Po pierwsze, jakich on ma zwierzchnik\u00f3w? Tylko tych urojonych, kt\u00f3rych sam sobie wykreowa\u0142. Zapomnia\u0142, \u017ce zosta\u0142 wybrany. Dlaczego nie wykorzysta\u0142 przez ponad dwa lata swojej funkcji do zrobienia w Europie porz\u0105dku. Jakie korzy\u015bci z jego funkcji ma Polska, Polacy? \u017badnych, zero. C\u00f3\u017c si\u0119 jednak dziwi\u0107, &#8211; wielu z Pa\u0144stwa na pewno widzia\u0142o ten \u017cenuj\u0105cy obrazek, kiedy Timmermans, Donald Trump i Donald Tusk wchodzili do sali w parlamencie europejskim i w drzwiach Trump za\u017cartowa\u0142, \u017ce s\u0142ysza\u0142, jakoby Unia Europejska mia\u0142a dw\u00f3ch szef\u00f3w. Na co Timmermans odpowiedzia\u0142: Tak, o jednego za du\u017co, &#8211; i z bezczelnym u\u015bmiechem wskaza\u0142 lekcewa\u017c\u0105cym gestem naszego, by\u0142ego premiera. Mam do Tuska bardzo negatywne uczucia, ale zrobi\u0142o mi si\u0119 go \u017cal; popychad\u0142o, przynie\u015b, wynie\u015b, pozamiataj? Kim on tak naprawd\u0119 jest w tej europejskiej wierchuszce? Niestety, nikim wa\u017cnym. To tylko Platforma afiszuje si\u0119 jego pozycj\u0105, ale z tej pozycji nic nie wynika. Oczywi\u015bcie opr\u00f3cz jego, Tuska, horrendalnych apana\u017cy. Ale ten cz\u0142owiek ju\u017c wie, \u017ce w Polsce nie b\u0119dzie mu \u0142atwo. Niezwykle znamienne jest, \u017ce wiedz\u0105c, od kwietnia o planowanym przes\u0142uchaniu w sprawie katastrofy smole\u0144skiej, teraz, prawie w ostatniej chwili informuje komisj\u0119, \u017ce ma \u201ceuropejskie obowi\u0105zki\u201d. <\/span><\/p>\n<p style=\"line-height: 1.38; margin-top: 0pt; margin-bottom: 0pt\" dir=\"ltr\"><span style=\"color: #000000; font-family: Verdana; font-size: 10pt; font-style: normal; font-variant: normal; font-weight: 400; text-decoration: none; vertical-align: baseline; background-color: transparent\">Panie Tusk, b\u0119dzie pan jednak musia\u0142 kiedy\u015b odpowiedzie\u0107: <\/span><\/p>\n<p style=\"line-height: 1.38; margin-top: 0pt; margin-bottom: 0pt\" dir=\"ltr\"><span style=\"color: #000000; font-family: Verdana; font-size: 10pt; font-style: normal; font-variant: normal; font-weight: 400; text-decoration: none; vertical-align: baseline; background-color: transparent\">-dlaczego nie ostrzeg\u0142 pan Polak\u00f3w, przed Amber Gold?<\/span><\/p>\n<p style=\"line-height: 1.38; margin-top: 0pt; margin-bottom: 0pt\" dir=\"ltr\"><span style=\"color: #000000; font-family: Verdana; font-size: 10pt; font-style: normal; font-variant: normal; font-weight: 400; text-decoration: none; vertical-align: baseline; background-color: transparent\">-dlaczego odda\u0142 pan \u015bledztwo smole\u0144skie Putinowi?<\/span><\/p>\n<p style=\"line-height: 1.38; margin-top: 0pt; margin-bottom: 0pt\" dir=\"ltr\"><span style=\"color: #000000; font-family: Verdana; font-size: 10pt; font-style: normal; font-variant: normal; font-weight: 400; text-decoration: none; vertical-align: baseline; background-color: transparent\">-dlaczego dopu\u015bci\u0142 pan do rozkradania maj\u0105tku narodowego?<\/span><\/p>\n<p style=\"line-height: 1.38; margin-top: 0pt; margin-bottom: 0pt\" dir=\"ltr\"><span style=\"color: #000000; font-family: Verdana; font-size: 10pt; font-style: normal; font-variant: normal; font-weight: 400; text-decoration: none; vertical-align: baseline; background-color: transparent\">-dlaczego pozwoli\u0142 pan wyprzeda\u0107 polskie firmy?<\/span><\/p>\n<p style=\"line-height: 1.38; margin-top: 0pt; margin-bottom: 0pt\" dir=\"ltr\"><span style=\"color: #000000; font-family: Verdana; font-size: 10pt; font-style: normal; font-variant: normal; font-weight: 400; text-decoration: none; vertical-align: baseline; background-color: transparent\">-dlaczego chcia\u0142 pan zlikwidowa\u0107 LOT?<\/span><\/p>\n<p style=\"line-height: 1.38; margin-top: 0pt; margin-bottom: 0pt\" dir=\"ltr\"><span style=\"color: #000000; font-family: Verdana; font-size: 10pt; font-style: normal; font-variant: normal; font-weight: 400; text-decoration: none; vertical-align: baseline; background-color: transparent\">-dlaczego tak potwornie gardzi\u0142 pan Polsk\u0105, Polakami, histori\u0105, tradycj\u0105, patriotyzmem?<\/span><\/p>\n<p style=\"line-height: 1.38; margin-top: 0pt; margin-bottom: 0pt\" dir=\"ltr\"><span style=\"color: #000000; font-family: Verdana; font-size: 10pt; font-style: normal; font-variant: normal; font-weight: 400; text-decoration: none; vertical-align: baseline; background-color: transparent\">I sto innych pyta\u0144, kt\u00f3re zako\u0144cz\u0105 pana karier\u0119.<\/span><\/p>\n<p style=\"line-height: 1.38; margin-top: 0pt; margin-bottom: 0pt\" dir=\"ltr\"><span style=\"color: #000000; font-family: Verdana; font-size: 10pt; font-style: normal; font-variant: normal; font-weight: 400; text-decoration: none; vertical-align: baseline; background-color: transparent\">Amerykanie lubi\u0105 powtarza\u0107: \u201cWhat goes around, comes around\u201d, czyli \u201cco przychodzi, to odchodzi\u201d, albo: \u201cJakie ziarno, takie plony\u201d.<\/span><\/p>\n<p style=\"line-height: 1.38; margin-top: 0pt; margin-bottom: 0pt\" dir=\"ltr\"><span style=\"color: #000000; font-family: Verdana; font-size: 10pt; font-style: normal; font-variant: normal; font-weight: 400; text-decoration: none; vertical-align: baseline; background-color: transparent\">Przez prawie osiem lat nawija\u0142 pan paj\u0119czyn\u0119 przest\u0119pstw, zaniedba\u0144 w stosunku do w\u0142asnego kraju, jego obywateli, przysz\u0142o\u015bci, tera\u017aniejszo\u015bci i zbli\u017ca si\u0119 czas, kiedy wpadnie pan w sam \u015brodek tej paj\u0119czyny &#8211; czego \u017cycz\u0119 panu z ca\u0142ego serca. <\/span><\/p>\n<p style=\"line-height: 1.38; margin-top: 0pt; margin-bottom: 0pt\" dir=\"ltr\">&nbsp;<\/p>\n<p style=\"line-height: 1.38; margin-top: 0pt; margin-bottom: 0pt\" dir=\"ltr\">&nbsp;<\/p>\n<p style=\"line-height: 1.38; margin-top: 0pt; margin-bottom: 0pt\" dir=\"ltr\">&nbsp;<\/p>\n<p><\/strong><\/p>\n","protected":false},"excerpt":{"rendered":"<p>A, no, &#8211; dzieje si\u0119. Ucich\u0142y protesty, krytyka maleje, ujadanie przedwyborczych wrog\u00f3w obecnego prezydenta stopniowo przycich\u0142o. To tutaj. A czemu w Polsce Donald Trump ma tylu przeciwnik\u00f3w, tego zrozumie\u0107 nie podobna.<\/p>\n","protected":false},"author":2,"featured_media":0,"comment_status":"open","ping_status":"open","sticky":false,"template":"","format":"standard","meta":[],"categories":[4],"tags":[],"_links":{"self":[{"href":"https:\/\/sporek.com\/blog\/index.php?rest_route=\/wp\/v2\/posts\/553"}],"collection":[{"href":"https:\/\/sporek.com\/blog\/index.php?rest_route=\/wp\/v2\/posts"}],"about":[{"href":"https:\/\/sporek.com\/blog\/index.php?rest_route=\/wp\/v2\/types\/post"}],"author":[{"embeddable":true,"href":"https:\/\/sporek.com\/blog\/index.php?rest_route=\/wp\/v2\/users\/2"}],"replies":[{"embeddable":true,"href":"https:\/\/sporek.com\/blog\/index.php?rest_route=%2Fwp%2Fv2%2Fcomments&post=553"}],"version-history":[{"count":0,"href":"https:\/\/sporek.com\/blog\/index.php?rest_route=\/wp\/v2\/posts\/553\/revisions"}],"wp:attachment":[{"href":"https:\/\/sporek.com\/blog\/index.php?rest_route=%2Fwp%2Fv2%2Fmedia&parent=553"}],"wp:term":[{"taxonomy":"category","embeddable":true,"href":"https:\/\/sporek.com\/blog\/index.php?rest_route=%2Fwp%2Fv2%2Fcategories&post=553"},{"taxonomy":"post_tag","embeddable":true,"href":"https:\/\/sporek.com\/blog\/index.php?rest_route=%2Fwp%2Fv2%2Ftags&post=553"}],"curies":[{"name":"wp","href":"https:\/\/api.w.org\/{rel}","templated":true}]}}